{"id":691,"date":"2026-01-04T08:00:56","date_gmt":"2026-01-04T08:00:56","guid":{"rendered":"http:\/\/xn--kruterwandern-cfb.at\/?p=691"},"modified":"2026-03-17T06:09:27","modified_gmt":"2026-03-17T06:09:27","slug":"termine-2018","status":"publish","type":"post","link":"http:\/\/xn--kruterwandern-cfb.at\/?p=691","title":{"rendered":"Termine 2026"},"content":{"rendered":"<p style=\"text-align: center;\"><span style=\"font-size: medium;\"><i><b>I<\/b><\/i><\/span><\/p>\n<p align=\"center\"><span style=\"font-size: medium;\"><i><b>Ich hoffe ihr seid gut ins Jahr 2026 gerutscht!<\/b><\/i><\/span><\/p>\n<p align=\"center\"><span style=\"font-size: medium;\"><i><b>Voll Freude und Erwartung schaue ich nun ins neue Kr\u00e4uterjahr und freue mich aufs gemeinsame \u201eKr\u00e4utern\u201c mit euch.<\/b><\/i><\/span><\/p>\n<p>&nbsp;<\/p>\n<p><span style=\"color: #00b050;\"><span style=\"font-family: Arial, sans-serif;\"><span style=\"font-size: x-large;\">Termine 202<\/span><\/span><\/span><span style=\"color: #00b050;\"><span style=\"font-family: Arial, sans-serif;\"><span style=\"font-size: x-large;\">6<\/span><\/span><\/span><\/p>\n<p><span style=\"font-family: Arial, sans-serif;\">Kulinarische<\/span> Kr\u00e4uterwanderungen am Fu\u00dfe des Ulrichsberges. Erfahren Sie dabei Wissenswertes, aber auch die eine oder andere am\u00fcsante Geschichte <span style=\"font-family: Arial, sans-serif;\">\u00fcber die UnKr\u00e4uter, B\u00e4ume und Str\u00e4ucher am Wegrand und genie\u00dfen Sie das anschlie\u00dfende Kr\u00e4utermen\u00fc.<\/span><\/p>\n<p><span style=\"font-family: Arial, sans-serif;\"><b>Anmeldung unbedingt notwendig, da begrenzte Teilnehmerzahl.<\/b><\/span><\/p>\n<p>&nbsp;<\/p>\n<p><strong><span style=\"color: #990000;\"><span style=\"font-family: Arial, sans-serif;\">Was uns jetzt \u201eGut tut\u201c, Fr\u00fchjahrsputz f\u00fcr den K\u00f6rper und die Kraft der Knospen\u00a0<\/span><\/span><\/strong><\/p>\n<p><strong><span style=\"font-family: Arial, sans-serif;\">Freitag, 27. M\u00e4rz, 13.00 Uhr bis 17.00 Uhr-\u00a0 \u00a0 \u00a0 <span style=\"color: #ff0000;\">bereits ausgebucht! Warteliste w\u00e4re m\u00f6glich<\/span><\/span><\/strong><\/p>\n<p><strong><span style=\"font-family: Arial, sans-serif;\">Samstag, 28. M\u00e4rz, 13.00 Uhr bis 17.00 Uhr-\u00a0 \u00a0<span style=\"color: #ff0000;\">bereits ausgebucht! Warteliste w\u00e4re m\u00f6glich<\/span><\/span><\/strong><\/p>\n<p>&nbsp;<\/p>\n<p><span style=\"font-family: Arial, sans-serif;\"><strong><span style=\"color: #990000;\"><b>Die \u201eJungen Wilden\u201c strotzen vor Energie und Kraft. Welche sind essbar und wie wirken sie?<\/b><\/span><\/strong><\/span><\/p>\n<p><strong><span style=\"font-family: Arial, sans-serif;\">Samstag,\u00a0 1<\/span><\/strong><strong><span style=\"font-family: Arial, sans-serif;\">8<\/span><\/strong><strong><span style=\"font-family: Arial, sans-serif;\">. April, 13.00 Uhr bis 17.00 Uhr\u00a0 &#8211;\u00a0<span style=\"color: #ff0000;\">bereits ausgebucht! Warteliste w\u00e4re m\u00f6glich<\/span><\/span><\/strong><\/p>\n<p><span style=\"font-family: Arial, sans-serif;\"><strong>Freitag, 2<\/strong><strong>4<\/strong><strong>. April, 13.00 Uhr bis 17.00 Uhr <\/strong><\/span><\/p>\n<p><strong><span style=\"font-family: Arial, sans-serif;\">Samstag,\u00a0 2<\/span><\/strong><strong><span style=\"font-family: Arial, sans-serif;\">5<\/span><\/strong><strong><span style=\"font-family: Arial, sans-serif;\">. April, 13.00 Uhr bis 17.00 Uhr <\/span><\/strong><\/p>\n<p>&nbsp;<\/p>\n<p><strong><span style=\"color: #990000;\">\u201e<\/span><\/strong><strong><span style=\"color: #990000;\"><span style=\"font-family: Arial, sans-serif;\"><b>Unkraut\u201c auf den Gourmet-<\/b><\/span><\/span><\/strong><strong><span style=\"color: #990000;\"><span style=\"font-family: Arial, sans-serif;\"><b>T<\/b><\/span><\/span><\/strong><strong><span style=\"color: #990000;\"><span style=\"font-family: Arial, sans-serif;\"><b>eller<\/b><\/span><\/span><\/strong><b> <\/b><\/p>\n<p><strong><span style=\"font-family: Arial, sans-serif;\">Freitag, <\/span><\/strong><strong><span style=\"font-family: Arial, sans-serif;\">2<\/span><\/strong><strong><span style=\"font-family: Arial, sans-serif;\">2<\/span><\/strong><strong><span style=\"font-family: Arial, sans-serif;\">. Mai, 13.00 Uhr bis 17.00 Uhr <\/span><\/strong><\/p>\n<p><strong><span style=\"font-family: Arial, sans-serif;\">Samstag, <\/span><\/strong><strong><span style=\"font-family: Arial, sans-serif;\">2<\/span><\/strong><strong><span style=\"font-family: Arial, sans-serif;\">3<\/span><\/strong><strong><span style=\"font-family: Arial, sans-serif;\">. Mai, 13.00 Uhr bis 17.00 Uhr <\/span><\/strong><\/p>\n<p>&nbsp;<\/p>\n<p><strong><span style=\"color: #990000;\"><span style=\"font-family: Arial, sans-serif;\"><b>Die Kr\u00e4uter zur Zeit der Sommersonnenwende<\/b><\/span><\/span><\/strong><\/p>\n<p><strong><span style=\"font-family: Arial, sans-serif;\">Freitag, <\/span><\/strong><strong><span style=\"font-family: Arial, sans-serif;\">2<\/span><\/strong><strong><span style=\"font-family: Arial, sans-serif;\">6<\/span><\/strong><strong><span style=\"font-family: Arial, sans-serif;\">. Juni, 1<\/span><\/strong><strong><span style=\"font-family: Arial, sans-serif;\">3<\/span><\/strong><strong><span style=\"font-family: Arial, sans-serif;\">.00 Uhr bis 1<\/span><\/strong><strong><span style=\"font-family: Arial, sans-serif;\">7<\/span><\/strong><strong><span style=\"font-family: Arial, sans-serif;\">.00 Uhr <\/span><\/strong><\/p>\n<p><strong><span style=\"font-family: Arial, sans-serif;\">S<\/span><\/strong><strong><span style=\"font-family: Arial, sans-serif;\">amstag, <\/span><\/strong><strong><span style=\"font-family: Arial, sans-serif;\">2<\/span><\/strong><strong><span style=\"font-family: Arial, sans-serif;\">7<\/span><\/strong><strong><span style=\"font-family: Arial, sans-serif;\">. Juni, <\/span><\/strong><strong><span style=\"font-family: Arial, sans-serif;\">9<\/span><\/strong><strong><span style=\"font-family: Arial, sans-serif;\">.00 Uhr bis 1<\/span><\/strong><strong><span style=\"font-family: Arial, sans-serif;\">3<\/span><\/strong><strong><span style=\"font-family: Arial, sans-serif;\">.00 Uhr <\/span><\/strong><\/p>\n<p>&nbsp;<\/p>\n<p><strong><span style=\"color: #990000;\"><span style=\"font-family: Arial, sans-serif;\"><b>Die Kr\u00e4uter innerhalb des Gartenzaunes <\/b><\/span><\/span><\/strong><\/p>\n<p><span style=\"font-family: Arial, sans-serif;\"><strong>Freitag, <\/strong><strong>2<\/strong><strong>4<\/strong><strong>. Juli,\u00a0 1<\/strong><strong>3<\/strong><strong>.00 Uhr bis 1<\/strong><strong>7<\/strong><strong>.00 Uhr <\/strong><\/span><\/p>\n<p><strong><span style=\"font-family: Arial, sans-serif;\">Samstag, <\/span><\/strong><strong><span style=\"font-family: Arial, sans-serif;\">2<\/span><\/strong><strong><span style=\"font-family: Arial, sans-serif;\">5<\/span><\/strong><strong><span style=\"font-family: Arial, sans-serif;\">. Juli,\u00a0 <\/span><\/strong><strong><span style=\"font-family: Arial, sans-serif;\">9<\/span><\/strong><strong><span style=\"font-family: Arial, sans-serif;\">.00 Uhr bis 1<\/span><\/strong><strong><span style=\"font-family: Arial, sans-serif;\">3<\/span><\/strong><strong><span style=\"font-family: Arial, sans-serif;\">.00 Uhr <\/span><\/strong><\/p>\n<p>&nbsp;<\/p>\n<p><strong><span style=\"color: #990000;\"><span style=\"font-family: Arial, sans-serif;\"><b>Bei einer Herbstwanderung entdecken sie die Sch\u00e4tze die in einer Wildhecke verborgen sind und lernen ihre Anwendung in K\u00fcche und Apotheke<\/b><\/span><\/span><\/strong><\/p>\n<p><strong><span style=\"font-family: Arial, sans-serif;\">Freitag, <\/span><\/strong><strong><span style=\"font-family: Arial, sans-serif;\">2<\/span><\/strong><strong><span style=\"font-family: Arial, sans-serif;\">5<\/span><\/strong><strong><span style=\"font-family: Arial, sans-serif;\">. September, 13.00 Uhr bis 17.00 Uhr<\/span><\/strong><\/p>\n<p><strong><span style=\"font-family: Arial, sans-serif;\">Samstag, <\/span><\/strong><strong><span style=\"font-family: Arial, sans-serif;\">2<\/span><\/strong><strong><span style=\"font-family: Arial, sans-serif;\">6<\/span><\/strong><strong><span style=\"font-family: Arial, sans-serif;\">.<\/span><\/strong><strong><span style=\"font-family: Arial, sans-serif;\"> September, 13.00 Uhr bis 17.00 Uhr <\/span><\/strong><\/p>\n<p>&nbsp;<\/p>\n<p><strong><span style=\"color: #990000;\"><span style=\"font-family: Arial, sans-serif;\"><b>Zur\u00fcck zu den Wurzeln<\/b><\/span><\/span><\/strong><\/p>\n<p><strong><span style=\"font-family: Arial, sans-serif;\">Freitag, <\/span><\/strong><strong><span style=\"font-family: Arial, sans-serif;\">2<\/span><\/strong><strong><span style=\"font-family: Arial, sans-serif;\">3<\/span><\/strong><strong><span style=\"font-family: Arial, sans-serif;\">. Oktober, 13.00 Uhr bis 17.00 Uhr<\/span><\/strong><\/p>\n<p><strong><span style=\"font-family: Arial, sans-serif;\">Samstag, 2<\/span><\/strong><strong><span style=\"font-family: Arial, sans-serif;\">4<\/span><\/strong><strong><span style=\"font-family: Arial, sans-serif;\">. Oktober, 13.00 Uhr bis 17.00 Uhr<\/span><\/strong><\/p>\n<p>&nbsp;<\/p>\n<p><span style=\"color: #990000;\"><span style=\"font-family: Arial, sans-serif;\"><b>Jahresausklang (R\u00e4uchern, Gew\u00fcrze, Wintergr\u00fcn&#8230;)<\/b><\/span><\/span><\/p>\n<p><strong><span style=\"font-family: Arial, sans-serif;\">Freitag, <\/span><\/strong><strong><span style=\"font-family: Arial, sans-serif;\">13<\/span><\/strong><strong><span style=\"font-family: Arial, sans-serif;\">. November, 13.00 Uhr bis 17.00 Uhr<\/span><\/strong><\/p>\n<p><span style=\"font-family: Arial, sans-serif;\"><strong>Samstag, <\/strong><strong>14<\/strong><strong>. November, 13.00 Uhr bis 17.00 Uhr<\/strong><\/span><\/p>\n<p><strong><span style=\"font-family: Arial, sans-serif;\">Freitag, 2<\/span><\/strong><strong><span style=\"font-family: Arial, sans-serif;\">0<\/span><\/strong><strong><span style=\"font-family: Arial, sans-serif;\">. November, 13.00 Uhr bis 17.00 Uhr<\/span><\/strong><\/p>\n<p><span style=\"font-family: Arial, sans-serif;\"><strong>Samstag, <\/strong><strong>2<\/strong><strong>1<\/strong><strong>. November, 13.00 Uhr bis 17.00 Uhr<\/strong><\/span><\/p>\n<p>&nbsp;<\/p>\n<p>&#8212;&#8212;&#8212;&#8212;&#8212;&#8212;&#8212;&#8212;&#8212;&#8212;<\/p>\n<p>Weitere Infos: Dr. Gabriele Inzinger<\/p>\n<p>Projern 7, 9300 St. Veit an der Glan<\/p>\n<p>Tel.: 0660\/4616376<\/p>\n<p>Gabi.inzinger@GMX.at<\/p>\n<p>Gabriele Inzinger Kr\u00e4uterwandern in K\u00e4rnten Kr\u00e4uterp\u00e4dagogin Gabriele Inzinger \u2013 \u00d6sterreich, K\u00e4rnten, Mittelk\u00e4rnten, Umgebung St. Veit, Ulrichsberg, Projern<\/p>\n","protected":false},"excerpt":{"rendered":"<p>I Ich hoffe ihr seid gut ins Jahr 2026 gerutscht! Voll Freude und Erwartung schaue ich nun ins neue Kr\u00e4uterjahr und freue mich aufs gemeinsame \u201eKr\u00e4utern\u201c mit euch. &nbsp; Termine 2026 Kulinarische Kr\u00e4uterwanderungen am Fu\u00dfe des Ulrichsberges. Erfahren Sie dabei Wissenswertes, aber auch die eine oder andere am\u00fcsante Geschichte \u00fcber&nbsp; <a href=\"http:\/\/xn--kruterwandern-cfb.at\/?p=691\" title=\"Read more Termine 2026\">Read more &raquo;<\/a><\/p>\n","protected":false},"author":1,"featured_media":0,"comment_status":"closed","ping_status":"closed","sticky":false,"template":"","format":"standard","meta":{"footnotes":""},"categories":[1,56],"tags":[394,47,89,23,90,91,16,8,36,256,15,127,27],"class_list":["post-691","post","type-post","status-publish","format-standard","hentry","category-allgemein","category-rezept-2","tag-394","tag-fnl","tag-gabi","tag-gartenkrauter","tag-inzinger","tag-kraeuter","tag-krauter","tag-krauterwandern","tag-krauterwanderung","tag-kulinarik","tag-projern","tag-termine","tag-wildkrauter"],"yoast_head":"<!-- This site is optimized with the Yoast SEO plugin v24.9 - https:\/\/yoast.com\/wordpress\/plugins\/seo\/ -->\n<title>Termine 2026 - Kr\u00e4uterwandern mit allen Sinnen<\/title>\n<meta name=\"robots\" content=\"index, follow, max-snippet:-1, max-image-preview:large, max-video-preview:-1\" \/>\n<link rel=\"canonical\" href=\"https:\/\/xn--kruterwandern-cfb.at\/?p=691\" \/>\n<meta property=\"og:locale\" content=\"de_DE\" \/>\n<meta property=\"og:type\" content=\"article\" \/>\n<meta property=\"og:title\" content=\"Termine 2026 - Kr\u00e4uterwandern mit allen Sinnen\" \/>\n<meta property=\"og:description\" content=\"I Ich hoffe ihr seid gut ins Jahr 2026 gerutscht! Voll Freude und Erwartung schaue ich nun ins neue Kr\u00e4uterjahr und freue mich aufs gemeinsame \u201eKr\u00e4utern\u201c mit euch. &nbsp; Termine 2026 Kulinarische Kr\u00e4uterwanderungen am Fu\u00dfe des Ulrichsberges. Erfahren Sie dabei Wissenswertes, aber auch die eine oder andere am\u00fcsante Geschichte \u00fcber&nbsp; Read more &raquo;\" \/>\n<meta property=\"og:url\" content=\"https:\/\/xn--kruterwandern-cfb.at\/?p=691\" \/>\n<meta property=\"og:site_name\" content=\"Kr\u00e4uterwandern mit allen Sinnen\" \/>\n<meta property=\"article:published_time\" content=\"2026-01-04T08:00:56+00:00\" \/>\n<meta property=\"article:modified_time\" content=\"2026-03-17T06:09:27+00:00\" \/>\n<meta name=\"author\" content=\"gabi\" \/>\n<meta name=\"twitter:label1\" content=\"Verfasst von\" \/>\n\t<meta name=\"twitter:data1\" content=\"gabi\" \/>\n\t<meta name=\"twitter:label2\" content=\"Gesch\u00e4tzte Lesezeit\" \/>\n\t<meta name=\"twitter:data2\" content=\"3\u00a0Minuten\" \/>\n<script type=\"application\/ld+json\" class=\"yoast-schema-graph\">{\"@context\":\"https:\/\/schema.org\",\"@graph\":[{\"@type\":\"Article\",\"@id\":\"https:\/\/xn--kruterwandern-cfb.at\/?p=691#article\",\"isPartOf\":{\"@id\":\"https:\/\/xn--kruterwandern-cfb.at\/?p=691\"},\"author\":{\"name\":\"gabi\",\"@id\":\"http:\/\/xn--kruterwandern-cfb.at\/#\/schema\/person\/149b5780cd8d441bdff00c83a20a8c72\"},\"headline\":\"Termine 2026\",\"datePublished\":\"2026-01-04T08:00:56+00:00\",\"dateModified\":\"2026-03-17T06:09:27+00:00\",\"mainEntityOfPage\":{\"@id\":\"https:\/\/xn--kruterwandern-cfb.at\/?p=691\"},\"wordCount\":333,\"publisher\":{\"@id\":\"http:\/\/xn--kruterwandern-cfb.at\/#\/schema\/person\/149b5780cd8d441bdff00c83a20a8c72\"},\"keywords\":[\"2026\",\"fnl\",\"gabi\",\"gartenkr\u00e4uter\",\"inzinger\",\"kraeuter\",\"kr\u00e4uter\",\"kr\u00e4uterwandern\",\"Kr\u00e4uterwanderung\",\"Kulinarik\",\"projern\",\"Termine\",\"wildkr\u00e4uter\"],\"articleSection\":{\"1\":\"Rezepte\"},\"inLanguage\":\"de\"},{\"@type\":\"WebPage\",\"@id\":\"https:\/\/xn--kruterwandern-cfb.at\/?p=691\",\"url\":\"https:\/\/xn--kruterwandern-cfb.at\/?p=691\",\"name\":\"Termine 2026 - Kr\u00e4uterwandern mit allen Sinnen\",\"isPartOf\":{\"@id\":\"http:\/\/xn--kruterwandern-cfb.at\/#website\"},\"datePublished\":\"2026-01-04T08:00:56+00:00\",\"dateModified\":\"2026-03-17T06:09:27+00:00\",\"breadcrumb\":{\"@id\":\"https:\/\/xn--kruterwandern-cfb.at\/?p=691#breadcrumb\"},\"inLanguage\":\"de\",\"potentialAction\":[{\"@type\":\"ReadAction\",\"target\":[\"https:\/\/xn--kruterwandern-cfb.at\/?p=691\"]}]},{\"@type\":\"BreadcrumbList\",\"@id\":\"https:\/\/xn--kruterwandern-cfb.at\/?p=691#breadcrumb\",\"itemListElement\":[{\"@type\":\"ListItem\",\"position\":1,\"name\":\"Home\",\"item\":\"http:\/\/xn--kruterwandern-cfb.at\/\"},{\"@type\":\"ListItem\",\"position\":2,\"name\":\"Termine 2026\"}]},{\"@type\":\"WebSite\",\"@id\":\"http:\/\/xn--kruterwandern-cfb.at\/#website\",\"url\":\"http:\/\/xn--kruterwandern-cfb.at\/\",\"name\":\"Kr\u00e4uterwandern mit allen Sinnen\",\"description\":\"Kr\u00e4uterwandern mit Kr\u00e4uterp\u00e4dagogin Gabriele Inzinger in \u00d6sterreich, K\u00e4rnten, Mittelk\u00e4rnten, Umgebung St. Veit an der Glan, Ulrichsberg, Projern\",\"publisher\":{\"@id\":\"http:\/\/xn--kruterwandern-cfb.at\/#\/schema\/person\/149b5780cd8d441bdff00c83a20a8c72\"},\"potentialAction\":[{\"@type\":\"SearchAction\",\"target\":{\"@type\":\"EntryPoint\",\"urlTemplate\":\"http:\/\/xn--kruterwandern-cfb.at\/?s={search_term_string}\"},\"query-input\":{\"@type\":\"PropertyValueSpecification\",\"valueRequired\":true,\"valueName\":\"search_term_string\"}}],\"inLanguage\":\"de\"},{\"@type\":[\"Person\",\"Organization\"],\"@id\":\"http:\/\/xn--kruterwandern-cfb.at\/#\/schema\/person\/149b5780cd8d441bdff00c83a20a8c72\",\"name\":\"gabi\",\"image\":{\"@type\":\"ImageObject\",\"inLanguage\":\"de\",\"@id\":\"http:\/\/xn--kruterwandern-cfb.at\/#\/schema\/person\/image\/\",\"url\":\"https:\/\/secure.gravatar.com\/avatar\/be551bd92966b6ea4e7cef2860bff65165267639bb7040b011e243386b977e7b?s=96&d=mm&r=g\",\"contentUrl\":\"https:\/\/secure.gravatar.com\/avatar\/be551bd92966b6ea4e7cef2860bff65165267639bb7040b011e243386b977e7b?s=96&d=mm&r=g\",\"caption\":\"gabi\"},\"logo\":{\"@id\":\"http:\/\/xn--kruterwandern-cfb.at\/#\/schema\/person\/image\/\"},\"sameAs\":[\"http:\/\/kr\u00e4uterwandern.at\"]}]}<\/script>\n<!-- \/ Yoast SEO plugin. -->","yoast_head_json":{"title":"Termine 2026 - Kr\u00e4uterwandern mit allen Sinnen","robots":{"index":"index","follow":"follow","max-snippet":"max-snippet:-1","max-image-preview":"max-image-preview:large","max-video-preview":"max-video-preview:-1"},"canonical":"https:\/\/xn--kruterwandern-cfb.at\/?p=691","og_locale":"de_DE","og_type":"article","og_title":"Termine 2026 - Kr\u00e4uterwandern mit allen Sinnen","og_description":"I Ich hoffe ihr seid gut ins Jahr 2026 gerutscht! Voll Freude und Erwartung schaue ich nun ins neue Kr\u00e4uterjahr und freue mich aufs gemeinsame \u201eKr\u00e4utern\u201c mit euch. &nbsp; Termine 2026 Kulinarische Kr\u00e4uterwanderungen am Fu\u00dfe des Ulrichsberges. Erfahren Sie dabei Wissenswertes, aber auch die eine oder andere am\u00fcsante Geschichte \u00fcber&nbsp; Read more &raquo;","og_url":"https:\/\/xn--kruterwandern-cfb.at\/?p=691","og_site_name":"Kr\u00e4uterwandern mit allen Sinnen","article_published_time":"2026-01-04T08:00:56+00:00","article_modified_time":"2026-03-17T06:09:27+00:00","author":"gabi","twitter_misc":{"Verfasst von":"gabi","Gesch\u00e4tzte Lesezeit":"3\u00a0Minuten"},"schema":{"@context":"https:\/\/schema.org","@graph":[{"@type":"Article","@id":"https:\/\/xn--kruterwandern-cfb.at\/?p=691#article","isPartOf":{"@id":"https:\/\/xn--kruterwandern-cfb.at\/?p=691"},"author":{"name":"gabi","@id":"http:\/\/xn--kruterwandern-cfb.at\/#\/schema\/person\/149b5780cd8d441bdff00c83a20a8c72"},"headline":"Termine 2026","datePublished":"2026-01-04T08:00:56+00:00","dateModified":"2026-03-17T06:09:27+00:00","mainEntityOfPage":{"@id":"https:\/\/xn--kruterwandern-cfb.at\/?p=691"},"wordCount":333,"publisher":{"@id":"http:\/\/xn--kruterwandern-cfb.at\/#\/schema\/person\/149b5780cd8d441bdff00c83a20a8c72"},"keywords":["2026","fnl","gabi","gartenkr\u00e4uter","inzinger","kraeuter","kr\u00e4uter","kr\u00e4uterwandern","Kr\u00e4uterwanderung","Kulinarik","projern","Termine","wildkr\u00e4uter"],"articleSection":{"1":"Rezepte"},"inLanguage":"de"},{"@type":"WebPage","@id":"https:\/\/xn--kruterwandern-cfb.at\/?p=691","url":"https:\/\/xn--kruterwandern-cfb.at\/?p=691","name":"Termine 2026 - Kr\u00e4uterwandern mit allen Sinnen","isPartOf":{"@id":"http:\/\/xn--kruterwandern-cfb.at\/#website"},"datePublished":"2026-01-04T08:00:56+00:00","dateModified":"2026-03-17T06:09:27+00:00","breadcrumb":{"@id":"https:\/\/xn--kruterwandern-cfb.at\/?p=691#breadcrumb"},"inLanguage":"de","potentialAction":[{"@type":"ReadAction","target":["https:\/\/xn--kruterwandern-cfb.at\/?p=691"]}]},{"@type":"BreadcrumbList","@id":"https:\/\/xn--kruterwandern-cfb.at\/?p=691#breadcrumb","itemListElement":[{"@type":"ListItem","position":1,"name":"Home","item":"http:\/\/xn--kruterwandern-cfb.at\/"},{"@type":"ListItem","position":2,"name":"Termine 2026"}]},{"@type":"WebSite","@id":"http:\/\/xn--kruterwandern-cfb.at\/#website","url":"http:\/\/xn--kruterwandern-cfb.at\/","name":"Kr\u00e4uterwandern mit allen Sinnen","description":"Kr\u00e4uterwandern mit Kr\u00e4uterp\u00e4dagogin Gabriele Inzinger in \u00d6sterreich, K\u00e4rnten, Mittelk\u00e4rnten, Umgebung St. Veit an der Glan, Ulrichsberg, Projern","publisher":{"@id":"http:\/\/xn--kruterwandern-cfb.at\/#\/schema\/person\/149b5780cd8d441bdff00c83a20a8c72"},"potentialAction":[{"@type":"SearchAction","target":{"@type":"EntryPoint","urlTemplate":"http:\/\/xn--kruterwandern-cfb.at\/?s={search_term_string}"},"query-input":{"@type":"PropertyValueSpecification","valueRequired":true,"valueName":"search_term_string"}}],"inLanguage":"de"},{"@type":["Person","Organization"],"@id":"http:\/\/xn--kruterwandern-cfb.at\/#\/schema\/person\/149b5780cd8d441bdff00c83a20a8c72","name":"gabi","image":{"@type":"ImageObject","inLanguage":"de","@id":"http:\/\/xn--kruterwandern-cfb.at\/#\/schema\/person\/image\/","url":"https:\/\/secure.gravatar.com\/avatar\/be551bd92966b6ea4e7cef2860bff65165267639bb7040b011e243386b977e7b?s=96&d=mm&r=g","contentUrl":"https:\/\/secure.gravatar.com\/avatar\/be551bd92966b6ea4e7cef2860bff65165267639bb7040b011e243386b977e7b?s=96&d=mm&r=g","caption":"gabi"},"logo":{"@id":"http:\/\/xn--kruterwandern-cfb.at\/#\/schema\/person\/image\/"},"sameAs":["http:\/\/kr\u00e4uterwandern.at"]}]}},"_links":{"self":[{"href":"http:\/\/xn--kruterwandern-cfb.at\/index.php?rest_route=\/wp\/v2\/posts\/691","targetHints":{"allow":["GET"]}}],"collection":[{"href":"http:\/\/xn--kruterwandern-cfb.at\/index.php?rest_route=\/wp\/v2\/posts"}],"about":[{"href":"http:\/\/xn--kruterwandern-cfb.at\/index.php?rest_route=\/wp\/v2\/types\/post"}],"author":[{"embeddable":true,"href":"http:\/\/xn--kruterwandern-cfb.at\/index.php?rest_route=\/wp\/v2\/users\/1"}],"replies":[{"embeddable":true,"href":"http:\/\/xn--kruterwandern-cfb.at\/index.php?rest_route=%2Fwp%2Fv2%2Fcomments&post=691"}],"version-history":[{"count":189,"href":"http:\/\/xn--kruterwandern-cfb.at\/index.php?rest_route=\/wp\/v2\/posts\/691\/revisions"}],"predecessor-version":[{"id":3247,"href":"http:\/\/xn--kruterwandern-cfb.at\/index.php?rest_route=\/wp\/v2\/posts\/691\/revisions\/3247"}],"wp:attachment":[{"href":"http:\/\/xn--kruterwandern-cfb.at\/index.php?rest_route=%2Fwp%2Fv2%2Fmedia&parent=691"}],"wp:term":[{"taxonomy":"category","embeddable":true,"href":"http:\/\/xn--kruterwandern-cfb.at\/index.php?rest_route=%2Fwp%2Fv2%2Fcategories&post=691"},{"taxonomy":"post_tag","embeddable":true,"href":"http:\/\/xn--kruterwandern-cfb.at\/index.php?rest_route=%2Fwp%2Fv2%2Ftags&post=691"}],"curies":[{"name":"wp","href":"https:\/\/api.w.org\/{rel}","templated":true}]}}