{"id":3025,"date":"2025-07-29T08:09:56","date_gmt":"2025-07-29T08:09:56","guid":{"rendered":"http:\/\/xn--kruterwandern-cfb.at\/?p=3025"},"modified":"2025-08-06T05:22:17","modified_gmt":"2025-08-06T05:22:17","slug":"die-kraeuter-innerhalb-des-gartenzaunes","status":"publish","type":"post","link":"http:\/\/xn--kruterwandern-cfb.at\/?p=3025","title":{"rendered":"Kr\u00e4uterwandern Juli 2025"},"content":{"rendered":"<h2><strong><span style=\"color: #000000;\">Die<span style=\"font-family: Arial, sans-serif;\">\u00a0Kr\u00e4uter innerhalb des Gartenzaunes<\/span><\/span><\/strong><\/h2>\n<p><a href=\"http:\/\/xn--kruterwandern-cfb.at\/wp-content\/uploads\/2025\/07\/A5-IMG_0628-1-scaled.jpg\"><img loading=\"lazy\" decoding=\"async\" class=\"aligncenter size-medium wp-image-3080\" src=\"http:\/\/xn--kruterwandern-cfb.at\/wp-content\/uploads\/2025\/07\/A5-IMG_0628-1-225x300.jpg\" alt=\"\" width=\"225\" height=\"300\" srcset=\"http:\/\/xn--kruterwandern-cfb.at\/wp-content\/uploads\/2025\/07\/A5-IMG_0628-1-225x300.jpg 225w, http:\/\/xn--kruterwandern-cfb.at\/wp-content\/uploads\/2025\/07\/A5-IMG_0628-1-768x1024.jpg 768w, http:\/\/xn--kruterwandern-cfb.at\/wp-content\/uploads\/2025\/07\/A5-IMG_0628-1-1152x1536.jpg 1152w, http:\/\/xn--kruterwandern-cfb.at\/wp-content\/uploads\/2025\/07\/A5-IMG_0628-1-1536x2048.jpg 1536w, http:\/\/xn--kruterwandern-cfb.at\/wp-content\/uploads\/2025\/07\/A5-IMG_0628-1-scaled.jpg 1920w\" sizes=\"auto, (max-width: 225px) 100vw, 225px\" \/><\/a><\/p>\n<p><a href=\"http:\/\/xn--kruterwandern-cfb.at\/wp-content\/uploads\/2025\/07\/A1-IMG_0630-scaled.jpg\"><img loading=\"lazy\" decoding=\"async\" class=\"aligncenter size-medium wp-image-3029\" src=\"http:\/\/xn--kruterwandern-cfb.at\/wp-content\/uploads\/2025\/07\/A1-IMG_0630-211x300.jpg\" alt=\"\" width=\"211\" height=\"300\" srcset=\"http:\/\/xn--kruterwandern-cfb.at\/wp-content\/uploads\/2025\/07\/A1-IMG_0630-211x300.jpg 211w, http:\/\/xn--kruterwandern-cfb.at\/wp-content\/uploads\/2025\/07\/A1-IMG_0630-719x1024.jpg 719w, http:\/\/xn--kruterwandern-cfb.at\/wp-content\/uploads\/2025\/07\/A1-IMG_0630-768x1094.jpg 768w, http:\/\/xn--kruterwandern-cfb.at\/wp-content\/uploads\/2025\/07\/A1-IMG_0630-1079x1536.jpg 1079w, http:\/\/xn--kruterwandern-cfb.at\/wp-content\/uploads\/2025\/07\/A1-IMG_0630-1438x2048.jpg 1438w, http:\/\/xn--kruterwandern-cfb.at\/wp-content\/uploads\/2025\/07\/A1-IMG_0630-scaled.jpg 1798w\" sizes=\"auto, (max-width: 211px) 100vw, 211px\" \/><\/a> <a href=\"http:\/\/xn--kruterwandern-cfb.at\/wp-content\/uploads\/2025\/07\/A3-7cdc8cf7-357a-4dde-b3c6.jpg\"><img loading=\"lazy\" decoding=\"async\" class=\"aligncenter size-medium wp-image-3030\" src=\"http:\/\/xn--kruterwandern-cfb.at\/wp-content\/uploads\/2025\/07\/A3-7cdc8cf7-357a-4dde-b3c6-300x225.jpg\" alt=\"\" width=\"300\" height=\"225\" srcset=\"http:\/\/xn--kruterwandern-cfb.at\/wp-content\/uploads\/2025\/07\/A3-7cdc8cf7-357a-4dde-b3c6-300x225.jpg 300w, http:\/\/xn--kruterwandern-cfb.at\/wp-content\/uploads\/2025\/07\/A3-7cdc8cf7-357a-4dde-b3c6-1024x768.jpg 1024w, http:\/\/xn--kruterwandern-cfb.at\/wp-content\/uploads\/2025\/07\/A3-7cdc8cf7-357a-4dde-b3c6-768x576.jpg 768w, http:\/\/xn--kruterwandern-cfb.at\/wp-content\/uploads\/2025\/07\/A3-7cdc8cf7-357a-4dde-b3c6-1536x1152.jpg 1536w, http:\/\/xn--kruterwandern-cfb.at\/wp-content\/uploads\/2025\/07\/A3-7cdc8cf7-357a-4dde-b3c6.jpg 2000w\" sizes=\"auto, (max-width: 300px) 100vw, 300px\" \/><\/a> <a href=\"http:\/\/xn--kruterwandern-cfb.at\/wp-content\/uploads\/2025\/07\/A7-IMG_0632-scaled.jpg\"><img loading=\"lazy\" decoding=\"async\" class=\"aligncenter size-medium wp-image-3032\" src=\"http:\/\/xn--kruterwandern-cfb.at\/wp-content\/uploads\/2025\/07\/A7-IMG_0632-300x195.jpg\" alt=\"\" width=\"300\" height=\"195\" srcset=\"http:\/\/xn--kruterwandern-cfb.at\/wp-content\/uploads\/2025\/07\/A7-IMG_0632-300x195.jpg 300w, http:\/\/xn--kruterwandern-cfb.at\/wp-content\/uploads\/2025\/07\/A7-IMG_0632-1024x666.jpg 1024w, http:\/\/xn--kruterwandern-cfb.at\/wp-content\/uploads\/2025\/07\/A7-IMG_0632-768x500.jpg 768w, http:\/\/xn--kruterwandern-cfb.at\/wp-content\/uploads\/2025\/07\/A7-IMG_0632-1536x1000.jpg 1536w, http:\/\/xn--kruterwandern-cfb.at\/wp-content\/uploads\/2025\/07\/A7-IMG_0632-2048x1333.jpg 2048w\" sizes=\"auto, (max-width: 300px) 100vw, 300px\" \/><\/a> <a href=\"http:\/\/xn--kruterwandern-cfb.at\/wp-content\/uploads\/2025\/07\/A9-IMG_0636-scaled.jpg\"><img loading=\"lazy\" decoding=\"async\" class=\"aligncenter size-medium wp-image-3033\" src=\"http:\/\/xn--kruterwandern-cfb.at\/wp-content\/uploads\/2025\/07\/A9-IMG_0636-247x300.jpg\" alt=\"\" width=\"247\" height=\"300\" srcset=\"http:\/\/xn--kruterwandern-cfb.at\/wp-content\/uploads\/2025\/07\/A9-IMG_0636-247x300.jpg 247w, http:\/\/xn--kruterwandern-cfb.at\/wp-content\/uploads\/2025\/07\/A9-IMG_0636-843x1024.jpg 843w, http:\/\/xn--kruterwandern-cfb.at\/wp-content\/uploads\/2025\/07\/A9-IMG_0636-768x932.jpg 768w, http:\/\/xn--kruterwandern-cfb.at\/wp-content\/uploads\/2025\/07\/A9-IMG_0636-1265x1536.jpg 1265w, http:\/\/xn--kruterwandern-cfb.at\/wp-content\/uploads\/2025\/07\/A9-IMG_0636-1687x2048.jpg 1687w\" sizes=\"auto, (max-width: 247px) 100vw, 247px\" \/><\/a> <a href=\"http:\/\/xn--kruterwandern-cfb.at\/wp-content\/uploads\/2025\/07\/B1-IMG_0640-scaled.jpg\"><img loading=\"lazy\" decoding=\"async\" class=\"aligncenter size-medium wp-image-3034\" src=\"http:\/\/xn--kruterwandern-cfb.at\/wp-content\/uploads\/2025\/07\/B1-IMG_0640-223x300.jpg\" alt=\"\" width=\"223\" height=\"300\" srcset=\"http:\/\/xn--kruterwandern-cfb.at\/wp-content\/uploads\/2025\/07\/B1-IMG_0640-223x300.jpg 223w, http:\/\/xn--kruterwandern-cfb.at\/wp-content\/uploads\/2025\/07\/B1-IMG_0640-761x1024.jpg 761w, http:\/\/xn--kruterwandern-cfb.at\/wp-content\/uploads\/2025\/07\/B1-IMG_0640-768x1033.jpg 768w, http:\/\/xn--kruterwandern-cfb.at\/wp-content\/uploads\/2025\/07\/B1-IMG_0640-1141x1536.jpg 1141w, http:\/\/xn--kruterwandern-cfb.at\/wp-content\/uploads\/2025\/07\/B1-IMG_0640-1522x2048.jpg 1522w, http:\/\/xn--kruterwandern-cfb.at\/wp-content\/uploads\/2025\/07\/B1-IMG_0640-scaled.jpg 1902w\" sizes=\"auto, (max-width: 223px) 100vw, 223px\" \/><\/a><\/p>\n<p><a href=\"http:\/\/xn--kruterwandern-cfb.at\/wp-content\/uploads\/2025\/06\/C7-IMG_0438-1-scaled.jpg\"><img loading=\"lazy\" decoding=\"async\" class=\"aligncenter size-medium wp-image-3012\" src=\"http:\/\/xn--kruterwandern-cfb.at\/wp-content\/uploads\/2025\/06\/C7-IMG_0438-1-225x300.jpg\" alt=\"\" width=\"225\" height=\"300\" srcset=\"http:\/\/xn--kruterwandern-cfb.at\/wp-content\/uploads\/2025\/06\/C7-IMG_0438-1-225x300.jpg 225w, http:\/\/xn--kruterwandern-cfb.at\/wp-content\/uploads\/2025\/06\/C7-IMG_0438-1-768x1024.jpg 768w, http:\/\/xn--kruterwandern-cfb.at\/wp-content\/uploads\/2025\/06\/C7-IMG_0438-1-scaled.jpg 1920w\" sizes=\"auto, (max-width: 225px) 100vw, 225px\" \/><\/a><\/p>\n<p><a href=\"http:\/\/xn--kruterwandern-cfb.at\/wp-content\/uploads\/2025\/07\/B4-147729db-a6e8-4f1a-8d8b.jpg\"><img loading=\"lazy\" decoding=\"async\" class=\"aligncenter size-medium wp-image-3036\" src=\"http:\/\/xn--kruterwandern-cfb.at\/wp-content\/uploads\/2025\/07\/B4-147729db-a6e8-4f1a-8d8b-300x248.jpg\" alt=\"\" width=\"300\" height=\"248\" srcset=\"http:\/\/xn--kruterwandern-cfb.at\/wp-content\/uploads\/2025\/07\/B4-147729db-a6e8-4f1a-8d8b-300x248.jpg 300w, http:\/\/xn--kruterwandern-cfb.at\/wp-content\/uploads\/2025\/07\/B4-147729db-a6e8-4f1a-8d8b-1024x847.jpg 1024w, http:\/\/xn--kruterwandern-cfb.at\/wp-content\/uploads\/2025\/07\/B4-147729db-a6e8-4f1a-8d8b-768x635.jpg 768w, http:\/\/xn--kruterwandern-cfb.at\/wp-content\/uploads\/2025\/07\/B4-147729db-a6e8-4f1a-8d8b.jpg 1527w\" sizes=\"auto, (max-width: 300px) 100vw, 300px\" \/><\/a> <a href=\"http:\/\/xn--kruterwandern-cfb.at\/wp-content\/uploads\/2025\/07\/B5-25a1d384-01db-44e7-b12c.jpg\"><img loading=\"lazy\" decoding=\"async\" class=\"aligncenter size-medium wp-image-3037\" src=\"http:\/\/xn--kruterwandern-cfb.at\/wp-content\/uploads\/2025\/07\/B5-25a1d384-01db-44e7-b12c-225x300.jpg\" alt=\"\" width=\"225\" height=\"300\" srcset=\"http:\/\/xn--kruterwandern-cfb.at\/wp-content\/uploads\/2025\/07\/B5-25a1d384-01db-44e7-b12c-225x300.jpg 225w, http:\/\/xn--kruterwandern-cfb.at\/wp-content\/uploads\/2025\/07\/B5-25a1d384-01db-44e7-b12c-768x1024.jpg 768w, http:\/\/xn--kruterwandern-cfb.at\/wp-content\/uploads\/2025\/07\/B5-25a1d384-01db-44e7-b12c-1152x1536.jpg 1152w, http:\/\/xn--kruterwandern-cfb.at\/wp-content\/uploads\/2025\/07\/B5-25a1d384-01db-44e7-b12c.jpg 1500w\" sizes=\"auto, (max-width: 225px) 100vw, 225px\" \/><\/a><\/p>\n<p style=\"text-align: center;\">Herzsamen<br \/>\n<img loading=\"lazy\" decoding=\"async\" class=\"aligncenter size-medium wp-image-3038\" src=\"http:\/\/xn--kruterwandern-cfb.at\/wp-content\/uploads\/2025\/07\/B6-07238381-f61c-4802-8486-189x300.jpg\" alt=\"\" width=\"189\" height=\"300\" srcset=\"http:\/\/xn--kruterwandern-cfb.at\/wp-content\/uploads\/2025\/07\/B6-07238381-f61c-4802-8486-189x300.jpg 189w, http:\/\/xn--kruterwandern-cfb.at\/wp-content\/uploads\/2025\/07\/B6-07238381-f61c-4802-8486-646x1024.jpg 646w, http:\/\/xn--kruterwandern-cfb.at\/wp-content\/uploads\/2025\/07\/B6-07238381-f61c-4802-8486.jpg 751w\" sizes=\"auto, (max-width: 189px) 100vw, 189px\" \/><\/p>\n<p style=\"text-align: center;\">Portulak<img loading=\"lazy\" decoding=\"async\" class=\"aligncenter size-medium wp-image-3039\" src=\"http:\/\/xn--kruterwandern-cfb.at\/wp-content\/uploads\/2025\/07\/B7-b38f5581-6393-40e1-905c-247x300.jpg\" alt=\"\" width=\"247\" height=\"300\" srcset=\"http:\/\/xn--kruterwandern-cfb.at\/wp-content\/uploads\/2025\/07\/B7-b38f5581-6393-40e1-905c-247x300.jpg 247w, http:\/\/xn--kruterwandern-cfb.at\/wp-content\/uploads\/2025\/07\/B7-b38f5581-6393-40e1-905c-844x1024.jpg 844w, http:\/\/xn--kruterwandern-cfb.at\/wp-content\/uploads\/2025\/07\/B7-b38f5581-6393-40e1-905c-768x932.jpg 768w, http:\/\/xn--kruterwandern-cfb.at\/wp-content\/uploads\/2025\/07\/B7-b38f5581-6393-40e1-905c-1266x1536.jpg 1266w, http:\/\/xn--kruterwandern-cfb.at\/wp-content\/uploads\/2025\/07\/B7-b38f5581-6393-40e1-905c.jpg 1487w\" sizes=\"auto, (max-width: 247px) 100vw, 247px\" \/><\/p>\n<p style=\"text-align: center;\">Borretsch<img loading=\"lazy\" decoding=\"async\" class=\"aligncenter size-medium wp-image-3040\" src=\"http:\/\/xn--kruterwandern-cfb.at\/wp-content\/uploads\/2025\/07\/B8-01f99df1-f4bc-4d39-bee1-300x300.jpg\" alt=\"\" width=\"300\" height=\"300\" srcset=\"http:\/\/xn--kruterwandern-cfb.at\/wp-content\/uploads\/2025\/07\/B8-01f99df1-f4bc-4d39-bee1-300x300.jpg 300w, http:\/\/xn--kruterwandern-cfb.at\/wp-content\/uploads\/2025\/07\/B8-01f99df1-f4bc-4d39-bee1-1024x1024.jpg 1024w, http:\/\/xn--kruterwandern-cfb.at\/wp-content\/uploads\/2025\/07\/B8-01f99df1-f4bc-4d39-bee1-150x150.jpg 150w, http:\/\/xn--kruterwandern-cfb.at\/wp-content\/uploads\/2025\/07\/B8-01f99df1-f4bc-4d39-bee1-768x768.jpg 768w, http:\/\/xn--kruterwandern-cfb.at\/wp-content\/uploads\/2025\/07\/B8-01f99df1-f4bc-4d39-bee1.jpg 1496w\" sizes=\"auto, (max-width: 300px) 100vw, 300px\" \/><\/p>\n<p style=\"text-align: center;\">Hundspetersilie!!!<img loading=\"lazy\" decoding=\"async\" class=\"aligncenter size-medium wp-image-3041\" src=\"http:\/\/xn--kruterwandern-cfb.at\/wp-content\/uploads\/2025\/07\/B9-f14a0072-eedb-4a8c-8b57-243x300.jpg\" alt=\"\" width=\"243\" height=\"300\" srcset=\"http:\/\/xn--kruterwandern-cfb.at\/wp-content\/uploads\/2025\/07\/B9-f14a0072-eedb-4a8c-8b57-243x300.jpg 243w, http:\/\/xn--kruterwandern-cfb.at\/wp-content\/uploads\/2025\/07\/B9-f14a0072-eedb-4a8c-8b57-829x1024.jpg 829w, http:\/\/xn--kruterwandern-cfb.at\/wp-content\/uploads\/2025\/07\/B9-f14a0072-eedb-4a8c-8b57-768x949.jpg 768w, http:\/\/xn--kruterwandern-cfb.at\/wp-content\/uploads\/2025\/07\/B9-f14a0072-eedb-4a8c-8b57.jpg 1211w\" sizes=\"auto, (max-width: 243px) 100vw, 243px\" \/><\/p>\n<p style=\"text-align: center;\">Naturrouge<img loading=\"lazy\" decoding=\"async\" class=\"aligncenter size-medium wp-image-3042\" src=\"http:\/\/xn--kruterwandern-cfb.at\/wp-content\/uploads\/2025\/07\/C1-IMG_0645-212x300.jpg\" alt=\"\" width=\"212\" height=\"300\" srcset=\"http:\/\/xn--kruterwandern-cfb.at\/wp-content\/uploads\/2025\/07\/C1-IMG_0645-212x300.jpg 212w, http:\/\/xn--kruterwandern-cfb.at\/wp-content\/uploads\/2025\/07\/C1-IMG_0645-724x1024.jpg 724w, http:\/\/xn--kruterwandern-cfb.at\/wp-content\/uploads\/2025\/07\/C1-IMG_0645-768x1087.jpg 768w, http:\/\/xn--kruterwandern-cfb.at\/wp-content\/uploads\/2025\/07\/C1-IMG_0645-1086x1536.jpg 1086w, http:\/\/xn--kruterwandern-cfb.at\/wp-content\/uploads\/2025\/07\/C1-IMG_0645-1448x2048.jpg 1448w, http:\/\/xn--kruterwandern-cfb.at\/wp-content\/uploads\/2025\/07\/C1-IMG_0645-scaled.jpg 1809w\" sizes=\"auto, (max-width: 212px) 100vw, 212px\" \/><\/p>\n<p style=\"text-align: center;\">Marienblatt<img loading=\"lazy\" decoding=\"async\" class=\"aligncenter size-medium wp-image-3043\" src=\"http:\/\/xn--kruterwandern-cfb.at\/wp-content\/uploads\/2025\/07\/C2-IMG_0652-300x225.jpg\" alt=\"\" width=\"300\" height=\"225\" srcset=\"http:\/\/xn--kruterwandern-cfb.at\/wp-content\/uploads\/2025\/07\/C2-IMG_0652-300x225.jpg 300w, http:\/\/xn--kruterwandern-cfb.at\/wp-content\/uploads\/2025\/07\/C2-IMG_0652-1024x768.jpg 1024w, http:\/\/xn--kruterwandern-cfb.at\/wp-content\/uploads\/2025\/07\/C2-IMG_0652-768x576.jpg 768w, http:\/\/xn--kruterwandern-cfb.at\/wp-content\/uploads\/2025\/07\/C2-IMG_0652-1536x1152.jpg 1536w, http:\/\/xn--kruterwandern-cfb.at\/wp-content\/uploads\/2025\/07\/C2-IMG_0652-2048x1536.jpg 2048w\" sizes=\"auto, (max-width: 300px) 100vw, 300px\" \/><\/p>\n<p style=\"text-align: center;\">Echinacea<img loading=\"lazy\" decoding=\"async\" class=\"aligncenter size-medium wp-image-3044\" src=\"http:\/\/xn--kruterwandern-cfb.at\/wp-content\/uploads\/2025\/07\/C3-IMG_0654-300x195.jpg\" alt=\"\" width=\"300\" height=\"195\" srcset=\"http:\/\/xn--kruterwandern-cfb.at\/wp-content\/uploads\/2025\/07\/C3-IMG_0654-300x195.jpg 300w, http:\/\/xn--kruterwandern-cfb.at\/wp-content\/uploads\/2025\/07\/C3-IMG_0654-1024x667.jpg 1024w, http:\/\/xn--kruterwandern-cfb.at\/wp-content\/uploads\/2025\/07\/C3-IMG_0654-768x500.jpg 768w, http:\/\/xn--kruterwandern-cfb.at\/wp-content\/uploads\/2025\/07\/C3-IMG_0654-1536x1000.jpg 1536w, http:\/\/xn--kruterwandern-cfb.at\/wp-content\/uploads\/2025\/07\/C3-IMG_0654-2048x1333.jpg 2048w\" sizes=\"auto, (max-width: 300px) 100vw, 300px\" \/><\/p>\n<p style=\"text-align: center;\">Eibisch<img loading=\"lazy\" decoding=\"async\" class=\"aligncenter size-medium wp-image-3045\" src=\"http:\/\/xn--kruterwandern-cfb.at\/wp-content\/uploads\/2025\/07\/C4-IMG_0657-300x206.jpg\" alt=\"\" width=\"300\" height=\"206\" srcset=\"http:\/\/xn--kruterwandern-cfb.at\/wp-content\/uploads\/2025\/07\/C4-IMG_0657-300x206.jpg 300w, http:\/\/xn--kruterwandern-cfb.at\/wp-content\/uploads\/2025\/07\/C4-IMG_0657-1024x705.jpg 1024w, http:\/\/xn--kruterwandern-cfb.at\/wp-content\/uploads\/2025\/07\/C4-IMG_0657-768x528.jpg 768w, http:\/\/xn--kruterwandern-cfb.at\/wp-content\/uploads\/2025\/07\/C4-IMG_0657-1536x1057.jpg 1536w, http:\/\/xn--kruterwandern-cfb.at\/wp-content\/uploads\/2025\/07\/C4-IMG_0657-2048x1409.jpg 2048w\" sizes=\"auto, (max-width: 300px) 100vw, 300px\" \/><\/p>\n<p style=\"text-align: center;\">Kornblume<img loading=\"lazy\" decoding=\"async\" class=\"aligncenter size-medium wp-image-3046\" src=\"http:\/\/xn--kruterwandern-cfb.at\/wp-content\/uploads\/2025\/07\/C5-IMG_0644-300x176.jpg\" alt=\"\" width=\"300\" height=\"176\" srcset=\"http:\/\/xn--kruterwandern-cfb.at\/wp-content\/uploads\/2025\/07\/C5-IMG_0644-300x176.jpg 300w, http:\/\/xn--kruterwandern-cfb.at\/wp-content\/uploads\/2025\/07\/C5-IMG_0644-1024x599.jpg 1024w, http:\/\/xn--kruterwandern-cfb.at\/wp-content\/uploads\/2025\/07\/C5-IMG_0644-768x449.jpg 768w, http:\/\/xn--kruterwandern-cfb.at\/wp-content\/uploads\/2025\/07\/C5-IMG_0644-1536x899.jpg 1536w, http:\/\/xn--kruterwandern-cfb.at\/wp-content\/uploads\/2025\/07\/C5-IMG_0644-2048x1198.jpg 2048w\" sizes=\"auto, (max-width: 300px) 100vw, 300px\" \/> <img loading=\"lazy\" decoding=\"async\" class=\"aligncenter size-medium wp-image-3047\" src=\"http:\/\/xn--kruterwandern-cfb.at\/wp-content\/uploads\/2025\/07\/C6-IMG_0659-255x300.jpg\" alt=\"\" width=\"255\" height=\"300\" srcset=\"http:\/\/xn--kruterwandern-cfb.at\/wp-content\/uploads\/2025\/07\/C6-IMG_0659-255x300.jpg 255w, http:\/\/xn--kruterwandern-cfb.at\/wp-content\/uploads\/2025\/07\/C6-IMG_0659-869x1024.jpg 869w, http:\/\/xn--kruterwandern-cfb.at\/wp-content\/uploads\/2025\/07\/C6-IMG_0659-768x905.jpg 768w, http:\/\/xn--kruterwandern-cfb.at\/wp-content\/uploads\/2025\/07\/C6-IMG_0659-1304x1536.jpg 1304w, http:\/\/xn--kruterwandern-cfb.at\/wp-content\/uploads\/2025\/07\/C6-IMG_0659-1739x2048.jpg 1739w\" sizes=\"auto, (max-width: 255px) 100vw, 255px\" \/><\/p>\n<p style=\"text-align: center;\">Eberraute<img loading=\"lazy\" decoding=\"async\" class=\"aligncenter size-medium wp-image-3048\" src=\"http:\/\/xn--kruterwandern-cfb.at\/wp-content\/uploads\/2025\/07\/C7-IMG_0661-264x300.jpg\" alt=\"\" width=\"264\" height=\"300\" srcset=\"http:\/\/xn--kruterwandern-cfb.at\/wp-content\/uploads\/2025\/07\/C7-IMG_0661-264x300.jpg 264w, http:\/\/xn--kruterwandern-cfb.at\/wp-content\/uploads\/2025\/07\/C7-IMG_0661-901x1024.jpg 901w, http:\/\/xn--kruterwandern-cfb.at\/wp-content\/uploads\/2025\/07\/C7-IMG_0661-768x873.jpg 768w, http:\/\/xn--kruterwandern-cfb.at\/wp-content\/uploads\/2025\/07\/C7-IMG_0661-1352x1536.jpg 1352w, http:\/\/xn--kruterwandern-cfb.at\/wp-content\/uploads\/2025\/07\/C7-IMG_0661-1803x2048.jpg 1803w\" sizes=\"auto, (max-width: 264px) 100vw, 264px\" \/><\/p>\n<p style=\"text-align: center;\">Wermuth<img loading=\"lazy\" decoding=\"async\" class=\"aligncenter size-medium wp-image-3049\" src=\"http:\/\/xn--kruterwandern-cfb.at\/wp-content\/uploads\/2025\/07\/C8-IMG_0689-300x205.jpg\" alt=\"\" width=\"300\" height=\"205\" srcset=\"http:\/\/xn--kruterwandern-cfb.at\/wp-content\/uploads\/2025\/07\/C8-IMG_0689-300x205.jpg 300w, http:\/\/xn--kruterwandern-cfb.at\/wp-content\/uploads\/2025\/07\/C8-IMG_0689-1024x700.jpg 1024w, http:\/\/xn--kruterwandern-cfb.at\/wp-content\/uploads\/2025\/07\/C8-IMG_0689-768x525.jpg 768w, http:\/\/xn--kruterwandern-cfb.at\/wp-content\/uploads\/2025\/07\/C8-IMG_0689-1536x1050.jpg 1536w, http:\/\/xn--kruterwandern-cfb.at\/wp-content\/uploads\/2025\/07\/C8-IMG_0689-2048x1401.jpg 2048w\" sizes=\"auto, (max-width: 300px) 100vw, 300px\" \/><\/p>\n<p style=\"text-align: center;\">Salbei<img loading=\"lazy\" decoding=\"async\" class=\"aligncenter size-medium wp-image-3051\" src=\"http:\/\/xn--kruterwandern-cfb.at\/wp-content\/uploads\/2025\/07\/D2-IMG_0670-300x295.jpg\" alt=\"\" width=\"300\" height=\"295\" srcset=\"http:\/\/xn--kruterwandern-cfb.at\/wp-content\/uploads\/2025\/07\/D2-IMG_0670-300x295.jpg 300w, http:\/\/xn--kruterwandern-cfb.at\/wp-content\/uploads\/2025\/07\/D2-IMG_0670-1024x1008.jpg 1024w, http:\/\/xn--kruterwandern-cfb.at\/wp-content\/uploads\/2025\/07\/D2-IMG_0670-768x756.jpg 768w, http:\/\/xn--kruterwandern-cfb.at\/wp-content\/uploads\/2025\/07\/D2-IMG_0670-1536x1512.jpg 1536w, http:\/\/xn--kruterwandern-cfb.at\/wp-content\/uploads\/2025\/07\/D2-IMG_0670-2048x2016.jpg 2048w\" sizes=\"auto, (max-width: 300px) 100vw, 300px\" \/><\/p>\n<p style=\"text-align: center;\">Ringelrose<img loading=\"lazy\" decoding=\"async\" class=\"aligncenter size-medium wp-image-3052\" src=\"http:\/\/xn--kruterwandern-cfb.at\/wp-content\/uploads\/2025\/07\/D5-IMG_0673-300x213.jpg\" alt=\"\" width=\"300\" height=\"213\" srcset=\"http:\/\/xn--kruterwandern-cfb.at\/wp-content\/uploads\/2025\/07\/D5-IMG_0673-300x213.jpg 300w, http:\/\/xn--kruterwandern-cfb.at\/wp-content\/uploads\/2025\/07\/D5-IMG_0673-1024x726.jpg 1024w, http:\/\/xn--kruterwandern-cfb.at\/wp-content\/uploads\/2025\/07\/D5-IMG_0673-768x545.jpg 768w, http:\/\/xn--kruterwandern-cfb.at\/wp-content\/uploads\/2025\/07\/D5-IMG_0673-1536x1089.jpg 1536w, http:\/\/xn--kruterwandern-cfb.at\/wp-content\/uploads\/2025\/07\/D5-IMG_0673-2048x1452.jpg 2048w\" sizes=\"auto, (max-width: 300px) 100vw, 300px\" \/>Weinraute<\/p>\n<p style=\"text-align: center;\"><img loading=\"lazy\" decoding=\"async\" class=\"aligncenter size-medium wp-image-3053\" src=\"http:\/\/xn--kruterwandern-cfb.at\/wp-content\/uploads\/2025\/07\/D6-IMG_0693-300x202.jpg\" alt=\"\" width=\"300\" height=\"202\" srcset=\"http:\/\/xn--kruterwandern-cfb.at\/wp-content\/uploads\/2025\/07\/D6-IMG_0693-300x202.jpg 300w, http:\/\/xn--kruterwandern-cfb.at\/wp-content\/uploads\/2025\/07\/D6-IMG_0693-1024x690.jpg 1024w, http:\/\/xn--kruterwandern-cfb.at\/wp-content\/uploads\/2025\/07\/D6-IMG_0693-768x517.jpg 768w, http:\/\/xn--kruterwandern-cfb.at\/wp-content\/uploads\/2025\/07\/D6-IMG_0693-1536x1034.jpg 1536w, http:\/\/xn--kruterwandern-cfb.at\/wp-content\/uploads\/2025\/07\/D6-IMG_0693-2048x1379.jpg 2048w, http:\/\/xn--kruterwandern-cfb.at\/wp-content\/uploads\/2025\/07\/D6-IMG_0693-150x100.jpg 150w\" sizes=\"auto, (max-width: 300px) 100vw, 300px\" \/> <img loading=\"lazy\" decoding=\"async\" class=\"aligncenter size-medium wp-image-3054\" src=\"http:\/\/xn--kruterwandern-cfb.at\/wp-content\/uploads\/2025\/07\/D7-IMG_0678-300x260.jpg\" alt=\"\" width=\"300\" height=\"260\" srcset=\"http:\/\/xn--kruterwandern-cfb.at\/wp-content\/uploads\/2025\/07\/D7-IMG_0678-300x260.jpg 300w, http:\/\/xn--kruterwandern-cfb.at\/wp-content\/uploads\/2025\/07\/D7-IMG_0678-1024x888.jpg 1024w, http:\/\/xn--kruterwandern-cfb.at\/wp-content\/uploads\/2025\/07\/D7-IMG_0678-768x666.jpg 768w, http:\/\/xn--kruterwandern-cfb.at\/wp-content\/uploads\/2025\/07\/D7-IMG_0678-1536x1332.jpg 1536w, http:\/\/xn--kruterwandern-cfb.at\/wp-content\/uploads\/2025\/07\/D7-IMG_0678-2048x1776.jpg 2048w\" sizes=\"auto, (max-width: 300px) 100vw, 300px\" \/><\/p>\n<p style=\"text-align: center;\">Jungfer im Gr\u00fcnen<img loading=\"lazy\" decoding=\"async\" class=\"aligncenter size-medium wp-image-3055\" src=\"http:\/\/xn--kruterwandern-cfb.at\/wp-content\/uploads\/2025\/07\/D8-IMG_0674-230x300.jpg\" alt=\"\" width=\"230\" height=\"300\" srcset=\"http:\/\/xn--kruterwandern-cfb.at\/wp-content\/uploads\/2025\/07\/D8-IMG_0674-230x300.jpg 230w, http:\/\/xn--kruterwandern-cfb.at\/wp-content\/uploads\/2025\/07\/D8-IMG_0674-786x1024.jpg 786w, http:\/\/xn--kruterwandern-cfb.at\/wp-content\/uploads\/2025\/07\/D8-IMG_0674-768x1000.jpg 768w, http:\/\/xn--kruterwandern-cfb.at\/wp-content\/uploads\/2025\/07\/D8-IMG_0674-1179x1536.jpg 1179w, http:\/\/xn--kruterwandern-cfb.at\/wp-content\/uploads\/2025\/07\/D8-IMG_0674-1572x2048.jpg 1572w, http:\/\/xn--kruterwandern-cfb.at\/wp-content\/uploads\/2025\/07\/D8-IMG_0674.jpg 1762w\" sizes=\"auto, (max-width: 230px) 100vw, 230px\" \/><\/p>\n<p style=\"text-align: center;\">Ysop<img loading=\"lazy\" decoding=\"async\" class=\"aligncenter size-medium wp-image-3056\" src=\"http:\/\/xn--kruterwandern-cfb.at\/wp-content\/uploads\/2025\/07\/D9-IMG_0697-279x300.jpg\" alt=\"\" width=\"279\" height=\"300\" srcset=\"http:\/\/xn--kruterwandern-cfb.at\/wp-content\/uploads\/2025\/07\/D9-IMG_0697-279x300.jpg 279w, http:\/\/xn--kruterwandern-cfb.at\/wp-content\/uploads\/2025\/07\/D9-IMG_0697-953x1024.jpg 953w, http:\/\/xn--kruterwandern-cfb.at\/wp-content\/uploads\/2025\/07\/D9-IMG_0697-768x825.jpg 768w, http:\/\/xn--kruterwandern-cfb.at\/wp-content\/uploads\/2025\/07\/D9-IMG_0697-1430x1536.jpg 1430w, http:\/\/xn--kruterwandern-cfb.at\/wp-content\/uploads\/2025\/07\/D9-IMG_0697-1906x2048.jpg 1906w\" sizes=\"auto, (max-width: 279px) 100vw, 279px\" \/><\/p>\n<p style=\"text-align: center;\">Knoblauchbl\u00fcte<img loading=\"lazy\" decoding=\"async\" class=\"aligncenter size-medium wp-image-3057\" src=\"http:\/\/xn--kruterwandern-cfb.at\/wp-content\/uploads\/2025\/07\/E3-IMG_0708-228x300.jpg\" alt=\"\" width=\"228\" height=\"300\" srcset=\"http:\/\/xn--kruterwandern-cfb.at\/wp-content\/uploads\/2025\/07\/E3-IMG_0708-228x300.jpg 228w, http:\/\/xn--kruterwandern-cfb.at\/wp-content\/uploads\/2025\/07\/E3-IMG_0708-780x1024.jpg 780w, http:\/\/xn--kruterwandern-cfb.at\/wp-content\/uploads\/2025\/07\/E3-IMG_0708-768x1009.jpg 768w, http:\/\/xn--kruterwandern-cfb.at\/wp-content\/uploads\/2025\/07\/E3-IMG_0708-1169x1536.jpg 1169w, http:\/\/xn--kruterwandern-cfb.at\/wp-content\/uploads\/2025\/07\/E3-IMG_0708-1559x2048.jpg 1559w, http:\/\/xn--kruterwandern-cfb.at\/wp-content\/uploads\/2025\/07\/E3-IMG_0708-scaled.jpg 1949w\" sizes=\"auto, (max-width: 228px) 100vw, 228px\" \/><\/p>\n<p style=\"text-align: center;\">Estragon<img loading=\"lazy\" decoding=\"async\" class=\"aligncenter size-medium wp-image-3058\" src=\"http:\/\/xn--kruterwandern-cfb.at\/wp-content\/uploads\/2025\/07\/E4-IMG_0715-193x300.jpg\" alt=\"\" width=\"193\" height=\"300\" srcset=\"http:\/\/xn--kruterwandern-cfb.at\/wp-content\/uploads\/2025\/07\/E4-IMG_0715-193x300.jpg 193w, http:\/\/xn--kruterwandern-cfb.at\/wp-content\/uploads\/2025\/07\/E4-IMG_0715-659x1024.jpg 659w, http:\/\/xn--kruterwandern-cfb.at\/wp-content\/uploads\/2025\/07\/E4-IMG_0715-768x1194.jpg 768w, http:\/\/xn--kruterwandern-cfb.at\/wp-content\/uploads\/2025\/07\/E4-IMG_0715-988x1536.jpg 988w, http:\/\/xn--kruterwandern-cfb.at\/wp-content\/uploads\/2025\/07\/E4-IMG_0715-1318x2048.jpg 1318w, http:\/\/xn--kruterwandern-cfb.at\/wp-content\/uploads\/2025\/07\/E4-IMG_0715.jpg 1397w\" sizes=\"auto, (max-width: 193px) 100vw, 193px\" \/><\/p>\n<p style=\"text-align: center;\">weibl.\/m\u00e4nnl.Brennnessel<img loading=\"lazy\" decoding=\"async\" class=\"aligncenter size-medium wp-image-3059\" src=\"http:\/\/xn--kruterwandern-cfb.at\/wp-content\/uploads\/2025\/07\/E5-IMG_0712-202x300.jpg\" alt=\"\" width=\"202\" height=\"300\" srcset=\"http:\/\/xn--kruterwandern-cfb.at\/wp-content\/uploads\/2025\/07\/E5-IMG_0712-202x300.jpg 202w, http:\/\/xn--kruterwandern-cfb.at\/wp-content\/uploads\/2025\/07\/E5-IMG_0712-689x1024.jpg 689w, http:\/\/xn--kruterwandern-cfb.at\/wp-content\/uploads\/2025\/07\/E5-IMG_0712-768x1142.jpg 768w, http:\/\/xn--kruterwandern-cfb.at\/wp-content\/uploads\/2025\/07\/E5-IMG_0712-1033x1536.jpg 1033w, http:\/\/xn--kruterwandern-cfb.at\/wp-content\/uploads\/2025\/07\/E5-IMG_0712-1377x2048.jpg 1377w, http:\/\/xn--kruterwandern-cfb.at\/wp-content\/uploads\/2025\/07\/E5-IMG_0712-scaled.jpg 1722w\" sizes=\"auto, (max-width: 202px) 100vw, 202px\" \/><\/p>\n<p style=\"text-align: center;\">&#8222;Kr\u00e4uternachwuchs&#8220; mit Kapuzinerkresse<img loading=\"lazy\" decoding=\"async\" class=\"aligncenter size-medium wp-image-3060\" src=\"http:\/\/xn--kruterwandern-cfb.at\/wp-content\/uploads\/2025\/07\/E6-IMG_0649-300x225.jpg\" alt=\"\" width=\"300\" height=\"225\" srcset=\"http:\/\/xn--kruterwandern-cfb.at\/wp-content\/uploads\/2025\/07\/E6-IMG_0649-300x225.jpg 300w, http:\/\/xn--kruterwandern-cfb.at\/wp-content\/uploads\/2025\/07\/E6-IMG_0649-1024x768.jpg 1024w, http:\/\/xn--kruterwandern-cfb.at\/wp-content\/uploads\/2025\/07\/E6-IMG_0649-768x576.jpg 768w, http:\/\/xn--kruterwandern-cfb.at\/wp-content\/uploads\/2025\/07\/E6-IMG_0649-1536x1152.jpg 1536w, http:\/\/xn--kruterwandern-cfb.at\/wp-content\/uploads\/2025\/07\/E6-IMG_0649-2048x1536.jpg 2048w\" sizes=\"auto, (max-width: 300px) 100vw, 300px\" \/><\/p>\n<p style=\"text-align: center;\">Zistrose<a href=\"http:\/\/xn--kruterwandern-cfb.at\/wp-content\/uploads\/2025\/07\/F1-IMG_0719-scaled.jpg\"><img loading=\"lazy\" decoding=\"async\" class=\"aligncenter size-medium wp-image-3061\" src=\"http:\/\/xn--kruterwandern-cfb.at\/wp-content\/uploads\/2025\/07\/F1-IMG_0719-300x218.jpg\" alt=\"\" width=\"300\" height=\"218\" srcset=\"http:\/\/xn--kruterwandern-cfb.at\/wp-content\/uploads\/2025\/07\/F1-IMG_0719-300x218.jpg 300w, http:\/\/xn--kruterwandern-cfb.at\/wp-content\/uploads\/2025\/07\/F1-IMG_0719-1024x745.jpg 1024w, http:\/\/xn--kruterwandern-cfb.at\/wp-content\/uploads\/2025\/07\/F1-IMG_0719-768x559.jpg 768w, http:\/\/xn--kruterwandern-cfb.at\/wp-content\/uploads\/2025\/07\/F1-IMG_0719-1536x1118.jpg 1536w, http:\/\/xn--kruterwandern-cfb.at\/wp-content\/uploads\/2025\/07\/F1-IMG_0719-2048x1491.jpg 2048w\" sizes=\"auto, (max-width: 300px) 100vw, 300px\" \/><\/a><\/p>\n<p style=\"text-align: center;\"><a href=\"http:\/\/xn--kruterwandern-cfb.at\/wp-content\/uploads\/2025\/07\/F2-IMG_0728-scaled.jpg\"><img loading=\"lazy\" decoding=\"async\" class=\"aligncenter size-medium wp-image-3062\" src=\"http:\/\/xn--kruterwandern-cfb.at\/wp-content\/uploads\/2025\/07\/F2-IMG_0728-300x217.jpg\" alt=\"\" width=\"300\" height=\"217\" srcset=\"http:\/\/xn--kruterwandern-cfb.at\/wp-content\/uploads\/2025\/07\/F2-IMG_0728-300x217.jpg 300w, http:\/\/xn--kruterwandern-cfb.at\/wp-content\/uploads\/2025\/07\/F2-IMG_0728-1024x741.jpg 1024w, http:\/\/xn--kruterwandern-cfb.at\/wp-content\/uploads\/2025\/07\/F2-IMG_0728-768x556.jpg 768w, http:\/\/xn--kruterwandern-cfb.at\/wp-content\/uploads\/2025\/07\/F2-IMG_0728-1536x1112.jpg 1536w, http:\/\/xn--kruterwandern-cfb.at\/wp-content\/uploads\/2025\/07\/F2-IMG_0728-2048x1482.jpg 2048w\" sizes=\"auto, (max-width: 300px) 100vw, 300px\" \/><\/a><a href=\"http:\/\/xn--kruterwandern-cfb.at\/wp-content\/uploads\/2025\/07\/F5-IMG_0736-scaled.jpg\"><img loading=\"lazy\" decoding=\"async\" class=\"aligncenter size-medium wp-image-3064\" src=\"http:\/\/xn--kruterwandern-cfb.at\/wp-content\/uploads\/2025\/07\/F5-IMG_0736-300x219.jpg\" alt=\"\" width=\"300\" height=\"219\" srcset=\"http:\/\/xn--kruterwandern-cfb.at\/wp-content\/uploads\/2025\/07\/F5-IMG_0736-300x219.jpg 300w, http:\/\/xn--kruterwandern-cfb.at\/wp-content\/uploads\/2025\/07\/F5-IMG_0736-1024x746.jpg 1024w, http:\/\/xn--kruterwandern-cfb.at\/wp-content\/uploads\/2025\/07\/F5-IMG_0736-768x560.jpg 768w, http:\/\/xn--kruterwandern-cfb.at\/wp-content\/uploads\/2025\/07\/F5-IMG_0736-1536x1119.jpg 1536w, http:\/\/xn--kruterwandern-cfb.at\/wp-content\/uploads\/2025\/07\/F5-IMG_0736-2048x1493.jpg 2048w\" sizes=\"auto, (max-width: 300px) 100vw, 300px\" \/><\/a><a href=\"http:\/\/xn--kruterwandern-cfb.at\/wp-content\/uploads\/2025\/07\/F4-IMG_0741-scaled.jpg\"><img loading=\"lazy\" decoding=\"async\" class=\"aligncenter size-medium wp-image-3063\" src=\"http:\/\/xn--kruterwandern-cfb.at\/wp-content\/uploads\/2025\/07\/F4-IMG_0741-300x192.jpg\" alt=\"\" width=\"300\" height=\"192\" srcset=\"http:\/\/xn--kruterwandern-cfb.at\/wp-content\/uploads\/2025\/07\/F4-IMG_0741-300x192.jpg 300w, http:\/\/xn--kruterwandern-cfb.at\/wp-content\/uploads\/2025\/07\/F4-IMG_0741-1024x657.jpg 1024w, http:\/\/xn--kruterwandern-cfb.at\/wp-content\/uploads\/2025\/07\/F4-IMG_0741-768x493.jpg 768w, http:\/\/xn--kruterwandern-cfb.at\/wp-content\/uploads\/2025\/07\/F4-IMG_0741-1536x986.jpg 1536w, http:\/\/xn--kruterwandern-cfb.at\/wp-content\/uploads\/2025\/07\/F4-IMG_0741-2048x1314.jpg 2048w\" sizes=\"auto, (max-width: 300px) 100vw, 300px\" \/><\/a><\/p>\n<p style=\"text-align: center;\"><a href=\"http:\/\/xn--kruterwandern-cfb.at\/wp-content\/uploads\/2025\/07\/F6-IMG_0745-scaled.jpg\"><img loading=\"lazy\" decoding=\"async\" class=\"aligncenter size-medium wp-image-3065\" src=\"http:\/\/xn--kruterwandern-cfb.at\/wp-content\/uploads\/2025\/07\/F6-IMG_0745-300x203.jpg\" alt=\"\" width=\"300\" height=\"203\" srcset=\"http:\/\/xn--kruterwandern-cfb.at\/wp-content\/uploads\/2025\/07\/F6-IMG_0745-300x203.jpg 300w, http:\/\/xn--kruterwandern-cfb.at\/wp-content\/uploads\/2025\/07\/F6-IMG_0745-1024x694.jpg 1024w, http:\/\/xn--kruterwandern-cfb.at\/wp-content\/uploads\/2025\/07\/F6-IMG_0745-768x520.jpg 768w, http:\/\/xn--kruterwandern-cfb.at\/wp-content\/uploads\/2025\/07\/F6-IMG_0745-1536x1041.jpg 1536w, http:\/\/xn--kruterwandern-cfb.at\/wp-content\/uploads\/2025\/07\/F6-IMG_0745-2048x1388.jpg 2048w\" sizes=\"auto, (max-width: 300px) 100vw, 300px\" \/><\/a><\/p>\n<h2>Rezept:<\/h2>\n<h3>Zucchinikuchen:<\/h3>\n<p>3 Eier mit 30 dag Rohrrohzucker schaumig schlagen. 1\/4 l Sonnenblumen\u00f6l unterschlagen. Sodann 40 dag geraspelte und ausgedr\u00fcckte Zucchini, 35 dag Mehl, 11\/2 Tel. Weinsteinpulver und 11\/2 Tl. Zimt untermischen. Auf ein Backblech geben und bei 150\u00b0 35 bis 40 Minuten backen. Noch lauwarm mit Marmelade bestreichen und mit Schokoglasur \u00fcberziehen.<\/p>\n","protected":false},"excerpt":{"rendered":"<p>Die\u00a0Kr\u00e4uter innerhalb des Gartenzaunes Herzsamen Portulak Borretsch Hundspetersilie!!! Naturrouge Marienblatt Echinacea Eibisch Kornblume Eberraute Wermuth Salbei RingelroseWeinraute Jungfer im Gr\u00fcnen Ysop Knoblauchbl\u00fcte Estragon weibl.\/m\u00e4nnl.Brennnessel &#8222;Kr\u00e4uternachwuchs&#8220; mit Kapuzinerkresse Zistrose Rezept: Zucchinikuchen: 3 Eier mit 30 dag Rohrrohzucker schaumig schlagen. 1\/4 l Sonnenblumen\u00f6l unterschlagen. Sodann 40 dag geraspelte und ausgedr\u00fcckte Zucchini, 35&nbsp; <a href=\"http:\/\/xn--kruterwandern-cfb.at\/?p=3025\" title=\"Read more Kr\u00e4uterwandern Juli 2025\">Read more &raquo;<\/a><\/p>\n","protected":false},"author":1,"featured_media":0,"comment_status":"closed","ping_status":"closed","sticky":false,"template":"","format":"standard","meta":{"footnotes":""},"categories":[1,56],"tags":[376,332,179,385,358,226,329],"class_list":["post-3025","post","type-post","status-publish","format-standard","hentry","category-allgemein","category-rezept-2","tag-brennnessel","tag-eberraute","tag-echinacea","tag-hundspetersilie","tag-kornblume","tag-weinraute","tag-ysop"],"yoast_head":"<!-- This site is optimized with the Yoast SEO plugin v24.9 - https:\/\/yoast.com\/wordpress\/plugins\/seo\/ -->\n<title>Kr\u00e4uterwandern Juli 2025 - Kr\u00e4uterwandern mit allen Sinnen<\/title>\n<meta name=\"description\" content=\"Die\u00a0Kr\u00e4uter innerhalb des Gartenzaunes\" \/>\n<meta name=\"robots\" content=\"index, follow, max-snippet:-1, max-image-preview:large, max-video-preview:-1\" \/>\n<link rel=\"canonical\" href=\"http:\/\/xn--kruterwandern-cfb.at\/?p=3025\" \/>\n<meta property=\"og:locale\" content=\"de_DE\" \/>\n<meta property=\"og:type\" content=\"article\" \/>\n<meta property=\"og:title\" content=\"Kr\u00e4uterwandern Juli 2025 - Kr\u00e4uterwandern mit allen Sinnen\" \/>\n<meta property=\"og:description\" content=\"Die\u00a0Kr\u00e4uter innerhalb des Gartenzaunes\" \/>\n<meta property=\"og:url\" content=\"http:\/\/xn--kruterwandern-cfb.at\/?p=3025\" \/>\n<meta property=\"og:site_name\" content=\"Kr\u00e4uterwandern mit allen Sinnen\" \/>\n<meta property=\"article:published_time\" content=\"2025-07-29T08:09:56+00:00\" \/>\n<meta property=\"article:modified_time\" content=\"2025-08-06T05:22:17+00:00\" \/>\n<meta property=\"og:image\" content=\"http:\/\/xn--kruterwandern-cfb.at\/wp-content\/uploads\/2025\/07\/A5-IMG_0628-1-225x300.jpg\" \/>\n<meta name=\"author\" content=\"gabi\" \/>\n<meta name=\"twitter:label1\" content=\"Verfasst von\" \/>\n\t<meta name=\"twitter:data1\" content=\"gabi\" \/>\n\t<meta name=\"twitter:label2\" content=\"Gesch\u00e4tzte Lesezeit\" \/>\n\t<meta name=\"twitter:data2\" content=\"8\u00a0Minuten\" \/>\n<script type=\"application\/ld+json\" class=\"yoast-schema-graph\">{\"@context\":\"https:\/\/schema.org\",\"@graph\":[{\"@type\":\"Article\",\"@id\":\"http:\/\/xn--kruterwandern-cfb.at\/?p=3025#article\",\"isPartOf\":{\"@id\":\"http:\/\/xn--kruterwandern-cfb.at\/?p=3025\"},\"author\":{\"name\":\"gabi\",\"@id\":\"http:\/\/xn--kruterwandern-cfb.at\/#\/schema\/person\/149b5780cd8d441bdff00c83a20a8c72\"},\"headline\":\"Kr\u00e4uterwandern Juli 2025\",\"datePublished\":\"2025-07-29T08:09:56+00:00\",\"dateModified\":\"2025-08-06T05:22:17+00:00\",\"mainEntityOfPage\":{\"@id\":\"http:\/\/xn--kruterwandern-cfb.at\/?p=3025\"},\"wordCount\":84,\"publisher\":{\"@id\":\"http:\/\/xn--kruterwandern-cfb.at\/#\/schema\/person\/149b5780cd8d441bdff00c83a20a8c72\"},\"image\":{\"@id\":\"http:\/\/xn--kruterwandern-cfb.at\/?p=3025#primaryimage\"},\"thumbnailUrl\":\"http:\/\/xn--kruterwandern-cfb.at\/wp-content\/uploads\/2025\/07\/A5-IMG_0628-1-225x300.jpg\",\"keywords\":[\"Brennnessel\",\"Eberraute\",\"Echinacea\",\"Hundspetersilie\",\"Kornblume\",\"Weinraute\",\"Ysop\"],\"articleSection\":{\"1\":\"Rezepte\"},\"inLanguage\":\"de\"},{\"@type\":\"WebPage\",\"@id\":\"http:\/\/xn--kruterwandern-cfb.at\/?p=3025\",\"url\":\"http:\/\/xn--kruterwandern-cfb.at\/?p=3025\",\"name\":\"Kr\u00e4uterwandern Juli 2025 - Kr\u00e4uterwandern mit allen Sinnen\",\"isPartOf\":{\"@id\":\"http:\/\/xn--kruterwandern-cfb.at\/#website\"},\"primaryImageOfPage\":{\"@id\":\"http:\/\/xn--kruterwandern-cfb.at\/?p=3025#primaryimage\"},\"image\":{\"@id\":\"http:\/\/xn--kruterwandern-cfb.at\/?p=3025#primaryimage\"},\"thumbnailUrl\":\"http:\/\/xn--kruterwandern-cfb.at\/wp-content\/uploads\/2025\/07\/A5-IMG_0628-1-225x300.jpg\",\"datePublished\":\"2025-07-29T08:09:56+00:00\",\"dateModified\":\"2025-08-06T05:22:17+00:00\",\"description\":\"Die\u00a0Kr\u00e4uter innerhalb des Gartenzaunes\",\"breadcrumb\":{\"@id\":\"http:\/\/xn--kruterwandern-cfb.at\/?p=3025#breadcrumb\"},\"inLanguage\":\"de\",\"potentialAction\":[{\"@type\":\"ReadAction\",\"target\":[\"http:\/\/xn--kruterwandern-cfb.at\/?p=3025\"]}]},{\"@type\":\"ImageObject\",\"inLanguage\":\"de\",\"@id\":\"http:\/\/xn--kruterwandern-cfb.at\/?p=3025#primaryimage\",\"url\":\"http:\/\/xn--kruterwandern-cfb.at\/wp-content\/uploads\/2025\/07\/A5-IMG_0628-1-scaled.jpg\",\"contentUrl\":\"http:\/\/xn--kruterwandern-cfb.at\/wp-content\/uploads\/2025\/07\/A5-IMG_0628-1-scaled.jpg\",\"width\":1920,\"height\":2560},{\"@type\":\"BreadcrumbList\",\"@id\":\"http:\/\/xn--kruterwandern-cfb.at\/?p=3025#breadcrumb\",\"itemListElement\":[{\"@type\":\"ListItem\",\"position\":1,\"name\":\"Home\",\"item\":\"http:\/\/xn--kruterwandern-cfb.at\/\"},{\"@type\":\"ListItem\",\"position\":2,\"name\":\"Kr\u00e4uterwandern Juli 2025\"}]},{\"@type\":\"WebSite\",\"@id\":\"http:\/\/xn--kruterwandern-cfb.at\/#website\",\"url\":\"http:\/\/xn--kruterwandern-cfb.at\/\",\"name\":\"Kr\u00e4uterwandern mit allen Sinnen\",\"description\":\"Kr\u00e4uterwandern mit Kr\u00e4uterp\u00e4dagogin Gabriele Inzinger in \u00d6sterreich, K\u00e4rnten, Mittelk\u00e4rnten, Umgebung St. Veit an der Glan, Ulrichsberg, Projern\",\"publisher\":{\"@id\":\"http:\/\/xn--kruterwandern-cfb.at\/#\/schema\/person\/149b5780cd8d441bdff00c83a20a8c72\"},\"potentialAction\":[{\"@type\":\"SearchAction\",\"target\":{\"@type\":\"EntryPoint\",\"urlTemplate\":\"http:\/\/xn--kruterwandern-cfb.at\/?s={search_term_string}\"},\"query-input\":{\"@type\":\"PropertyValueSpecification\",\"valueRequired\":true,\"valueName\":\"search_term_string\"}}],\"inLanguage\":\"de\"},{\"@type\":[\"Person\",\"Organization\"],\"@id\":\"http:\/\/xn--kruterwandern-cfb.at\/#\/schema\/person\/149b5780cd8d441bdff00c83a20a8c72\",\"name\":\"gabi\",\"image\":{\"@type\":\"ImageObject\",\"inLanguage\":\"de\",\"@id\":\"http:\/\/xn--kruterwandern-cfb.at\/#\/schema\/person\/image\/\",\"url\":\"https:\/\/secure.gravatar.com\/avatar\/be551bd92966b6ea4e7cef2860bff65165267639bb7040b011e243386b977e7b?s=96&d=mm&r=g\",\"contentUrl\":\"https:\/\/secure.gravatar.com\/avatar\/be551bd92966b6ea4e7cef2860bff65165267639bb7040b011e243386b977e7b?s=96&d=mm&r=g\",\"caption\":\"gabi\"},\"logo\":{\"@id\":\"http:\/\/xn--kruterwandern-cfb.at\/#\/schema\/person\/image\/\"},\"sameAs\":[\"http:\/\/kr\u00e4uterwandern.at\"]}]}<\/script>\n<!-- \/ Yoast SEO plugin. -->","yoast_head_json":{"title":"Kr\u00e4uterwandern Juli 2025 - Kr\u00e4uterwandern mit allen Sinnen","description":"Die\u00a0Kr\u00e4uter innerhalb des Gartenzaunes","robots":{"index":"index","follow":"follow","max-snippet":"max-snippet:-1","max-image-preview":"max-image-preview:large","max-video-preview":"max-video-preview:-1"},"canonical":"http:\/\/xn--kruterwandern-cfb.at\/?p=3025","og_locale":"de_DE","og_type":"article","og_title":"Kr\u00e4uterwandern Juli 2025 - Kr\u00e4uterwandern mit allen Sinnen","og_description":"Die\u00a0Kr\u00e4uter innerhalb des Gartenzaunes","og_url":"http:\/\/xn--kruterwandern-cfb.at\/?p=3025","og_site_name":"Kr\u00e4uterwandern mit allen Sinnen","article_published_time":"2025-07-29T08:09:56+00:00","article_modified_time":"2025-08-06T05:22:17+00:00","og_image":[{"url":"http:\/\/xn--kruterwandern-cfb.at\/wp-content\/uploads\/2025\/07\/A5-IMG_0628-1-225x300.jpg","type":"","width":"","height":""}],"author":"gabi","twitter_misc":{"Verfasst von":"gabi","Gesch\u00e4tzte Lesezeit":"8\u00a0Minuten"},"schema":{"@context":"https:\/\/schema.org","@graph":[{"@type":"Article","@id":"http:\/\/xn--kruterwandern-cfb.at\/?p=3025#article","isPartOf":{"@id":"http:\/\/xn--kruterwandern-cfb.at\/?p=3025"},"author":{"name":"gabi","@id":"http:\/\/xn--kruterwandern-cfb.at\/#\/schema\/person\/149b5780cd8d441bdff00c83a20a8c72"},"headline":"Kr\u00e4uterwandern Juli 2025","datePublished":"2025-07-29T08:09:56+00:00","dateModified":"2025-08-06T05:22:17+00:00","mainEntityOfPage":{"@id":"http:\/\/xn--kruterwandern-cfb.at\/?p=3025"},"wordCount":84,"publisher":{"@id":"http:\/\/xn--kruterwandern-cfb.at\/#\/schema\/person\/149b5780cd8d441bdff00c83a20a8c72"},"image":{"@id":"http:\/\/xn--kruterwandern-cfb.at\/?p=3025#primaryimage"},"thumbnailUrl":"http:\/\/xn--kruterwandern-cfb.at\/wp-content\/uploads\/2025\/07\/A5-IMG_0628-1-225x300.jpg","keywords":["Brennnessel","Eberraute","Echinacea","Hundspetersilie","Kornblume","Weinraute","Ysop"],"articleSection":{"1":"Rezepte"},"inLanguage":"de"},{"@type":"WebPage","@id":"http:\/\/xn--kruterwandern-cfb.at\/?p=3025","url":"http:\/\/xn--kruterwandern-cfb.at\/?p=3025","name":"Kr\u00e4uterwandern Juli 2025 - Kr\u00e4uterwandern mit allen Sinnen","isPartOf":{"@id":"http:\/\/xn--kruterwandern-cfb.at\/#website"},"primaryImageOfPage":{"@id":"http:\/\/xn--kruterwandern-cfb.at\/?p=3025#primaryimage"},"image":{"@id":"http:\/\/xn--kruterwandern-cfb.at\/?p=3025#primaryimage"},"thumbnailUrl":"http:\/\/xn--kruterwandern-cfb.at\/wp-content\/uploads\/2025\/07\/A5-IMG_0628-1-225x300.jpg","datePublished":"2025-07-29T08:09:56+00:00","dateModified":"2025-08-06T05:22:17+00:00","description":"Die\u00a0Kr\u00e4uter innerhalb des Gartenzaunes","breadcrumb":{"@id":"http:\/\/xn--kruterwandern-cfb.at\/?p=3025#breadcrumb"},"inLanguage":"de","potentialAction":[{"@type":"ReadAction","target":["http:\/\/xn--kruterwandern-cfb.at\/?p=3025"]}]},{"@type":"ImageObject","inLanguage":"de","@id":"http:\/\/xn--kruterwandern-cfb.at\/?p=3025#primaryimage","url":"http:\/\/xn--kruterwandern-cfb.at\/wp-content\/uploads\/2025\/07\/A5-IMG_0628-1-scaled.jpg","contentUrl":"http:\/\/xn--kruterwandern-cfb.at\/wp-content\/uploads\/2025\/07\/A5-IMG_0628-1-scaled.jpg","width":1920,"height":2560},{"@type":"BreadcrumbList","@id":"http:\/\/xn--kruterwandern-cfb.at\/?p=3025#breadcrumb","itemListElement":[{"@type":"ListItem","position":1,"name":"Home","item":"http:\/\/xn--kruterwandern-cfb.at\/"},{"@type":"ListItem","position":2,"name":"Kr\u00e4uterwandern Juli 2025"}]},{"@type":"WebSite","@id":"http:\/\/xn--kruterwandern-cfb.at\/#website","url":"http:\/\/xn--kruterwandern-cfb.at\/","name":"Kr\u00e4uterwandern mit allen Sinnen","description":"Kr\u00e4uterwandern mit Kr\u00e4uterp\u00e4dagogin Gabriele Inzinger in \u00d6sterreich, K\u00e4rnten, Mittelk\u00e4rnten, Umgebung St. Veit an der Glan, Ulrichsberg, Projern","publisher":{"@id":"http:\/\/xn--kruterwandern-cfb.at\/#\/schema\/person\/149b5780cd8d441bdff00c83a20a8c72"},"potentialAction":[{"@type":"SearchAction","target":{"@type":"EntryPoint","urlTemplate":"http:\/\/xn--kruterwandern-cfb.at\/?s={search_term_string}"},"query-input":{"@type":"PropertyValueSpecification","valueRequired":true,"valueName":"search_term_string"}}],"inLanguage":"de"},{"@type":["Person","Organization"],"@id":"http:\/\/xn--kruterwandern-cfb.at\/#\/schema\/person\/149b5780cd8d441bdff00c83a20a8c72","name":"gabi","image":{"@type":"ImageObject","inLanguage":"de","@id":"http:\/\/xn--kruterwandern-cfb.at\/#\/schema\/person\/image\/","url":"https:\/\/secure.gravatar.com\/avatar\/be551bd92966b6ea4e7cef2860bff65165267639bb7040b011e243386b977e7b?s=96&d=mm&r=g","contentUrl":"https:\/\/secure.gravatar.com\/avatar\/be551bd92966b6ea4e7cef2860bff65165267639bb7040b011e243386b977e7b?s=96&d=mm&r=g","caption":"gabi"},"logo":{"@id":"http:\/\/xn--kruterwandern-cfb.at\/#\/schema\/person\/image\/"},"sameAs":["http:\/\/kr\u00e4uterwandern.at"]}]}},"_links":{"self":[{"href":"http:\/\/xn--kruterwandern-cfb.at\/index.php?rest_route=\/wp\/v2\/posts\/3025","targetHints":{"allow":["GET"]}}],"collection":[{"href":"http:\/\/xn--kruterwandern-cfb.at\/index.php?rest_route=\/wp\/v2\/posts"}],"about":[{"href":"http:\/\/xn--kruterwandern-cfb.at\/index.php?rest_route=\/wp\/v2\/types\/post"}],"author":[{"embeddable":true,"href":"http:\/\/xn--kruterwandern-cfb.at\/index.php?rest_route=\/wp\/v2\/users\/1"}],"replies":[{"embeddable":true,"href":"http:\/\/xn--kruterwandern-cfb.at\/index.php?rest_route=%2Fwp%2Fv2%2Fcomments&post=3025"}],"version-history":[{"count":11,"href":"http:\/\/xn--kruterwandern-cfb.at\/index.php?rest_route=\/wp\/v2\/posts\/3025\/revisions"}],"predecessor-version":[{"id":3082,"href":"http:\/\/xn--kruterwandern-cfb.at\/index.php?rest_route=\/wp\/v2\/posts\/3025\/revisions\/3082"}],"wp:attachment":[{"href":"http:\/\/xn--kruterwandern-cfb.at\/index.php?rest_route=%2Fwp%2Fv2%2Fmedia&parent=3025"}],"wp:term":[{"taxonomy":"category","embeddable":true,"href":"http:\/\/xn--kruterwandern-cfb.at\/index.php?rest_route=%2Fwp%2Fv2%2Fcategories&post=3025"},{"taxonomy":"post_tag","embeddable":true,"href":"http:\/\/xn--kruterwandern-cfb.at\/index.php?rest_route=%2Fwp%2Fv2%2Ftags&post=3025"}],"curies":[{"name":"wp","href":"https:\/\/api.w.org\/{rel}","templated":true}]}}