{"id":2972,"date":"2025-06-30T18:33:45","date_gmt":"2025-06-30T18:33:45","guid":{"rendered":"http:\/\/xn--kruterwandern-cfb.at\/?p=2972"},"modified":"2025-06-30T18:33:49","modified_gmt":"2025-06-30T18:33:49","slug":"kraeuterwandern-juni-2025","status":"publish","type":"post","link":"http:\/\/xn--kruterwandern-cfb.at\/?p=2972","title":{"rendered":"Kr\u00e4uterwandern Juni 2025"},"content":{"rendered":"<h2>Die Kr\u00e4uter zur Zeit der Sommersonnenwende<\/h2>\n<p><a href=\"http:\/\/xn--kruterwandern-cfb.at\/wp-content\/uploads\/2025\/06\/A0b-69d45a6e-efc6-4633-a0f.jpg\"><img loading=\"lazy\" decoding=\"async\" class=\"aligncenter size-medium wp-image-3007\" src=\"http:\/\/xn--kruterwandern-cfb.at\/wp-content\/uploads\/2025\/06\/A0b-69d45a6e-efc6-4633-a0f-196x300.jpg\" alt=\"\" width=\"196\" height=\"300\" srcset=\"http:\/\/xn--kruterwandern-cfb.at\/wp-content\/uploads\/2025\/06\/A0b-69d45a6e-efc6-4633-a0f-196x300.jpg 196w, http:\/\/xn--kruterwandern-cfb.at\/wp-content\/uploads\/2025\/06\/A0b-69d45a6e-efc6-4633-a0f-670x1024.jpg 670w, http:\/\/xn--kruterwandern-cfb.at\/wp-content\/uploads\/2025\/06\/A0b-69d45a6e-efc6-4633-a0f-768x1174.jpg 768w, http:\/\/xn--kruterwandern-cfb.at\/wp-content\/uploads\/2025\/06\/A0b-69d45a6e-efc6-4633-a0f-1005x1536.jpg 1005w, http:\/\/xn--kruterwandern-cfb.at\/wp-content\/uploads\/2025\/06\/A0b-69d45a6e-efc6-4633-a0f-1340x2048.jpg 1340w, http:\/\/xn--kruterwandern-cfb.at\/wp-content\/uploads\/2025\/06\/A0b-69d45a6e-efc6-4633-a0f.jpg 1513w\" sizes=\"auto, (max-width: 196px) 100vw, 196px\" \/><\/a><\/p>\n<p><a href=\"http:\/\/xn--kruterwandern-cfb.at\/wp-content\/uploads\/2025\/06\/A3-IMG_0753-scaled.jpg\"><img loading=\"lazy\" decoding=\"async\" class=\"aligncenter size-medium wp-image-2974\" src=\"http:\/\/xn--kruterwandern-cfb.at\/wp-content\/uploads\/2025\/06\/A3-IMG_0753-210x300.jpg\" alt=\"\" width=\"210\" height=\"300\" srcset=\"http:\/\/xn--kruterwandern-cfb.at\/wp-content\/uploads\/2025\/06\/A3-IMG_0753-210x300.jpg 210w, http:\/\/xn--kruterwandern-cfb.at\/wp-content\/uploads\/2025\/06\/A3-IMG_0753-717x1024.jpg 717w, http:\/\/xn--kruterwandern-cfb.at\/wp-content\/uploads\/2025\/06\/A3-IMG_0753-768x1097.jpg 768w, http:\/\/xn--kruterwandern-cfb.at\/wp-content\/uploads\/2025\/06\/A3-IMG_0753-1076x1536.jpg 1076w, http:\/\/xn--kruterwandern-cfb.at\/wp-content\/uploads\/2025\/06\/A3-IMG_0753-1434x2048.jpg 1434w, http:\/\/xn--kruterwandern-cfb.at\/wp-content\/uploads\/2025\/06\/A3-IMG_0753-scaled.jpg 1793w\" sizes=\"auto, (max-width: 210px) 100vw, 210px\" \/><\/a><\/p>\n<p><a href=\"http:\/\/xn--kruterwandern-cfb.at\/wp-content\/uploads\/2025\/06\/A5b-IMG_0460.jpg\"><img loading=\"lazy\" decoding=\"async\" class=\"aligncenter size-medium wp-image-3008\" src=\"http:\/\/xn--kruterwandern-cfb.at\/wp-content\/uploads\/2025\/06\/A5b-IMG_0460-183x300.jpg\" alt=\"\" width=\"183\" height=\"300\" srcset=\"http:\/\/xn--kruterwandern-cfb.at\/wp-content\/uploads\/2025\/06\/A5b-IMG_0460-183x300.jpg 183w, http:\/\/xn--kruterwandern-cfb.at\/wp-content\/uploads\/2025\/06\/A5b-IMG_0460-624x1024.jpg 624w, http:\/\/xn--kruterwandern-cfb.at\/wp-content\/uploads\/2025\/06\/A5b-IMG_0460-768x1260.jpg 768w, http:\/\/xn--kruterwandern-cfb.at\/wp-content\/uploads\/2025\/06\/A5b-IMG_0460-936x1536.jpg 936w, http:\/\/xn--kruterwandern-cfb.at\/wp-content\/uploads\/2025\/06\/A5b-IMG_0460.jpg 1183w\" sizes=\"auto, (max-width: 183px) 100vw, 183px\" \/><\/a><\/p>\n<p><a href=\"http:\/\/xn--kruterwandern-cfb.at\/wp-content\/uploads\/2025\/06\/A6-IMG_0391-scaled.jpg\"><img loading=\"lazy\" decoding=\"async\" class=\"aligncenter size-medium wp-image-2976\" src=\"http:\/\/xn--kruterwandern-cfb.at\/wp-content\/uploads\/2025\/06\/A6-IMG_0391-225x300.jpg\" alt=\"\" width=\"225\" height=\"300\" srcset=\"http:\/\/xn--kruterwandern-cfb.at\/wp-content\/uploads\/2025\/06\/A6-IMG_0391-225x300.jpg 225w, http:\/\/xn--kruterwandern-cfb.at\/wp-content\/uploads\/2025\/06\/A6-IMG_0391-769x1024.jpg 769w, http:\/\/xn--kruterwandern-cfb.at\/wp-content\/uploads\/2025\/06\/A6-IMG_0391-768x1022.jpg 768w, http:\/\/xn--kruterwandern-cfb.at\/wp-content\/uploads\/2025\/06\/A6-IMG_0391-1154x1536.jpg 1154w, http:\/\/xn--kruterwandern-cfb.at\/wp-content\/uploads\/2025\/06\/A6-IMG_0391-1539x2048.jpg 1539w, http:\/\/xn--kruterwandern-cfb.at\/wp-content\/uploads\/2025\/06\/A6-IMG_0391-scaled.jpg 1924w\" sizes=\"auto, (max-width: 225px) 100vw, 225px\" \/><\/a><\/p>\n<p><a href=\"http:\/\/xn--kruterwandern-cfb.at\/wp-content\/uploads\/2025\/06\/B1-IMG_0395-scaled.jpg\"><img loading=\"lazy\" decoding=\"async\" class=\"aligncenter size-medium wp-image-2981\" src=\"http:\/\/xn--kruterwandern-cfb.at\/wp-content\/uploads\/2025\/06\/B1-IMG_0395-210x300.jpg\" alt=\"\" width=\"210\" height=\"300\" srcset=\"http:\/\/xn--kruterwandern-cfb.at\/wp-content\/uploads\/2025\/06\/B1-IMG_0395-210x300.jpg 210w, http:\/\/xn--kruterwandern-cfb.at\/wp-content\/uploads\/2025\/06\/B1-IMG_0395-718x1024.jpg 718w, http:\/\/xn--kruterwandern-cfb.at\/wp-content\/uploads\/2025\/06\/B1-IMG_0395-scaled.jpg 1796w\" sizes=\"auto, (max-width: 210px) 100vw, 210px\" \/><\/a> <a href=\"http:\/\/xn--kruterwandern-cfb.at\/wp-content\/uploads\/2025\/06\/A7-cc2f9848-b10b-480f-a491-scaled.jpg\"><img loading=\"lazy\" decoding=\"async\" class=\"aligncenter size-medium wp-image-2977\" src=\"http:\/\/xn--kruterwandern-cfb.at\/wp-content\/uploads\/2025\/06\/A7-cc2f9848-b10b-480f-a491-300x195.jpg\" alt=\"\" width=\"300\" height=\"195\" srcset=\"http:\/\/xn--kruterwandern-cfb.at\/wp-content\/uploads\/2025\/06\/A7-cc2f9848-b10b-480f-a491-300x195.jpg 300w, http:\/\/xn--kruterwandern-cfb.at\/wp-content\/uploads\/2025\/06\/A7-cc2f9848-b10b-480f-a491-1024x664.jpg 1024w, http:\/\/xn--kruterwandern-cfb.at\/wp-content\/uploads\/2025\/06\/A7-cc2f9848-b10b-480f-a491-768x498.jpg 768w, http:\/\/xn--kruterwandern-cfb.at\/wp-content\/uploads\/2025\/06\/A7-cc2f9848-b10b-480f-a491-1536x996.jpg 1536w, http:\/\/xn--kruterwandern-cfb.at\/wp-content\/uploads\/2025\/06\/A7-cc2f9848-b10b-480f-a491-2048x1328.jpg 2048w\" sizes=\"auto, (max-width: 300px) 100vw, 300px\" \/><\/a> <a href=\"http:\/\/xn--kruterwandern-cfb.at\/wp-content\/uploads\/2025\/06\/A81-2b1fc689-58e8-43fd-a861.jpg\"><img loading=\"lazy\" decoding=\"async\" class=\"aligncenter size-medium wp-image-2980\" src=\"http:\/\/xn--kruterwandern-cfb.at\/wp-content\/uploads\/2025\/06\/A81-2b1fc689-58e8-43fd-a861-225x300.jpg\" alt=\"\" width=\"225\" height=\"300\" srcset=\"http:\/\/xn--kruterwandern-cfb.at\/wp-content\/uploads\/2025\/06\/A81-2b1fc689-58e8-43fd-a861-225x300.jpg 225w, http:\/\/xn--kruterwandern-cfb.at\/wp-content\/uploads\/2025\/06\/A81-2b1fc689-58e8-43fd-a861-768x1024.jpg 768w, http:\/\/xn--kruterwandern-cfb.at\/wp-content\/uploads\/2025\/06\/A81-2b1fc689-58e8-43fd-a861-1152x1536.jpg 1152w, http:\/\/xn--kruterwandern-cfb.at\/wp-content\/uploads\/2025\/06\/A81-2b1fc689-58e8-43fd-a861.jpg 1500w\" sizes=\"auto, (max-width: 225px) 100vw, 225px\" \/><\/a><\/p>\n<figure id=\"attachment_2982\" class=\"wp-caption aligncenter\" style=\"width: 300px\"><a href=\"http:\/\/xn--kruterwandern-cfb.at\/wp-content\/uploads\/2025\/06\/B2-IMG_0399-scaled.jpg\"><img loading=\"lazy\" decoding=\"async\" class=\"size-medium wp-image-2982\" src=\"http:\/\/xn--kruterwandern-cfb.at\/wp-content\/uploads\/2025\/06\/B2-IMG_0399-300x225.jpg\" alt=\"\" width=\"300\" height=\"225\" srcset=\"http:\/\/xn--kruterwandern-cfb.at\/wp-content\/uploads\/2025\/06\/B2-IMG_0399-300x225.jpg 300w, http:\/\/xn--kruterwandern-cfb.at\/wp-content\/uploads\/2025\/06\/B2-IMG_0399-1024x768.jpg 1024w, http:\/\/xn--kruterwandern-cfb.at\/wp-content\/uploads\/2025\/06\/B2-IMG_0399-768x576.jpg 768w, http:\/\/xn--kruterwandern-cfb.at\/wp-content\/uploads\/2025\/06\/B2-IMG_0399-1536x1152.jpg 1536w, http:\/\/xn--kruterwandern-cfb.at\/wp-content\/uploads\/2025\/06\/B2-IMG_0399-2048x1536.jpg 2048w\" sizes=\"auto, (max-width: 300px) 100vw, 300px\" \/><\/a><figcaption class=\"wp-caption-text\">Beifu\u00df<\/figcaption><\/figure>\n<figure id=\"attachment_2984\" class=\"wp-caption aligncenter\" style=\"width: 225px\"><a href=\"http:\/\/xn--kruterwandern-cfb.at\/wp-content\/uploads\/2025\/06\/B5-IMG_0401-scaled.jpg\"><img loading=\"lazy\" decoding=\"async\" class=\"size-medium wp-image-2984\" src=\"http:\/\/xn--kruterwandern-cfb.at\/wp-content\/uploads\/2025\/06\/B5-IMG_0401-225x300.jpg\" alt=\"\" width=\"225\" height=\"300\" srcset=\"http:\/\/xn--kruterwandern-cfb.at\/wp-content\/uploads\/2025\/06\/B5-IMG_0401-225x300.jpg 225w, http:\/\/xn--kruterwandern-cfb.at\/wp-content\/uploads\/2025\/06\/B5-IMG_0401-768x1024.jpg 768w, http:\/\/xn--kruterwandern-cfb.at\/wp-content\/uploads\/2025\/06\/B5-IMG_0401-scaled.jpg 1920w\" sizes=\"auto, (max-width: 225px) 100vw, 225px\" \/><\/a><figcaption class=\"wp-caption-text\">Johanniskraut<\/figcaption><\/figure>\n<figure id=\"attachment_2985\" class=\"wp-caption aligncenter\" style=\"width: 300px\"><a href=\"http:\/\/xn--kruterwandern-cfb.at\/wp-content\/uploads\/2025\/06\/B6-IMG_0405.jpg\"><img loading=\"lazy\" decoding=\"async\" class=\"size-medium wp-image-2985\" src=\"http:\/\/xn--kruterwandern-cfb.at\/wp-content\/uploads\/2025\/06\/B6-IMG_0405-300x225.jpg\" alt=\"\" width=\"300\" height=\"225\" srcset=\"http:\/\/xn--kruterwandern-cfb.at\/wp-content\/uploads\/2025\/06\/B6-IMG_0405-300x225.jpg 300w, http:\/\/xn--kruterwandern-cfb.at\/wp-content\/uploads\/2025\/06\/B6-IMG_0405-1024x769.jpg 1024w, http:\/\/xn--kruterwandern-cfb.at\/wp-content\/uploads\/2025\/06\/B6-IMG_0405-768x577.jpg 768w, http:\/\/xn--kruterwandern-cfb.at\/wp-content\/uploads\/2025\/06\/B6-IMG_0405-1536x1153.jpg 1536w, http:\/\/xn--kruterwandern-cfb.at\/wp-content\/uploads\/2025\/06\/B6-IMG_0405.jpg 1827w\" sizes=\"auto, (max-width: 300px) 100vw, 300px\" \/><\/a><figcaption class=\"wp-caption-text\">die Dolde mit dem Punkt<\/figcaption><\/figure>\n<figure id=\"attachment_2987\" class=\"wp-caption aligncenter\" style=\"width: 224px\"><a href=\"http:\/\/xn--kruterwandern-cfb.at\/wp-content\/uploads\/2025\/06\/B8-IMG_0411-scaled.jpg\"><img loading=\"lazy\" decoding=\"async\" class=\"size-medium wp-image-2987\" src=\"http:\/\/xn--kruterwandern-cfb.at\/wp-content\/uploads\/2025\/06\/B8-IMG_0411-224x300.jpg\" alt=\"\" width=\"224\" height=\"300\" srcset=\"http:\/\/xn--kruterwandern-cfb.at\/wp-content\/uploads\/2025\/06\/B8-IMG_0411-224x300.jpg 224w, http:\/\/xn--kruterwandern-cfb.at\/wp-content\/uploads\/2025\/06\/B8-IMG_0411-766x1024.jpg 766w, http:\/\/xn--kruterwandern-cfb.at\/wp-content\/uploads\/2025\/06\/B8-IMG_0411-768x1027.jpg 768w, http:\/\/xn--kruterwandern-cfb.at\/wp-content\/uploads\/2025\/06\/B8-IMG_0411-1149x1536.jpg 1149w, http:\/\/xn--kruterwandern-cfb.at\/wp-content\/uploads\/2025\/06\/B8-IMG_0411-1532x2048.jpg 1532w, http:\/\/xn--kruterwandern-cfb.at\/wp-content\/uploads\/2025\/06\/B8-IMG_0411-scaled.jpg 1915w\" sizes=\"auto, (max-width: 224px) 100vw, 224px\" \/><\/a><figcaption class=\"wp-caption-text\">Labkraut<\/figcaption><\/figure>\n<figure id=\"attachment_2988\" class=\"wp-caption aligncenter\" style=\"width: 210px\"><a href=\"http:\/\/xn--kruterwandern-cfb.at\/wp-content\/uploads\/2025\/06\/B9-IMG_0415-scaled.jpg\"><img loading=\"lazy\" decoding=\"async\" class=\"size-medium wp-image-2988\" src=\"http:\/\/xn--kruterwandern-cfb.at\/wp-content\/uploads\/2025\/06\/B9-IMG_0415-210x300.jpg\" alt=\"\" width=\"210\" height=\"300\" srcset=\"http:\/\/xn--kruterwandern-cfb.at\/wp-content\/uploads\/2025\/06\/B9-IMG_0415-210x300.jpg 210w, http:\/\/xn--kruterwandern-cfb.at\/wp-content\/uploads\/2025\/06\/B9-IMG_0415-718x1024.jpg 718w, http:\/\/xn--kruterwandern-cfb.at\/wp-content\/uploads\/2025\/06\/B9-IMG_0415-768x1095.jpg 768w, http:\/\/xn--kruterwandern-cfb.at\/wp-content\/uploads\/2025\/06\/B9-IMG_0415-1077x1536.jpg 1077w, http:\/\/xn--kruterwandern-cfb.at\/wp-content\/uploads\/2025\/06\/B9-IMG_0415-1436x2048.jpg 1436w, http:\/\/xn--kruterwandern-cfb.at\/wp-content\/uploads\/2025\/06\/B9-IMG_0415-scaled.jpg 1795w\" sizes=\"auto, (max-width: 210px) 100vw, 210px\" \/><\/a><figcaption class=\"wp-caption-text\">Heilziest<\/figcaption><\/figure>\n<figure id=\"attachment_2990\" class=\"wp-caption aligncenter\" style=\"width: 277px\"><a href=\"http:\/\/xn--kruterwandern-cfb.at\/wp-content\/uploads\/2025\/06\/C1-IMG_0419.jpg\"><img loading=\"lazy\" decoding=\"async\" class=\"size-medium wp-image-2990\" src=\"http:\/\/xn--kruterwandern-cfb.at\/wp-content\/uploads\/2025\/06\/C1-IMG_0419-277x300.jpg\" alt=\"\" width=\"277\" height=\"300\" srcset=\"http:\/\/xn--kruterwandern-cfb.at\/wp-content\/uploads\/2025\/06\/C1-IMG_0419-277x300.jpg 277w, http:\/\/xn--kruterwandern-cfb.at\/wp-content\/uploads\/2025\/06\/C1-IMG_0419-946x1024.jpg 946w, http:\/\/xn--kruterwandern-cfb.at\/wp-content\/uploads\/2025\/06\/C1-IMG_0419-768x831.jpg 768w, http:\/\/xn--kruterwandern-cfb.at\/wp-content\/uploads\/2025\/06\/C1-IMG_0419-1419x1536.jpg 1419w, http:\/\/xn--kruterwandern-cfb.at\/wp-content\/uploads\/2025\/06\/C1-IMG_0419-1892x2048.jpg 1892w\" sizes=\"auto, (max-width: 277px) 100vw, 277px\" \/><\/a><figcaption class=\"wp-caption-text\">Schafgarbe<\/figcaption><\/figure>\n<figure id=\"attachment_2991\" class=\"wp-caption aligncenter\" style=\"width: 204px\"><a href=\"http:\/\/xn--kruterwandern-cfb.at\/wp-content\/uploads\/2025\/06\/C2-IMG_0430-scaled.jpg\"><img loading=\"lazy\" decoding=\"async\" class=\"size-medium wp-image-2991\" src=\"http:\/\/xn--kruterwandern-cfb.at\/wp-content\/uploads\/2025\/06\/C2-IMG_0430-204x300.jpg\" alt=\"\" width=\"204\" height=\"300\" srcset=\"http:\/\/xn--kruterwandern-cfb.at\/wp-content\/uploads\/2025\/06\/C2-IMG_0430-204x300.jpg 204w, http:\/\/xn--kruterwandern-cfb.at\/wp-content\/uploads\/2025\/06\/C2-IMG_0430-698x1024.jpg 698w, http:\/\/xn--kruterwandern-cfb.at\/wp-content\/uploads\/2025\/06\/C2-IMG_0430-768x1127.jpg 768w, http:\/\/xn--kruterwandern-cfb.at\/wp-content\/uploads\/2025\/06\/C2-IMG_0430-1047x1536.jpg 1047w, http:\/\/xn--kruterwandern-cfb.at\/wp-content\/uploads\/2025\/06\/C2-IMG_0430-1395x2048.jpg 1395w, http:\/\/xn--kruterwandern-cfb.at\/wp-content\/uploads\/2025\/06\/C2-IMG_0430-scaled.jpg 1744w\" sizes=\"auto, (max-width: 204px) 100vw, 204px\" \/><\/a><figcaption class=\"wp-caption-text\">M\u00e4des\u00fc\u00df<\/figcaption><\/figure>\n<figure id=\"attachment_2992\" class=\"wp-caption aligncenter\" style=\"width: 198px\"><a href=\"http:\/\/xn--kruterwandern-cfb.at\/wp-content\/uploads\/2025\/06\/C3-IMG_0420.jpg\"><img loading=\"lazy\" decoding=\"async\" class=\"size-medium wp-image-2992\" src=\"http:\/\/xn--kruterwandern-cfb.at\/wp-content\/uploads\/2025\/06\/C3-IMG_0420-198x300.jpg\" alt=\"\" width=\"198\" height=\"300\" srcset=\"http:\/\/xn--kruterwandern-cfb.at\/wp-content\/uploads\/2025\/06\/C3-IMG_0420-198x300.jpg 198w, http:\/\/xn--kruterwandern-cfb.at\/wp-content\/uploads\/2025\/06\/C3-IMG_0420-676x1024.jpg 676w, http:\/\/xn--kruterwandern-cfb.at\/wp-content\/uploads\/2025\/06\/C3-IMG_0420-768x1164.jpg 768w, http:\/\/xn--kruterwandern-cfb.at\/wp-content\/uploads\/2025\/06\/C3-IMG_0420-1013x1536.jpg 1013w, http:\/\/xn--kruterwandern-cfb.at\/wp-content\/uploads\/2025\/06\/C3-IMG_0420-1351x2048.jpg 1351w, http:\/\/xn--kruterwandern-cfb.at\/wp-content\/uploads\/2025\/06\/C3-IMG_0420.jpg 1677w\" sizes=\"auto, (max-width: 198px) 100vw, 198px\" \/><\/a><figcaption class=\"wp-caption-text\">Steinklee<\/figcaption><\/figure>\n<figure id=\"attachment_2993\" class=\"wp-caption aligncenter\" style=\"width: 197px\"><a href=\"http:\/\/xn--kruterwandern-cfb.at\/wp-content\/uploads\/2025\/06\/C4-IMG_0428-scaled.jpg\"><img loading=\"lazy\" decoding=\"async\" class=\"size-medium wp-image-2993\" src=\"http:\/\/xn--kruterwandern-cfb.at\/wp-content\/uploads\/2025\/06\/C4-IMG_0428-197x300.jpg\" alt=\"\" width=\"197\" height=\"300\" srcset=\"http:\/\/xn--kruterwandern-cfb.at\/wp-content\/uploads\/2025\/06\/C4-IMG_0428-197x300.jpg 197w, http:\/\/xn--kruterwandern-cfb.at\/wp-content\/uploads\/2025\/06\/C4-IMG_0428-671x1024.jpg 671w, http:\/\/xn--kruterwandern-cfb.at\/wp-content\/uploads\/2025\/06\/C4-IMG_0428-768x1171.jpg 768w, http:\/\/xn--kruterwandern-cfb.at\/wp-content\/uploads\/2025\/06\/C4-IMG_0428-1007x1536.jpg 1007w, http:\/\/xn--kruterwandern-cfb.at\/wp-content\/uploads\/2025\/06\/C4-IMG_0428-1343x2048.jpg 1343w, http:\/\/xn--kruterwandern-cfb.at\/wp-content\/uploads\/2025\/06\/C4-IMG_0428-scaled.jpg 1679w\" sizes=\"auto, (max-width: 197px) 100vw, 197px\" \/><\/a><figcaption class=\"wp-caption-text\">Blutweiderich<\/figcaption><\/figure>\n<figure id=\"attachment_2994\" class=\"wp-caption aligncenter\" style=\"width: 211px\"><a href=\"http:\/\/xn--kruterwandern-cfb.at\/wp-content\/uploads\/2025\/06\/C5-xx-scaled.jpg\"><img loading=\"lazy\" decoding=\"async\" class=\"size-medium wp-image-2994\" src=\"http:\/\/xn--kruterwandern-cfb.at\/wp-content\/uploads\/2025\/06\/C5-xx-211x300.jpg\" alt=\"\" width=\"211\" height=\"300\" srcset=\"http:\/\/xn--kruterwandern-cfb.at\/wp-content\/uploads\/2025\/06\/C5-xx-211x300.jpg 211w, http:\/\/xn--kruterwandern-cfb.at\/wp-content\/uploads\/2025\/06\/C5-xx-719x1024.jpg 719w, http:\/\/xn--kruterwandern-cfb.at\/wp-content\/uploads\/2025\/06\/C5-xx-768x1094.jpg 768w, http:\/\/xn--kruterwandern-cfb.at\/wp-content\/uploads\/2025\/06\/C5-xx-1078x1536.jpg 1078w, http:\/\/xn--kruterwandern-cfb.at\/wp-content\/uploads\/2025\/06\/C5-xx-1437x2048.jpg 1437w, http:\/\/xn--kruterwandern-cfb.at\/wp-content\/uploads\/2025\/06\/C5-xx-scaled.jpg 1796w\" sizes=\"auto, (max-width: 211px) 100vw, 211px\" \/><\/a><figcaption class=\"wp-caption-text\">Lavendel<\/figcaption><\/figure>\n<p><a href=\"http:\/\/xn--kruterwandern-cfb.at\/wp-content\/uploads\/2025\/06\/C-6-IMG_0436-scaled.jpg\"><img loading=\"lazy\" decoding=\"async\" class=\"aligncenter size-medium wp-image-2989\" src=\"http:\/\/xn--kruterwandern-cfb.at\/wp-content\/uploads\/2025\/06\/C-6-IMG_0436-225x300.jpg\" alt=\"\" width=\"225\" height=\"300\" srcset=\"http:\/\/xn--kruterwandern-cfb.at\/wp-content\/uploads\/2025\/06\/C-6-IMG_0436-225x300.jpg 225w, http:\/\/xn--kruterwandern-cfb.at\/wp-content\/uploads\/2025\/06\/C-6-IMG_0436-768x1024.jpg 768w, http:\/\/xn--kruterwandern-cfb.at\/wp-content\/uploads\/2025\/06\/C-6-IMG_0436-scaled.jpg 1920w\" sizes=\"auto, (max-width: 225px) 100vw, 225px\" \/><\/a><\/p>\n<p><a href=\"http:\/\/xn--kruterwandern-cfb.at\/wp-content\/uploads\/2025\/06\/C7-IMG_0438-scaled.jpg\"><img loading=\"lazy\" decoding=\"async\" class=\"aligncenter size-medium wp-image-2995\" src=\"http:\/\/xn--kruterwandern-cfb.at\/wp-content\/uploads\/2025\/06\/C7-IMG_0438-225x300.jpg\" alt=\"\" width=\"225\" height=\"300\" srcset=\"http:\/\/xn--kruterwandern-cfb.at\/wp-content\/uploads\/2025\/06\/C7-IMG_0438-225x300.jpg 225w, http:\/\/xn--kruterwandern-cfb.at\/wp-content\/uploads\/2025\/06\/C7-IMG_0438-768x1024.jpg 768w, http:\/\/xn--kruterwandern-cfb.at\/wp-content\/uploads\/2025\/06\/C7-IMG_0438-scaled.jpg 1920w\" sizes=\"auto, (max-width: 225px) 100vw, 225px\" \/><\/a><\/p>\n<figure id=\"attachment_2996\" class=\"wp-caption aligncenter\" style=\"width: 248px\"><a href=\"http:\/\/xn--kruterwandern-cfb.at\/wp-content\/uploads\/2025\/06\/C8-IMG_0441-scaled.jpg\"><img loading=\"lazy\" decoding=\"async\" class=\"size-medium wp-image-2996\" src=\"http:\/\/xn--kruterwandern-cfb.at\/wp-content\/uploads\/2025\/06\/C8-IMG_0441-248x300.jpg\" alt=\"\" width=\"248\" height=\"300\" srcset=\"http:\/\/xn--kruterwandern-cfb.at\/wp-content\/uploads\/2025\/06\/C8-IMG_0441-248x300.jpg 248w, http:\/\/xn--kruterwandern-cfb.at\/wp-content\/uploads\/2025\/06\/C8-IMG_0441-846x1024.jpg 846w, http:\/\/xn--kruterwandern-cfb.at\/wp-content\/uploads\/2025\/06\/C8-IMG_0441-768x929.jpg 768w, http:\/\/xn--kruterwandern-cfb.at\/wp-content\/uploads\/2025\/06\/C8-IMG_0441-1270x1536.jpg 1270w, http:\/\/xn--kruterwandern-cfb.at\/wp-content\/uploads\/2025\/06\/C8-IMG_0441-1693x2048.jpg 1693w\" sizes=\"auto, (max-width: 248px) 100vw, 248px\" \/><\/a><figcaption class=\"wp-caption-text\">Eisenkraut<\/figcaption><\/figure>\n<figure id=\"attachment_2997\" class=\"wp-caption aligncenter\" style=\"width: 212px\"><a href=\"http:\/\/xn--kruterwandern-cfb.at\/wp-content\/uploads\/2025\/06\/C9-IMG_0443-scaled.jpg\"><img loading=\"lazy\" decoding=\"async\" class=\"size-medium wp-image-2997\" src=\"http:\/\/xn--kruterwandern-cfb.at\/wp-content\/uploads\/2025\/06\/C9-IMG_0443-212x300.jpg\" alt=\"\" width=\"212\" height=\"300\" srcset=\"http:\/\/xn--kruterwandern-cfb.at\/wp-content\/uploads\/2025\/06\/C9-IMG_0443-212x300.jpg 212w, http:\/\/xn--kruterwandern-cfb.at\/wp-content\/uploads\/2025\/06\/C9-IMG_0443-725x1024.jpg 725w, http:\/\/xn--kruterwandern-cfb.at\/wp-content\/uploads\/2025\/06\/C9-IMG_0443-768x1085.jpg 768w, http:\/\/xn--kruterwandern-cfb.at\/wp-content\/uploads\/2025\/06\/C9-IMG_0443-1088x1536.jpg 1088w, http:\/\/xn--kruterwandern-cfb.at\/wp-content\/uploads\/2025\/06\/C9-IMG_0443-1450x2048.jpg 1450w, http:\/\/xn--kruterwandern-cfb.at\/wp-content\/uploads\/2025\/06\/C9-IMG_0443-scaled.jpg 1813w\" sizes=\"auto, (max-width: 212px) 100vw, 212px\" \/><\/a><figcaption class=\"wp-caption-text\">Taglilie<\/figcaption><\/figure>\n<p><a href=\"http:\/\/xn--kruterwandern-cfb.at\/wp-content\/uploads\/2025\/06\/D1-IMG_0450-scaled.jpg\"><img loading=\"lazy\" decoding=\"async\" class=\"aligncenter size-medium wp-image-2998\" src=\"http:\/\/xn--kruterwandern-cfb.at\/wp-content\/uploads\/2025\/06\/D1-IMG_0450-300x225.jpg\" alt=\"\" width=\"300\" height=\"225\" srcset=\"http:\/\/xn--kruterwandern-cfb.at\/wp-content\/uploads\/2025\/06\/D1-IMG_0450-300x225.jpg 300w, http:\/\/xn--kruterwandern-cfb.at\/wp-content\/uploads\/2025\/06\/D1-IMG_0450-1024x768.jpg 1024w, http:\/\/xn--kruterwandern-cfb.at\/wp-content\/uploads\/2025\/06\/D1-IMG_0450-768x576.jpg 768w, http:\/\/xn--kruterwandern-cfb.at\/wp-content\/uploads\/2025\/06\/D1-IMG_0450-1536x1152.jpg 1536w, http:\/\/xn--kruterwandern-cfb.at\/wp-content\/uploads\/2025\/06\/D1-IMG_0450-2048x1536.jpg 2048w\" sizes=\"auto, (max-width: 300px) 100vw, 300px\" \/><\/a><\/p>\n<figure id=\"attachment_2999\" class=\"wp-caption aligncenter\" style=\"width: 225px\"><a href=\"http:\/\/xn--kruterwandern-cfb.at\/wp-content\/uploads\/2025\/06\/D3-e935d3c8-40b3-47f6-826b.jpg\"><img loading=\"lazy\" decoding=\"async\" class=\"size-medium wp-image-2999\" src=\"http:\/\/xn--kruterwandern-cfb.at\/wp-content\/uploads\/2025\/06\/D3-e935d3c8-40b3-47f6-826b-225x300.jpg\" alt=\"\" width=\"225\" height=\"300\" srcset=\"http:\/\/xn--kruterwandern-cfb.at\/wp-content\/uploads\/2025\/06\/D3-e935d3c8-40b3-47f6-826b-225x300.jpg 225w, http:\/\/xn--kruterwandern-cfb.at\/wp-content\/uploads\/2025\/06\/D3-e935d3c8-40b3-47f6-826b-768x1024.jpg 768w, http:\/\/xn--kruterwandern-cfb.at\/wp-content\/uploads\/2025\/06\/D3-e935d3c8-40b3-47f6-826b-1152x1536.jpg 1152w, http:\/\/xn--kruterwandern-cfb.at\/wp-content\/uploads\/2025\/06\/D3-e935d3c8-40b3-47f6-826b.jpg 1530w\" sizes=\"auto, (max-width: 225px) 100vw, 225px\" \/><\/a><figcaption class=\"wp-caption-text\">K\u00f6nigskerze<\/figcaption><\/figure>\n<figure id=\"attachment_3000\" class=\"wp-caption aligncenter\" style=\"width: 225px\"><a href=\"http:\/\/xn--kruterwandern-cfb.at\/wp-content\/uploads\/2025\/06\/D4-IMG_0451-scaled.jpg\"><img loading=\"lazy\" decoding=\"async\" class=\"size-medium wp-image-3000\" src=\"http:\/\/xn--kruterwandern-cfb.at\/wp-content\/uploads\/2025\/06\/D4-IMG_0451-225x300.jpg\" alt=\"\" width=\"225\" height=\"300\" srcset=\"http:\/\/xn--kruterwandern-cfb.at\/wp-content\/uploads\/2025\/06\/D4-IMG_0451-225x300.jpg 225w, http:\/\/xn--kruterwandern-cfb.at\/wp-content\/uploads\/2025\/06\/D4-IMG_0451-768x1024.jpg 768w, http:\/\/xn--kruterwandern-cfb.at\/wp-content\/uploads\/2025\/06\/D4-IMG_0451-scaled.jpg 1920w\" sizes=\"auto, (max-width: 225px) 100vw, 225px\" \/><\/a><figcaption class=\"wp-caption-text\">der sch\u00f6ne Wegerich<\/figcaption><\/figure>\n<figure id=\"attachment_3001\" class=\"wp-caption aligncenter\" style=\"width: 211px\"><a href=\"http:\/\/xn--kruterwandern-cfb.at\/wp-content\/uploads\/2025\/06\/D5-IMG_0453-scaled.jpg\"><img loading=\"lazy\" decoding=\"async\" class=\"size-medium wp-image-3001\" src=\"http:\/\/xn--kruterwandern-cfb.at\/wp-content\/uploads\/2025\/06\/D5-IMG_0453-211x300.jpg\" alt=\"\" width=\"211\" height=\"300\" srcset=\"http:\/\/xn--kruterwandern-cfb.at\/wp-content\/uploads\/2025\/06\/D5-IMG_0453-211x300.jpg 211w, http:\/\/xn--kruterwandern-cfb.at\/wp-content\/uploads\/2025\/06\/D5-IMG_0453-720x1024.jpg 720w, http:\/\/xn--kruterwandern-cfb.at\/wp-content\/uploads\/2025\/06\/D5-IMG_0453-768x1093.jpg 768w, http:\/\/xn--kruterwandern-cfb.at\/wp-content\/uploads\/2025\/06\/D5-IMG_0453-1080x1536.jpg 1080w, http:\/\/xn--kruterwandern-cfb.at\/wp-content\/uploads\/2025\/06\/D5-IMG_0453-1439x2048.jpg 1439w, http:\/\/xn--kruterwandern-cfb.at\/wp-content\/uploads\/2025\/06\/D5-IMG_0453-scaled.jpg 1799w\" sizes=\"auto, (max-width: 211px) 100vw, 211px\" \/><\/a><figcaption class=\"wp-caption-text\">Wilder Brokkolie<\/figcaption><\/figure>\n<figure id=\"attachment_3002\" class=\"wp-caption aligncenter\" style=\"width: 241px\"><a href=\"http:\/\/xn--kruterwandern-cfb.at\/wp-content\/uploads\/2025\/06\/D6-IMG_0456-scaled.jpg\"><img loading=\"lazy\" decoding=\"async\" class=\"size-medium wp-image-3002\" src=\"http:\/\/xn--kruterwandern-cfb.at\/wp-content\/uploads\/2025\/06\/D6-IMG_0456-241x300.jpg\" alt=\"\" width=\"241\" height=\"300\" srcset=\"http:\/\/xn--kruterwandern-cfb.at\/wp-content\/uploads\/2025\/06\/D6-IMG_0456-241x300.jpg 241w, http:\/\/xn--kruterwandern-cfb.at\/wp-content\/uploads\/2025\/06\/D6-IMG_0456-823x1024.jpg 823w, http:\/\/xn--kruterwandern-cfb.at\/wp-content\/uploads\/2025\/06\/D6-IMG_0456-768x955.jpg 768w, http:\/\/xn--kruterwandern-cfb.at\/wp-content\/uploads\/2025\/06\/D6-IMG_0456-1235x1536.jpg 1235w, http:\/\/xn--kruterwandern-cfb.at\/wp-content\/uploads\/2025\/06\/D6-IMG_0456-1646x2048.jpg 1646w\" sizes=\"auto, (max-width: 241px) 100vw, 241px\" \/><\/a><figcaption class=\"wp-caption-text\">Wiesenb\u00e4renklau<\/figcaption><\/figure>\n<p><a href=\"http:\/\/xn--kruterwandern-cfb.at\/wp-content\/uploads\/2025\/06\/E1-IMG_0467-scaled.jpg\"><img loading=\"lazy\" decoding=\"async\" class=\"aligncenter size-medium wp-image-3003\" src=\"http:\/\/xn--kruterwandern-cfb.at\/wp-content\/uploads\/2025\/06\/E1-IMG_0467-300x189.jpg\" alt=\"\" width=\"300\" height=\"189\" srcset=\"http:\/\/xn--kruterwandern-cfb.at\/wp-content\/uploads\/2025\/06\/E1-IMG_0467-300x189.jpg 300w, http:\/\/xn--kruterwandern-cfb.at\/wp-content\/uploads\/2025\/06\/E1-IMG_0467-1024x646.jpg 1024w, http:\/\/xn--kruterwandern-cfb.at\/wp-content\/uploads\/2025\/06\/E1-IMG_0467-768x485.jpg 768w, http:\/\/xn--kruterwandern-cfb.at\/wp-content\/uploads\/2025\/06\/E1-IMG_0467-1536x969.jpg 1536w, http:\/\/xn--kruterwandern-cfb.at\/wp-content\/uploads\/2025\/06\/E1-IMG_0467-2048x1292.jpg 2048w\" sizes=\"auto, (max-width: 300px) 100vw, 300px\" \/><\/a> <a href=\"http:\/\/xn--kruterwandern-cfb.at\/wp-content\/uploads\/2025\/06\/E3-IMG_0471-scaled.jpg\"><img loading=\"lazy\" decoding=\"async\" class=\"aligncenter size-medium wp-image-3004\" src=\"http:\/\/xn--kruterwandern-cfb.at\/wp-content\/uploads\/2025\/06\/E3-IMG_0471-300x185.jpg\" alt=\"\" width=\"300\" height=\"185\" srcset=\"http:\/\/xn--kruterwandern-cfb.at\/wp-content\/uploads\/2025\/06\/E3-IMG_0471-300x185.jpg 300w, http:\/\/xn--kruterwandern-cfb.at\/wp-content\/uploads\/2025\/06\/E3-IMG_0471-1024x633.jpg 1024w, http:\/\/xn--kruterwandern-cfb.at\/wp-content\/uploads\/2025\/06\/E3-IMG_0471-768x474.jpg 768w, http:\/\/xn--kruterwandern-cfb.at\/wp-content\/uploads\/2025\/06\/E3-IMG_0471-1536x949.jpg 1536w, http:\/\/xn--kruterwandern-cfb.at\/wp-content\/uploads\/2025\/06\/E3-IMG_0471-2048x1265.jpg 2048w\" sizes=\"auto, (max-width: 300px) 100vw, 300px\" \/><\/a> <a href=\"http:\/\/xn--kruterwandern-cfb.at\/wp-content\/uploads\/2025\/06\/E4-IMG_0478-scaled.jpg\"><img loading=\"lazy\" decoding=\"async\" class=\"aligncenter size-medium wp-image-3005\" src=\"http:\/\/xn--kruterwandern-cfb.at\/wp-content\/uploads\/2025\/06\/E4-IMG_0478-300x200.jpg\" alt=\"\" width=\"300\" height=\"200\" srcset=\"http:\/\/xn--kruterwandern-cfb.at\/wp-content\/uploads\/2025\/06\/E4-IMG_0478-300x200.jpg 300w, http:\/\/xn--kruterwandern-cfb.at\/wp-content\/uploads\/2025\/06\/E4-IMG_0478-1024x682.jpg 1024w, http:\/\/xn--kruterwandern-cfb.at\/wp-content\/uploads\/2025\/06\/E4-IMG_0478-768x512.jpg 768w, http:\/\/xn--kruterwandern-cfb.at\/wp-content\/uploads\/2025\/06\/E4-IMG_0478-1536x1023.jpg 1536w, http:\/\/xn--kruterwandern-cfb.at\/wp-content\/uploads\/2025\/06\/E4-IMG_0478-2048x1364.jpg 2048w, http:\/\/xn--kruterwandern-cfb.at\/wp-content\/uploads\/2025\/06\/E4-IMG_0478-150x100.jpg 150w\" sizes=\"auto, (max-width: 300px) 100vw, 300px\" \/><\/a> <a href=\"http:\/\/xn--kruterwandern-cfb.at\/wp-content\/uploads\/2025\/06\/E6-IMG_0488-scaled.jpg\"><img loading=\"lazy\" decoding=\"async\" class=\"aligncenter size-medium wp-image-3006\" src=\"http:\/\/xn--kruterwandern-cfb.at\/wp-content\/uploads\/2025\/06\/E6-IMG_0488-300x191.jpg\" alt=\"\" width=\"300\" height=\"191\" srcset=\"http:\/\/xn--kruterwandern-cfb.at\/wp-content\/uploads\/2025\/06\/E6-IMG_0488-300x191.jpg 300w, http:\/\/xn--kruterwandern-cfb.at\/wp-content\/uploads\/2025\/06\/E6-IMG_0488-1024x653.jpg 1024w, http:\/\/xn--kruterwandern-cfb.at\/wp-content\/uploads\/2025\/06\/E6-IMG_0488-768x490.jpg 768w, http:\/\/xn--kruterwandern-cfb.at\/wp-content\/uploads\/2025\/06\/E6-IMG_0488-1536x979.jpg 1536w, http:\/\/xn--kruterwandern-cfb.at\/wp-content\/uploads\/2025\/06\/E6-IMG_0488-2048x1305.jpg 2048w\" sizes=\"auto, (max-width: 300px) 100vw, 300px\" \/><\/a><\/p>\n<p>&nbsp;<\/p>\n<h2>Rezept<\/h2>\n<h3 align=\"left\"><span style=\"font-size: large;\">Trikolore<\/span><\/h3>\n<p align=\"left\"><span style=\"font-size: large;\">Getrocknete Tomaten, frische Paprika, Paprikapulver, Schalotten, Knoblauch, Kapuzinerkresse-Kapern, gr\u00fcne \u2013 eingelegte Hollerbeeren, Salz, Chilli, Ketchup.<\/span><\/p>\n<p align=\"left\"><span style=\"font-size: large;\">Alles sehr klein schneiden und zusammenmischen.<\/span><\/p>\n<p align=\"left\"><span style=\"font-size: large;\">Abwechselnd mit Frischk\u00e4se und K\u00f6nigskerzen-Pesto in Gl\u00e4ser schichten.<\/span><\/p>\n<p>&nbsp;<\/p>\n","protected":false},"excerpt":{"rendered":"<p>Die Kr\u00e4uter zur Zeit der Sommersonnenwende &nbsp; Rezept Trikolore Getrocknete Tomaten, frische Paprika, Paprikapulver, Schalotten, Knoblauch, Kapuzinerkresse-Kapern, gr\u00fcne \u2013 eingelegte Hollerbeeren, Salz, Chilli, Ketchup. Alles sehr klein schneiden und zusammenmischen. Abwechselnd mit Frischk\u00e4se und K\u00f6nigskerzen-Pesto in Gl\u00e4ser schichten. &nbsp;<\/p>\n","protected":false},"author":1,"featured_media":0,"comment_status":"closed","ping_status":"closed","sticky":false,"template":"","format":"standard","meta":{"footnotes":""},"categories":[1,56],"tags":[331,382,143,384,383],"class_list":["post-2972","post","type-post","status-publish","format-standard","hentry","category-allgemein","category-rezept-2","tag-einjaehriger-beifuss","tag-heilziest","tag-johanniskraut","tag-koenigskerze","tag-schoener-wegerich"],"yoast_head":"<!-- This site is optimized with the Yoast SEO plugin v24.9 - https:\/\/yoast.com\/wordpress\/plugins\/seo\/ -->\n<title>Kr\u00e4uterwandern Juni 2025 - Kr\u00e4uterwandern mit allen Sinnen<\/title>\n<meta name=\"robots\" content=\"index, follow, max-snippet:-1, max-image-preview:large, max-video-preview:-1\" \/>\n<link rel=\"canonical\" href=\"http:\/\/xn--kruterwandern-cfb.at\/?p=2972\" \/>\n<meta property=\"og:locale\" content=\"de_DE\" \/>\n<meta property=\"og:type\" content=\"article\" \/>\n<meta property=\"og:title\" content=\"Kr\u00e4uterwandern Juni 2025 - Kr\u00e4uterwandern mit allen Sinnen\" \/>\n<meta property=\"og:description\" content=\"Die Kr\u00e4uter zur Zeit der Sommersonnenwende &nbsp; Rezept Trikolore Getrocknete Tomaten, frische Paprika, Paprikapulver, Schalotten, Knoblauch, Kapuzinerkresse-Kapern, gr\u00fcne \u2013 eingelegte Hollerbeeren, Salz, Chilli, Ketchup. Alles sehr klein schneiden und zusammenmischen. Abwechselnd mit Frischk\u00e4se und K\u00f6nigskerzen-Pesto in Gl\u00e4ser schichten. &nbsp;\" \/>\n<meta property=\"og:url\" content=\"http:\/\/xn--kruterwandern-cfb.at\/?p=2972\" \/>\n<meta property=\"og:site_name\" content=\"Kr\u00e4uterwandern mit allen Sinnen\" \/>\n<meta property=\"article:published_time\" content=\"2025-06-30T18:33:45+00:00\" \/>\n<meta property=\"article:modified_time\" content=\"2025-06-30T18:33:49+00:00\" \/>\n<meta property=\"og:image\" content=\"http:\/\/xn--kruterwandern-cfb.at\/wp-content\/uploads\/2025\/06\/A0b-69d45a6e-efc6-4633-a0f-196x300.jpg\" \/>\n<meta name=\"author\" content=\"gabi\" \/>\n<meta name=\"twitter:label1\" content=\"Verfasst von\" \/>\n\t<meta name=\"twitter:data1\" content=\"gabi\" \/>\n\t<meta name=\"twitter:label2\" content=\"Gesch\u00e4tzte Lesezeit\" \/>\n\t<meta name=\"twitter:data2\" content=\"7\u00a0Minuten\" \/>\n<script type=\"application\/ld+json\" class=\"yoast-schema-graph\">{\"@context\":\"https:\/\/schema.org\",\"@graph\":[{\"@type\":\"Article\",\"@id\":\"http:\/\/xn--kruterwandern-cfb.at\/?p=2972#article\",\"isPartOf\":{\"@id\":\"http:\/\/xn--kruterwandern-cfb.at\/?p=2972\"},\"author\":{\"name\":\"gabi\",\"@id\":\"http:\/\/xn--kruterwandern-cfb.at\/#\/schema\/person\/149b5780cd8d441bdff00c83a20a8c72\"},\"headline\":\"Kr\u00e4uterwandern Juni 2025\",\"datePublished\":\"2025-06-30T18:33:45+00:00\",\"dateModified\":\"2025-06-30T18:33:49+00:00\",\"mainEntityOfPage\":{\"@id\":\"http:\/\/xn--kruterwandern-cfb.at\/?p=2972\"},\"wordCount\":185,\"publisher\":{\"@id\":\"http:\/\/xn--kruterwandern-cfb.at\/#\/schema\/person\/149b5780cd8d441bdff00c83a20a8c72\"},\"image\":{\"@id\":\"http:\/\/xn--kruterwandern-cfb.at\/?p=2972#primaryimage\"},\"thumbnailUrl\":\"http:\/\/xn--kruterwandern-cfb.at\/wp-content\/uploads\/2025\/06\/A0b-69d45a6e-efc6-4633-a0f-196x300.jpg\",\"keywords\":[\"einj\u00e4hriger Beifu\u00df\",\"Heilziest\",\"Johanniskraut\",\"K\u00f6nigskerze\",\"sch\u00f6ner Wegerich\"],\"articleSection\":{\"1\":\"Rezepte\"},\"inLanguage\":\"de\"},{\"@type\":\"WebPage\",\"@id\":\"http:\/\/xn--kruterwandern-cfb.at\/?p=2972\",\"url\":\"http:\/\/xn--kruterwandern-cfb.at\/?p=2972\",\"name\":\"Kr\u00e4uterwandern Juni 2025 - Kr\u00e4uterwandern mit allen Sinnen\",\"isPartOf\":{\"@id\":\"http:\/\/xn--kruterwandern-cfb.at\/#website\"},\"primaryImageOfPage\":{\"@id\":\"http:\/\/xn--kruterwandern-cfb.at\/?p=2972#primaryimage\"},\"image\":{\"@id\":\"http:\/\/xn--kruterwandern-cfb.at\/?p=2972#primaryimage\"},\"thumbnailUrl\":\"http:\/\/xn--kruterwandern-cfb.at\/wp-content\/uploads\/2025\/06\/A0b-69d45a6e-efc6-4633-a0f-196x300.jpg\",\"datePublished\":\"2025-06-30T18:33:45+00:00\",\"dateModified\":\"2025-06-30T18:33:49+00:00\",\"breadcrumb\":{\"@id\":\"http:\/\/xn--kruterwandern-cfb.at\/?p=2972#breadcrumb\"},\"inLanguage\":\"de\",\"potentialAction\":[{\"@type\":\"ReadAction\",\"target\":[\"http:\/\/xn--kruterwandern-cfb.at\/?p=2972\"]}]},{\"@type\":\"ImageObject\",\"inLanguage\":\"de\",\"@id\":\"http:\/\/xn--kruterwandern-cfb.at\/?p=2972#primaryimage\",\"url\":\"http:\/\/xn--kruterwandern-cfb.at\/wp-content\/uploads\/2025\/06\/A0b-69d45a6e-efc6-4633-a0f.jpg\",\"contentUrl\":\"http:\/\/xn--kruterwandern-cfb.at\/wp-content\/uploads\/2025\/06\/A0b-69d45a6e-efc6-4633-a0f.jpg\",\"width\":1513,\"height\":2312},{\"@type\":\"BreadcrumbList\",\"@id\":\"http:\/\/xn--kruterwandern-cfb.at\/?p=2972#breadcrumb\",\"itemListElement\":[{\"@type\":\"ListItem\",\"position\":1,\"name\":\"Home\",\"item\":\"http:\/\/xn--kruterwandern-cfb.at\/\"},{\"@type\":\"ListItem\",\"position\":2,\"name\":\"Kr\u00e4uterwandern Juni 2025\"}]},{\"@type\":\"WebSite\",\"@id\":\"http:\/\/xn--kruterwandern-cfb.at\/#website\",\"url\":\"http:\/\/xn--kruterwandern-cfb.at\/\",\"name\":\"Kr\u00e4uterwandern mit allen Sinnen\",\"description\":\"Kr\u00e4uterwandern mit Kr\u00e4uterp\u00e4dagogin Gabriele Inzinger in \u00d6sterreich, K\u00e4rnten, Mittelk\u00e4rnten, Umgebung St. Veit an der Glan, Ulrichsberg, Projern\",\"publisher\":{\"@id\":\"http:\/\/xn--kruterwandern-cfb.at\/#\/schema\/person\/149b5780cd8d441bdff00c83a20a8c72\"},\"potentialAction\":[{\"@type\":\"SearchAction\",\"target\":{\"@type\":\"EntryPoint\",\"urlTemplate\":\"http:\/\/xn--kruterwandern-cfb.at\/?s={search_term_string}\"},\"query-input\":{\"@type\":\"PropertyValueSpecification\",\"valueRequired\":true,\"valueName\":\"search_term_string\"}}],\"inLanguage\":\"de\"},{\"@type\":[\"Person\",\"Organization\"],\"@id\":\"http:\/\/xn--kruterwandern-cfb.at\/#\/schema\/person\/149b5780cd8d441bdff00c83a20a8c72\",\"name\":\"gabi\",\"image\":{\"@type\":\"ImageObject\",\"inLanguage\":\"de\",\"@id\":\"http:\/\/xn--kruterwandern-cfb.at\/#\/schema\/person\/image\/\",\"url\":\"https:\/\/secure.gravatar.com\/avatar\/be551bd92966b6ea4e7cef2860bff65165267639bb7040b011e243386b977e7b?s=96&d=mm&r=g\",\"contentUrl\":\"https:\/\/secure.gravatar.com\/avatar\/be551bd92966b6ea4e7cef2860bff65165267639bb7040b011e243386b977e7b?s=96&d=mm&r=g\",\"caption\":\"gabi\"},\"logo\":{\"@id\":\"http:\/\/xn--kruterwandern-cfb.at\/#\/schema\/person\/image\/\"},\"sameAs\":[\"http:\/\/kr\u00e4uterwandern.at\"]}]}<\/script>\n<!-- \/ Yoast SEO plugin. -->","yoast_head_json":{"title":"Kr\u00e4uterwandern Juni 2025 - Kr\u00e4uterwandern mit allen Sinnen","robots":{"index":"index","follow":"follow","max-snippet":"max-snippet:-1","max-image-preview":"max-image-preview:large","max-video-preview":"max-video-preview:-1"},"canonical":"http:\/\/xn--kruterwandern-cfb.at\/?p=2972","og_locale":"de_DE","og_type":"article","og_title":"Kr\u00e4uterwandern Juni 2025 - Kr\u00e4uterwandern mit allen Sinnen","og_description":"Die Kr\u00e4uter zur Zeit der Sommersonnenwende &nbsp; Rezept Trikolore Getrocknete Tomaten, frische Paprika, Paprikapulver, Schalotten, Knoblauch, Kapuzinerkresse-Kapern, gr\u00fcne \u2013 eingelegte Hollerbeeren, Salz, Chilli, Ketchup. Alles sehr klein schneiden und zusammenmischen. Abwechselnd mit Frischk\u00e4se und K\u00f6nigskerzen-Pesto in Gl\u00e4ser schichten. &nbsp;","og_url":"http:\/\/xn--kruterwandern-cfb.at\/?p=2972","og_site_name":"Kr\u00e4uterwandern mit allen Sinnen","article_published_time":"2025-06-30T18:33:45+00:00","article_modified_time":"2025-06-30T18:33:49+00:00","og_image":[{"url":"http:\/\/xn--kruterwandern-cfb.at\/wp-content\/uploads\/2025\/06\/A0b-69d45a6e-efc6-4633-a0f-196x300.jpg","type":"","width":"","height":""}],"author":"gabi","twitter_misc":{"Verfasst von":"gabi","Gesch\u00e4tzte Lesezeit":"7\u00a0Minuten"},"schema":{"@context":"https:\/\/schema.org","@graph":[{"@type":"Article","@id":"http:\/\/xn--kruterwandern-cfb.at\/?p=2972#article","isPartOf":{"@id":"http:\/\/xn--kruterwandern-cfb.at\/?p=2972"},"author":{"name":"gabi","@id":"http:\/\/xn--kruterwandern-cfb.at\/#\/schema\/person\/149b5780cd8d441bdff00c83a20a8c72"},"headline":"Kr\u00e4uterwandern Juni 2025","datePublished":"2025-06-30T18:33:45+00:00","dateModified":"2025-06-30T18:33:49+00:00","mainEntityOfPage":{"@id":"http:\/\/xn--kruterwandern-cfb.at\/?p=2972"},"wordCount":185,"publisher":{"@id":"http:\/\/xn--kruterwandern-cfb.at\/#\/schema\/person\/149b5780cd8d441bdff00c83a20a8c72"},"image":{"@id":"http:\/\/xn--kruterwandern-cfb.at\/?p=2972#primaryimage"},"thumbnailUrl":"http:\/\/xn--kruterwandern-cfb.at\/wp-content\/uploads\/2025\/06\/A0b-69d45a6e-efc6-4633-a0f-196x300.jpg","keywords":["einj\u00e4hriger Beifu\u00df","Heilziest","Johanniskraut","K\u00f6nigskerze","sch\u00f6ner Wegerich"],"articleSection":{"1":"Rezepte"},"inLanguage":"de"},{"@type":"WebPage","@id":"http:\/\/xn--kruterwandern-cfb.at\/?p=2972","url":"http:\/\/xn--kruterwandern-cfb.at\/?p=2972","name":"Kr\u00e4uterwandern Juni 2025 - Kr\u00e4uterwandern mit allen Sinnen","isPartOf":{"@id":"http:\/\/xn--kruterwandern-cfb.at\/#website"},"primaryImageOfPage":{"@id":"http:\/\/xn--kruterwandern-cfb.at\/?p=2972#primaryimage"},"image":{"@id":"http:\/\/xn--kruterwandern-cfb.at\/?p=2972#primaryimage"},"thumbnailUrl":"http:\/\/xn--kruterwandern-cfb.at\/wp-content\/uploads\/2025\/06\/A0b-69d45a6e-efc6-4633-a0f-196x300.jpg","datePublished":"2025-06-30T18:33:45+00:00","dateModified":"2025-06-30T18:33:49+00:00","breadcrumb":{"@id":"http:\/\/xn--kruterwandern-cfb.at\/?p=2972#breadcrumb"},"inLanguage":"de","potentialAction":[{"@type":"ReadAction","target":["http:\/\/xn--kruterwandern-cfb.at\/?p=2972"]}]},{"@type":"ImageObject","inLanguage":"de","@id":"http:\/\/xn--kruterwandern-cfb.at\/?p=2972#primaryimage","url":"http:\/\/xn--kruterwandern-cfb.at\/wp-content\/uploads\/2025\/06\/A0b-69d45a6e-efc6-4633-a0f.jpg","contentUrl":"http:\/\/xn--kruterwandern-cfb.at\/wp-content\/uploads\/2025\/06\/A0b-69d45a6e-efc6-4633-a0f.jpg","width":1513,"height":2312},{"@type":"BreadcrumbList","@id":"http:\/\/xn--kruterwandern-cfb.at\/?p=2972#breadcrumb","itemListElement":[{"@type":"ListItem","position":1,"name":"Home","item":"http:\/\/xn--kruterwandern-cfb.at\/"},{"@type":"ListItem","position":2,"name":"Kr\u00e4uterwandern Juni 2025"}]},{"@type":"WebSite","@id":"http:\/\/xn--kruterwandern-cfb.at\/#website","url":"http:\/\/xn--kruterwandern-cfb.at\/","name":"Kr\u00e4uterwandern mit allen Sinnen","description":"Kr\u00e4uterwandern mit Kr\u00e4uterp\u00e4dagogin Gabriele Inzinger in \u00d6sterreich, K\u00e4rnten, Mittelk\u00e4rnten, Umgebung St. Veit an der Glan, Ulrichsberg, Projern","publisher":{"@id":"http:\/\/xn--kruterwandern-cfb.at\/#\/schema\/person\/149b5780cd8d441bdff00c83a20a8c72"},"potentialAction":[{"@type":"SearchAction","target":{"@type":"EntryPoint","urlTemplate":"http:\/\/xn--kruterwandern-cfb.at\/?s={search_term_string}"},"query-input":{"@type":"PropertyValueSpecification","valueRequired":true,"valueName":"search_term_string"}}],"inLanguage":"de"},{"@type":["Person","Organization"],"@id":"http:\/\/xn--kruterwandern-cfb.at\/#\/schema\/person\/149b5780cd8d441bdff00c83a20a8c72","name":"gabi","image":{"@type":"ImageObject","inLanguage":"de","@id":"http:\/\/xn--kruterwandern-cfb.at\/#\/schema\/person\/image\/","url":"https:\/\/secure.gravatar.com\/avatar\/be551bd92966b6ea4e7cef2860bff65165267639bb7040b011e243386b977e7b?s=96&d=mm&r=g","contentUrl":"https:\/\/secure.gravatar.com\/avatar\/be551bd92966b6ea4e7cef2860bff65165267639bb7040b011e243386b977e7b?s=96&d=mm&r=g","caption":"gabi"},"logo":{"@id":"http:\/\/xn--kruterwandern-cfb.at\/#\/schema\/person\/image\/"},"sameAs":["http:\/\/kr\u00e4uterwandern.at"]}]}},"_links":{"self":[{"href":"http:\/\/xn--kruterwandern-cfb.at\/index.php?rest_route=\/wp\/v2\/posts\/2972","targetHints":{"allow":["GET"]}}],"collection":[{"href":"http:\/\/xn--kruterwandern-cfb.at\/index.php?rest_route=\/wp\/v2\/posts"}],"about":[{"href":"http:\/\/xn--kruterwandern-cfb.at\/index.php?rest_route=\/wp\/v2\/types\/post"}],"author":[{"embeddable":true,"href":"http:\/\/xn--kruterwandern-cfb.at\/index.php?rest_route=\/wp\/v2\/users\/1"}],"replies":[{"embeddable":true,"href":"http:\/\/xn--kruterwandern-cfb.at\/index.php?rest_route=%2Fwp%2Fv2%2Fcomments&post=2972"}],"version-history":[{"count":8,"href":"http:\/\/xn--kruterwandern-cfb.at\/index.php?rest_route=\/wp\/v2\/posts\/2972\/revisions"}],"predecessor-version":[{"id":3019,"href":"http:\/\/xn--kruterwandern-cfb.at\/index.php?rest_route=\/wp\/v2\/posts\/2972\/revisions\/3019"}],"wp:attachment":[{"href":"http:\/\/xn--kruterwandern-cfb.at\/index.php?rest_route=%2Fwp%2Fv2%2Fmedia&parent=2972"}],"wp:term":[{"taxonomy":"category","embeddable":true,"href":"http:\/\/xn--kruterwandern-cfb.at\/index.php?rest_route=%2Fwp%2Fv2%2Fcategories&post=2972"},{"taxonomy":"post_tag","embeddable":true,"href":"http:\/\/xn--kruterwandern-cfb.at\/index.php?rest_route=%2Fwp%2Fv2%2Ftags&post=2972"}],"curies":[{"name":"wp","href":"https:\/\/api.w.org\/{rel}","templated":true}]}}