{"id":2526,"date":"2024-04-28T12:52:09","date_gmt":"2024-04-28T12:52:09","guid":{"rendered":"http:\/\/xn--kruterwandern-cfb.at\/?p=2526"},"modified":"2024-04-29T06:23:32","modified_gmt":"2024-04-29T06:23:32","slug":"kraeuterwandern-26-27-april-2024","status":"publish","type":"post","link":"http:\/\/xn--kruterwandern-cfb.at\/?p=2526","title":{"rendered":"Kr\u00e4uterwandern 26.\/27. April 2024"},"content":{"rendered":"<h2>Die jungen Wilden<\/h2>\n<p><a href=\"http:\/\/xn--kruterwandern-cfb.at\/wp-content\/uploads\/2024\/04\/IMG_8290-scaled.jpg\"><img loading=\"lazy\" decoding=\"async\" class=\"aligncenter size-medium wp-image-2559\" src=\"http:\/\/xn--kruterwandern-cfb.at\/wp-content\/uploads\/2024\/04\/IMG_8290-225x300.jpg\" alt=\"\" width=\"225\" height=\"300\" srcset=\"http:\/\/xn--kruterwandern-cfb.at\/wp-content\/uploads\/2024\/04\/IMG_8290-225x300.jpg 225w, http:\/\/xn--kruterwandern-cfb.at\/wp-content\/uploads\/2024\/04\/IMG_8290-768x1024.jpg 768w, http:\/\/xn--kruterwandern-cfb.at\/wp-content\/uploads\/2024\/04\/IMG_8290-1152x1536.jpg 1152w, http:\/\/xn--kruterwandern-cfb.at\/wp-content\/uploads\/2024\/04\/IMG_8290-1536x2048.jpg 1536w, http:\/\/xn--kruterwandern-cfb.at\/wp-content\/uploads\/2024\/04\/IMG_8290-scaled.jpg 1920w\" sizes=\"auto, (max-width: 225px) 100vw, 225px\" \/><\/a><\/p>\n<p><a href=\"http:\/\/xn--kruterwandern-cfb.at\/wp-content\/uploads\/2024\/04\/A1-IMG_5995-scaled.jpg\"><img loading=\"lazy\" decoding=\"async\" class=\"aligncenter size-medium wp-image-2528\" src=\"http:\/\/xn--kruterwandern-cfb.at\/wp-content\/uploads\/2024\/04\/A1-IMG_5995-199x300.jpg\" alt=\"\" width=\"199\" height=\"300\" srcset=\"http:\/\/xn--kruterwandern-cfb.at\/wp-content\/uploads\/2024\/04\/A1-IMG_5995-199x300.jpg 199w, http:\/\/xn--kruterwandern-cfb.at\/wp-content\/uploads\/2024\/04\/A1-IMG_5995-679x1024.jpg 679w, http:\/\/xn--kruterwandern-cfb.at\/wp-content\/uploads\/2024\/04\/A1-IMG_5995-768x1158.jpg 768w, http:\/\/xn--kruterwandern-cfb.at\/wp-content\/uploads\/2024\/04\/A1-IMG_5995-1018x1536.jpg 1018w, http:\/\/xn--kruterwandern-cfb.at\/wp-content\/uploads\/2024\/04\/A1-IMG_5995-1358x2048.jpg 1358w, http:\/\/xn--kruterwandern-cfb.at\/wp-content\/uploads\/2024\/04\/A1-IMG_5995-scaled.jpg 1697w\" sizes=\"auto, (max-width: 199px) 100vw, 199px\" \/><\/a><\/p>\n<figure id=\"attachment_2529\" class=\"wp-caption aligncenter\" style=\"width: 300px\"><a href=\"http:\/\/xn--kruterwandern-cfb.at\/wp-content\/uploads\/2024\/04\/A3-IMG_6003-scaled.jpg\"><img loading=\"lazy\" decoding=\"async\" class=\"size-medium wp-image-2529\" src=\"http:\/\/xn--kruterwandern-cfb.at\/wp-content\/uploads\/2024\/04\/A3-IMG_6003-300x189.jpg\" alt=\"\" width=\"300\" height=\"189\" srcset=\"http:\/\/xn--kruterwandern-cfb.at\/wp-content\/uploads\/2024\/04\/A3-IMG_6003-300x189.jpg 300w, http:\/\/xn--kruterwandern-cfb.at\/wp-content\/uploads\/2024\/04\/A3-IMG_6003-1024x645.jpg 1024w, http:\/\/xn--kruterwandern-cfb.at\/wp-content\/uploads\/2024\/04\/A3-IMG_6003-768x484.jpg 768w, http:\/\/xn--kruterwandern-cfb.at\/wp-content\/uploads\/2024\/04\/A3-IMG_6003-1536x968.jpg 1536w, http:\/\/xn--kruterwandern-cfb.at\/wp-content\/uploads\/2024\/04\/A3-IMG_6003-2048x1291.jpg 2048w\" sizes=\"auto, (max-width: 300px) 100vw, 300px\" \/><\/a><figcaption class=\"wp-caption-text\">Waldmeister<\/figcaption><\/figure>\n<p><a href=\"http:\/\/xn--kruterwandern-cfb.at\/wp-content\/uploads\/2024\/04\/A5-99ece8ed-78f6-4e56-ba7b.jpg\"><img loading=\"lazy\" decoding=\"async\" class=\"aligncenter size-medium wp-image-2530\" src=\"http:\/\/xn--kruterwandern-cfb.at\/wp-content\/uploads\/2024\/04\/A5-99ece8ed-78f6-4e56-ba7b-300x190.jpg\" alt=\"\" width=\"300\" height=\"190\" srcset=\"http:\/\/xn--kruterwandern-cfb.at\/wp-content\/uploads\/2024\/04\/A5-99ece8ed-78f6-4e56-ba7b-300x190.jpg 300w, http:\/\/xn--kruterwandern-cfb.at\/wp-content\/uploads\/2024\/04\/A5-99ece8ed-78f6-4e56-ba7b-1024x648.jpg 1024w, http:\/\/xn--kruterwandern-cfb.at\/wp-content\/uploads\/2024\/04\/A5-99ece8ed-78f6-4e56-ba7b-768x486.jpg 768w, http:\/\/xn--kruterwandern-cfb.at\/wp-content\/uploads\/2024\/04\/A5-99ece8ed-78f6-4e56-ba7b-1536x972.jpg 1536w, http:\/\/xn--kruterwandern-cfb.at\/wp-content\/uploads\/2024\/04\/A5-99ece8ed-78f6-4e56-ba7b.jpg 1542w\" sizes=\"auto, (max-width: 300px) 100vw, 300px\" \/><\/a><\/p>\n<figure id=\"attachment_2531\" class=\"wp-caption aligncenter\" style=\"width: 300px\"><a href=\"http:\/\/xn--kruterwandern-cfb.at\/wp-content\/uploads\/2024\/04\/A7-IMG_6019-scaled.jpg\"><img loading=\"lazy\" decoding=\"async\" class=\"size-medium wp-image-2531\" src=\"http:\/\/xn--kruterwandern-cfb.at\/wp-content\/uploads\/2024\/04\/A7-IMG_6019-300x225.jpg\" alt=\"\" width=\"300\" height=\"225\" srcset=\"http:\/\/xn--kruterwandern-cfb.at\/wp-content\/uploads\/2024\/04\/A7-IMG_6019-300x225.jpg 300w, http:\/\/xn--kruterwandern-cfb.at\/wp-content\/uploads\/2024\/04\/A7-IMG_6019-1024x768.jpg 1024w, http:\/\/xn--kruterwandern-cfb.at\/wp-content\/uploads\/2024\/04\/A7-IMG_6019-768x576.jpg 768w, http:\/\/xn--kruterwandern-cfb.at\/wp-content\/uploads\/2024\/04\/A7-IMG_6019-1536x1152.jpg 1536w, http:\/\/xn--kruterwandern-cfb.at\/wp-content\/uploads\/2024\/04\/A7-IMG_6019-2048x1536.jpg 2048w\" sizes=\"auto, (max-width: 300px) 100vw, 300px\" \/><\/a><figcaption class=\"wp-caption-text\">Die Linde &#8211; unser Herzbaum<\/figcaption><\/figure>\n<figure id=\"attachment_2532\" class=\"wp-caption aligncenter\" style=\"width: 169px\"><a href=\"http:\/\/xn--kruterwandern-cfb.at\/wp-content\/uploads\/2024\/04\/AB1-811098d7-cd4f-4b9b-aeff.jpg\"><img loading=\"lazy\" decoding=\"async\" class=\"size-medium wp-image-2532\" src=\"http:\/\/xn--kruterwandern-cfb.at\/wp-content\/uploads\/2024\/04\/AB1-811098d7-cd4f-4b9b-aeff-169x300.jpg\" alt=\"\" width=\"169\" height=\"300\" srcset=\"http:\/\/xn--kruterwandern-cfb.at\/wp-content\/uploads\/2024\/04\/AB1-811098d7-cd4f-4b9b-aeff-169x300.jpg 169w, http:\/\/xn--kruterwandern-cfb.at\/wp-content\/uploads\/2024\/04\/AB1-811098d7-cd4f-4b9b-aeff-577x1024.jpg 577w, http:\/\/xn--kruterwandern-cfb.at\/wp-content\/uploads\/2024\/04\/AB1-811098d7-cd4f-4b9b-aeff-768x1364.jpg 768w, http:\/\/xn--kruterwandern-cfb.at\/wp-content\/uploads\/2024\/04\/AB1-811098d7-cd4f-4b9b-aeff-865x1536.jpg 865w, http:\/\/xn--kruterwandern-cfb.at\/wp-content\/uploads\/2024\/04\/AB1-811098d7-cd4f-4b9b-aeff.jpg 1126w\" sizes=\"auto, (max-width: 169px) 100vw, 169px\" \/><\/a><figcaption class=\"wp-caption-text\">L\u00f6wenzahn<\/figcaption><\/figure>\n<p><a href=\"http:\/\/xn--kruterwandern-cfb.at\/wp-content\/uploads\/2024\/04\/B3-IMG_6022-scaled.jpg\"><img loading=\"lazy\" decoding=\"async\" class=\"aligncenter size-medium wp-image-2533\" src=\"http:\/\/xn--kruterwandern-cfb.at\/wp-content\/uploads\/2024\/04\/B3-IMG_6022-300x213.jpg\" alt=\"\" width=\"300\" height=\"213\" srcset=\"http:\/\/xn--kruterwandern-cfb.at\/wp-content\/uploads\/2024\/04\/B3-IMG_6022-300x213.jpg 300w, http:\/\/xn--kruterwandern-cfb.at\/wp-content\/uploads\/2024\/04\/B3-IMG_6022-1024x726.jpg 1024w, http:\/\/xn--kruterwandern-cfb.at\/wp-content\/uploads\/2024\/04\/B3-IMG_6022-768x544.jpg 768w, http:\/\/xn--kruterwandern-cfb.at\/wp-content\/uploads\/2024\/04\/B3-IMG_6022-1536x1089.jpg 1536w, http:\/\/xn--kruterwandern-cfb.at\/wp-content\/uploads\/2024\/04\/B3-IMG_6022-2048x1451.jpg 2048w\" sizes=\"auto, (max-width: 300px) 100vw, 300px\" \/><\/a> <a href=\"http:\/\/xn--kruterwandern-cfb.at\/wp-content\/uploads\/2024\/04\/B5-fdf234ad-df77-48c5-8c45.jpg\"><img loading=\"lazy\" decoding=\"async\" class=\"aligncenter size-medium wp-image-2534\" src=\"http:\/\/xn--kruterwandern-cfb.at\/wp-content\/uploads\/2024\/04\/B5-fdf234ad-df77-48c5-8c45-192x300.jpg\" alt=\"\" width=\"192\" height=\"300\" srcset=\"http:\/\/xn--kruterwandern-cfb.at\/wp-content\/uploads\/2024\/04\/B5-fdf234ad-df77-48c5-8c45-192x300.jpg 192w, http:\/\/xn--kruterwandern-cfb.at\/wp-content\/uploads\/2024\/04\/B5-fdf234ad-df77-48c5-8c45-656x1024.jpg 656w, http:\/\/xn--kruterwandern-cfb.at\/wp-content\/uploads\/2024\/04\/B5-fdf234ad-df77-48c5-8c45-768x1199.jpg 768w, http:\/\/xn--kruterwandern-cfb.at\/wp-content\/uploads\/2024\/04\/B5-fdf234ad-df77-48c5-8c45-984x1536.jpg 984w, http:\/\/xn--kruterwandern-cfb.at\/wp-content\/uploads\/2024\/04\/B5-fdf234ad-df77-48c5-8c45.jpg 1281w\" sizes=\"auto, (max-width: 192px) 100vw, 192px\" \/><\/a><\/p>\n<figure id=\"attachment_2535\" class=\"wp-caption aligncenter\" style=\"width: 300px\"><a href=\"http:\/\/xn--kruterwandern-cfb.at\/wp-content\/uploads\/2024\/04\/B7-IMG_6028-scaled.jpg\"><img loading=\"lazy\" decoding=\"async\" class=\"size-medium wp-image-2535\" src=\"http:\/\/xn--kruterwandern-cfb.at\/wp-content\/uploads\/2024\/04\/B7-IMG_6028-300x225.jpg\" alt=\"\" width=\"300\" height=\"225\" srcset=\"http:\/\/xn--kruterwandern-cfb.at\/wp-content\/uploads\/2024\/04\/B7-IMG_6028-300x225.jpg 300w, http:\/\/xn--kruterwandern-cfb.at\/wp-content\/uploads\/2024\/04\/B7-IMG_6028-1024x768.jpg 1024w, http:\/\/xn--kruterwandern-cfb.at\/wp-content\/uploads\/2024\/04\/B7-IMG_6028-768x576.jpg 768w, http:\/\/xn--kruterwandern-cfb.at\/wp-content\/uploads\/2024\/04\/B7-IMG_6028-1536x1152.jpg 1536w, http:\/\/xn--kruterwandern-cfb.at\/wp-content\/uploads\/2024\/04\/B7-IMG_6028-2048x1536.jpg 2048w\" sizes=\"auto, (max-width: 300px) 100vw, 300px\" \/><\/a><figcaption class=\"wp-caption-text\">Ackerschachtelhalm<\/figcaption><\/figure>\n<p><a href=\"http:\/\/xn--kruterwandern-cfb.at\/wp-content\/uploads\/2024\/04\/C1-IMG_6030-scaled.jpg\"><img loading=\"lazy\" decoding=\"async\" class=\"aligncenter size-medium wp-image-2536\" src=\"http:\/\/xn--kruterwandern-cfb.at\/wp-content\/uploads\/2024\/04\/C1-IMG_6030-300x242.jpg\" alt=\"\" width=\"300\" height=\"242\" srcset=\"http:\/\/xn--kruterwandern-cfb.at\/wp-content\/uploads\/2024\/04\/C1-IMG_6030-300x242.jpg 300w, http:\/\/xn--kruterwandern-cfb.at\/wp-content\/uploads\/2024\/04\/C1-IMG_6030-1024x825.jpg 1024w, http:\/\/xn--kruterwandern-cfb.at\/wp-content\/uploads\/2024\/04\/C1-IMG_6030-768x619.jpg 768w, http:\/\/xn--kruterwandern-cfb.at\/wp-content\/uploads\/2024\/04\/C1-IMG_6030-1536x1237.jpg 1536w, http:\/\/xn--kruterwandern-cfb.at\/wp-content\/uploads\/2024\/04\/C1-IMG_6030-2048x1649.jpg 2048w\" sizes=\"auto, (max-width: 300px) 100vw, 300px\" \/><\/a><\/p>\n<figure id=\"attachment_2537\" class=\"wp-caption aligncenter\" style=\"width: 300px\"><a href=\"http:\/\/xn--kruterwandern-cfb.at\/wp-content\/uploads\/2024\/04\/C3-IMG_6033-scaled.jpg\"><img loading=\"lazy\" decoding=\"async\" class=\"size-medium wp-image-2537\" src=\"http:\/\/xn--kruterwandern-cfb.at\/wp-content\/uploads\/2024\/04\/C3-IMG_6033-300x225.jpg\" alt=\"\" width=\"300\" height=\"225\" srcset=\"http:\/\/xn--kruterwandern-cfb.at\/wp-content\/uploads\/2024\/04\/C3-IMG_6033-300x225.jpg 300w, http:\/\/xn--kruterwandern-cfb.at\/wp-content\/uploads\/2024\/04\/C3-IMG_6033-1024x768.jpg 1024w, http:\/\/xn--kruterwandern-cfb.at\/wp-content\/uploads\/2024\/04\/C3-IMG_6033-768x576.jpg 768w, http:\/\/xn--kruterwandern-cfb.at\/wp-content\/uploads\/2024\/04\/C3-IMG_6033-1536x1152.jpg 1536w, http:\/\/xn--kruterwandern-cfb.at\/wp-content\/uploads\/2024\/04\/C3-IMG_6033-2048x1536.jpg 2048w\" sizes=\"auto, (max-width: 300px) 100vw, 300px\" \/><\/a><figcaption class=\"wp-caption-text\">Immergr\u00fcn<\/figcaption><\/figure>\n<figure id=\"attachment_2538\" class=\"wp-caption aligncenter\" style=\"width: 300px\"><a href=\"http:\/\/xn--kruterwandern-cfb.at\/wp-content\/uploads\/2024\/04\/C5-IMG_6036-scaled.jpg\"><img loading=\"lazy\" decoding=\"async\" class=\"size-medium wp-image-2538\" src=\"http:\/\/xn--kruterwandern-cfb.at\/wp-content\/uploads\/2024\/04\/C5-IMG_6036-300x225.jpg\" alt=\"\" width=\"300\" height=\"225\" srcset=\"http:\/\/xn--kruterwandern-cfb.at\/wp-content\/uploads\/2024\/04\/C5-IMG_6036-300x225.jpg 300w, http:\/\/xn--kruterwandern-cfb.at\/wp-content\/uploads\/2024\/04\/C5-IMG_6036-1024x768.jpg 1024w, http:\/\/xn--kruterwandern-cfb.at\/wp-content\/uploads\/2024\/04\/C5-IMG_6036-768x576.jpg 768w, http:\/\/xn--kruterwandern-cfb.at\/wp-content\/uploads\/2024\/04\/C5-IMG_6036-1536x1152.jpg 1536w, http:\/\/xn--kruterwandern-cfb.at\/wp-content\/uploads\/2024\/04\/C5-IMG_6036-2048x1536.jpg 2048w\" sizes=\"auto, (max-width: 300px) 100vw, 300px\" \/><\/a><figcaption class=\"wp-caption-text\">Salomonsieel<\/figcaption><\/figure>\n<figure id=\"attachment_2539\" class=\"wp-caption aligncenter\" style=\"width: 300px\"><a href=\"http:\/\/xn--kruterwandern-cfb.at\/wp-content\/uploads\/2024\/04\/C7-IMG_6039-scaled.jpg\"><img loading=\"lazy\" decoding=\"async\" class=\"size-medium wp-image-2539\" src=\"http:\/\/xn--kruterwandern-cfb.at\/wp-content\/uploads\/2024\/04\/C7-IMG_6039-300x184.jpg\" alt=\"\" width=\"300\" height=\"184\" srcset=\"http:\/\/xn--kruterwandern-cfb.at\/wp-content\/uploads\/2024\/04\/C7-IMG_6039-300x184.jpg 300w, http:\/\/xn--kruterwandern-cfb.at\/wp-content\/uploads\/2024\/04\/C7-IMG_6039-1024x627.jpg 1024w, http:\/\/xn--kruterwandern-cfb.at\/wp-content\/uploads\/2024\/04\/C7-IMG_6039-768x470.jpg 768w, http:\/\/xn--kruterwandern-cfb.at\/wp-content\/uploads\/2024\/04\/C7-IMG_6039-1536x940.jpg 1536w, http:\/\/xn--kruterwandern-cfb.at\/wp-content\/uploads\/2024\/04\/C7-IMG_6039-2048x1254.jpg 2048w\" sizes=\"auto, (max-width: 300px) 100vw, 300px\" \/><\/a><figcaption class=\"wp-caption-text\">Huflattich<\/figcaption><\/figure>\n<p><a href=\"http:\/\/xn--kruterwandern-cfb.at\/wp-content\/uploads\/2024\/04\/C9-8b40f315-6bfe-44ad-a0d8.jpg\"><img loading=\"lazy\" decoding=\"async\" class=\"aligncenter size-medium wp-image-2540\" src=\"http:\/\/xn--kruterwandern-cfb.at\/wp-content\/uploads\/2024\/04\/C9-8b40f315-6bfe-44ad-a0d8-300x151.jpg\" alt=\"\" width=\"300\" height=\"151\" srcset=\"http:\/\/xn--kruterwandern-cfb.at\/wp-content\/uploads\/2024\/04\/C9-8b40f315-6bfe-44ad-a0d8-300x151.jpg 300w, http:\/\/xn--kruterwandern-cfb.at\/wp-content\/uploads\/2024\/04\/C9-8b40f315-6bfe-44ad-a0d8-1024x515.jpg 1024w, http:\/\/xn--kruterwandern-cfb.at\/wp-content\/uploads\/2024\/04\/C9-8b40f315-6bfe-44ad-a0d8-768x386.jpg 768w, http:\/\/xn--kruterwandern-cfb.at\/wp-content\/uploads\/2024\/04\/C9-8b40f315-6bfe-44ad-a0d8-1536x772.jpg 1536w, http:\/\/xn--kruterwandern-cfb.at\/wp-content\/uploads\/2024\/04\/C9-8b40f315-6bfe-44ad-a0d8.jpg 1746w\" sizes=\"auto, (max-width: 300px) 100vw, 300px\" \/><\/a><\/p>\n<figure id=\"attachment_2541\" class=\"wp-caption aligncenter\" style=\"width: 221px\"><a href=\"http:\/\/xn--kruterwandern-cfb.at\/wp-content\/uploads\/2024\/04\/D1-IMG_6044-scaled.jpg\"><img loading=\"lazy\" decoding=\"async\" class=\"size-medium wp-image-2541\" src=\"http:\/\/xn--kruterwandern-cfb.at\/wp-content\/uploads\/2024\/04\/D1-IMG_6044-221x300.jpg\" alt=\"\" width=\"221\" height=\"300\" srcset=\"http:\/\/xn--kruterwandern-cfb.at\/wp-content\/uploads\/2024\/04\/D1-IMG_6044-221x300.jpg 221w, http:\/\/xn--kruterwandern-cfb.at\/wp-content\/uploads\/2024\/04\/D1-IMG_6044-754x1024.jpg 754w, http:\/\/xn--kruterwandern-cfb.at\/wp-content\/uploads\/2024\/04\/D1-IMG_6044-768x1043.jpg 768w, http:\/\/xn--kruterwandern-cfb.at\/wp-content\/uploads\/2024\/04\/D1-IMG_6044-1131x1536.jpg 1131w, http:\/\/xn--kruterwandern-cfb.at\/wp-content\/uploads\/2024\/04\/D1-IMG_6044-1508x2048.jpg 1508w, http:\/\/xn--kruterwandern-cfb.at\/wp-content\/uploads\/2024\/04\/D1-IMG_6044-scaled.jpg 1885w\" sizes=\"auto, (max-width: 221px) 100vw, 221px\" \/><\/a><figcaption class=\"wp-caption-text\">Die Birke &#8211; unser Nierenbaum<\/figcaption><\/figure>\n<p><a href=\"http:\/\/xn--kruterwandern-cfb.at\/wp-content\/uploads\/2024\/04\/D3-IMG_6046-scaled.jpg\"><img loading=\"lazy\" decoding=\"async\" class=\"aligncenter size-medium wp-image-2542\" src=\"http:\/\/xn--kruterwandern-cfb.at\/wp-content\/uploads\/2024\/04\/D3-IMG_6046-300x206.jpg\" alt=\"\" width=\"300\" height=\"206\" srcset=\"http:\/\/xn--kruterwandern-cfb.at\/wp-content\/uploads\/2024\/04\/D3-IMG_6046-300x206.jpg 300w, http:\/\/xn--kruterwandern-cfb.at\/wp-content\/uploads\/2024\/04\/D3-IMG_6046-1024x702.jpg 1024w, http:\/\/xn--kruterwandern-cfb.at\/wp-content\/uploads\/2024\/04\/D3-IMG_6046-768x527.jpg 768w, http:\/\/xn--kruterwandern-cfb.at\/wp-content\/uploads\/2024\/04\/D3-IMG_6046-1536x1053.jpg 1536w, http:\/\/xn--kruterwandern-cfb.at\/wp-content\/uploads\/2024\/04\/D3-IMG_6046-2048x1405.jpg 2048w\" sizes=\"auto, (max-width: 300px) 100vw, 300px\" \/><\/a><\/p>\n<figure id=\"attachment_2543\" class=\"wp-caption aligncenter\" style=\"width: 300px\"><a href=\"http:\/\/xn--kruterwandern-cfb.at\/wp-content\/uploads\/2024\/04\/D5-IMG_6054-scaled.jpg\"><img loading=\"lazy\" decoding=\"async\" class=\"size-medium wp-image-2543\" src=\"http:\/\/xn--kruterwandern-cfb.at\/wp-content\/uploads\/2024\/04\/D5-IMG_6054-300x248.jpg\" alt=\"\" width=\"300\" height=\"248\" srcset=\"http:\/\/xn--kruterwandern-cfb.at\/wp-content\/uploads\/2024\/04\/D5-IMG_6054-300x248.jpg 300w, http:\/\/xn--kruterwandern-cfb.at\/wp-content\/uploads\/2024\/04\/D5-IMG_6054-1024x848.jpg 1024w, http:\/\/xn--kruterwandern-cfb.at\/wp-content\/uploads\/2024\/04\/D5-IMG_6054-768x636.jpg 768w, http:\/\/xn--kruterwandern-cfb.at\/wp-content\/uploads\/2024\/04\/D5-IMG_6054-1536x1272.jpg 1536w, http:\/\/xn--kruterwandern-cfb.at\/wp-content\/uploads\/2024\/04\/D5-IMG_6054-2048x1695.jpg 2048w\" sizes=\"auto, (max-width: 300px) 100vw, 300px\" \/><\/a><figcaption class=\"wp-caption-text\">Fichtentriebe<\/figcaption><\/figure>\n<p><a href=\"http:\/\/xn--kruterwandern-cfb.at\/wp-content\/uploads\/2024\/04\/D7-IMG_6056-scaled.jpg\"><img loading=\"lazy\" decoding=\"async\" class=\"aligncenter size-medium wp-image-2544\" src=\"http:\/\/xn--kruterwandern-cfb.at\/wp-content\/uploads\/2024\/04\/D7-IMG_6056-300x225.jpg\" alt=\"\" width=\"300\" height=\"225\" srcset=\"http:\/\/xn--kruterwandern-cfb.at\/wp-content\/uploads\/2024\/04\/D7-IMG_6056-300x225.jpg 300w, http:\/\/xn--kruterwandern-cfb.at\/wp-content\/uploads\/2024\/04\/D7-IMG_6056-1024x768.jpg 1024w, http:\/\/xn--kruterwandern-cfb.at\/wp-content\/uploads\/2024\/04\/D7-IMG_6056-768x576.jpg 768w, http:\/\/xn--kruterwandern-cfb.at\/wp-content\/uploads\/2024\/04\/D7-IMG_6056-1536x1152.jpg 1536w, http:\/\/xn--kruterwandern-cfb.at\/wp-content\/uploads\/2024\/04\/D7-IMG_6056-2048x1536.jpg 2048w\" sizes=\"auto, (max-width: 300px) 100vw, 300px\" \/><\/a> <a href=\"http:\/\/xn--kruterwandern-cfb.at\/wp-content\/uploads\/2024\/04\/D9-IMG_6060-scaled.jpg\"><img loading=\"lazy\" decoding=\"async\" class=\"aligncenter size-medium wp-image-2545\" src=\"http:\/\/xn--kruterwandern-cfb.at\/wp-content\/uploads\/2024\/04\/D9-IMG_6060-300x192.jpg\" alt=\"\" width=\"300\" height=\"192\" srcset=\"http:\/\/xn--kruterwandern-cfb.at\/wp-content\/uploads\/2024\/04\/D9-IMG_6060-300x192.jpg 300w, http:\/\/xn--kruterwandern-cfb.at\/wp-content\/uploads\/2024\/04\/D9-IMG_6060-1024x655.jpg 1024w, http:\/\/xn--kruterwandern-cfb.at\/wp-content\/uploads\/2024\/04\/D9-IMG_6060-768x491.jpg 768w, http:\/\/xn--kruterwandern-cfb.at\/wp-content\/uploads\/2024\/04\/D9-IMG_6060-1536x982.jpg 1536w, http:\/\/xn--kruterwandern-cfb.at\/wp-content\/uploads\/2024\/04\/D9-IMG_6060-2048x1309.jpg 2048w\" sizes=\"auto, (max-width: 300px) 100vw, 300px\" \/><\/a><\/p>\n<figure id=\"attachment_2546\" class=\"wp-caption aligncenter\" style=\"width: 254px\"><a href=\"http:\/\/xn--kruterwandern-cfb.at\/wp-content\/uploads\/2024\/04\/E1-IMG_6064.jpg\"><img loading=\"lazy\" decoding=\"async\" class=\"size-medium wp-image-2546\" src=\"http:\/\/xn--kruterwandern-cfb.at\/wp-content\/uploads\/2024\/04\/E1-IMG_6064-254x300.jpg\" alt=\"\" width=\"254\" height=\"300\" srcset=\"http:\/\/xn--kruterwandern-cfb.at\/wp-content\/uploads\/2024\/04\/E1-IMG_6064-254x300.jpg 254w, http:\/\/xn--kruterwandern-cfb.at\/wp-content\/uploads\/2024\/04\/E1-IMG_6064-866x1024.jpg 866w, http:\/\/xn--kruterwandern-cfb.at\/wp-content\/uploads\/2024\/04\/E1-IMG_6064-768x908.jpg 768w, http:\/\/xn--kruterwandern-cfb.at\/wp-content\/uploads\/2024\/04\/E1-IMG_6064-1299x1536.jpg 1299w, http:\/\/xn--kruterwandern-cfb.at\/wp-content\/uploads\/2024\/04\/E1-IMG_6064-1732x2048.jpg 1732w\" sizes=\"auto, (max-width: 254px) 100vw, 254px\" \/><\/a><figcaption class=\"wp-caption-text\">Gundelrebe<\/figcaption><\/figure>\n<p><a href=\"http:\/\/xn--kruterwandern-cfb.at\/wp-content\/uploads\/2024\/04\/E3-IMG_6070-scaled.jpg\"><img loading=\"lazy\" decoding=\"async\" class=\"aligncenter size-medium wp-image-2547\" src=\"http:\/\/xn--kruterwandern-cfb.at\/wp-content\/uploads\/2024\/04\/E3-IMG_6070-300x183.jpg\" alt=\"\" width=\"300\" height=\"183\" srcset=\"http:\/\/xn--kruterwandern-cfb.at\/wp-content\/uploads\/2024\/04\/E3-IMG_6070-300x183.jpg 300w, http:\/\/xn--kruterwandern-cfb.at\/wp-content\/uploads\/2024\/04\/E3-IMG_6070-1024x625.jpg 1024w, http:\/\/xn--kruterwandern-cfb.at\/wp-content\/uploads\/2024\/04\/E3-IMG_6070-768x468.jpg 768w, http:\/\/xn--kruterwandern-cfb.at\/wp-content\/uploads\/2024\/04\/E3-IMG_6070-1536x937.jpg 1536w, http:\/\/xn--kruterwandern-cfb.at\/wp-content\/uploads\/2024\/04\/E3-IMG_6070-2048x1249.jpg 2048w\" sizes=\"auto, (max-width: 300px) 100vw, 300px\" \/><\/a><\/p>\n<figure id=\"attachment_2548\" class=\"wp-caption aligncenter\" style=\"width: 300px\"><a href=\"http:\/\/xn--kruterwandern-cfb.at\/wp-content\/uploads\/2024\/04\/E5-IMG_6073-scaled.jpg\"><img loading=\"lazy\" decoding=\"async\" class=\"size-medium wp-image-2548\" src=\"http:\/\/xn--kruterwandern-cfb.at\/wp-content\/uploads\/2024\/04\/E5-IMG_6073-300x181.jpg\" alt=\"\" width=\"300\" height=\"181\" srcset=\"http:\/\/xn--kruterwandern-cfb.at\/wp-content\/uploads\/2024\/04\/E5-IMG_6073-300x181.jpg 300w, http:\/\/xn--kruterwandern-cfb.at\/wp-content\/uploads\/2024\/04\/E5-IMG_6073-1024x617.jpg 1024w, http:\/\/xn--kruterwandern-cfb.at\/wp-content\/uploads\/2024\/04\/E5-IMG_6073-768x463.jpg 768w, http:\/\/xn--kruterwandern-cfb.at\/wp-content\/uploads\/2024\/04\/E5-IMG_6073-1536x926.jpg 1536w, http:\/\/xn--kruterwandern-cfb.at\/wp-content\/uploads\/2024\/04\/E5-IMG_6073-2048x1234.jpg 2048w\" sizes=\"auto, (max-width: 300px) 100vw, 300px\" \/><\/a><figcaption class=\"wp-caption-text\">Sch\u00f6llkraut<\/figcaption><\/figure>\n<figure id=\"attachment_2549\" class=\"wp-caption aligncenter\" style=\"width: 193px\"><a href=\"http:\/\/xn--kruterwandern-cfb.at\/wp-content\/uploads\/2024\/04\/E7-IMG_6076-scaled.jpg\"><img loading=\"lazy\" decoding=\"async\" class=\"size-medium wp-image-2549\" src=\"http:\/\/xn--kruterwandern-cfb.at\/wp-content\/uploads\/2024\/04\/E7-IMG_6076-193x300.jpg\" alt=\"\" width=\"193\" height=\"300\" srcset=\"http:\/\/xn--kruterwandern-cfb.at\/wp-content\/uploads\/2024\/04\/E7-IMG_6076-193x300.jpg 193w, http:\/\/xn--kruterwandern-cfb.at\/wp-content\/uploads\/2024\/04\/E7-IMG_6076-659x1024.jpg 659w, http:\/\/xn--kruterwandern-cfb.at\/wp-content\/uploads\/2024\/04\/E7-IMG_6076-768x1194.jpg 768w, http:\/\/xn--kruterwandern-cfb.at\/wp-content\/uploads\/2024\/04\/E7-IMG_6076-988x1536.jpg 988w, http:\/\/xn--kruterwandern-cfb.at\/wp-content\/uploads\/2024\/04\/E7-IMG_6076-1317x2048.jpg 1317w, http:\/\/xn--kruterwandern-cfb.at\/wp-content\/uploads\/2024\/04\/E7-IMG_6076-scaled.jpg 1647w\" sizes=\"auto, (max-width: 193px) 100vw, 193px\" \/><\/a><figcaption class=\"wp-caption-text\">Kriechender G\u00fcnsel<\/figcaption><\/figure>\n<figure id=\"attachment_2550\" class=\"wp-caption aligncenter\" style=\"width: 300px\"><a href=\"http:\/\/xn--kruterwandern-cfb.at\/wp-content\/uploads\/2024\/04\/E9-IMG_6078-scaled.jpg\"><img loading=\"lazy\" decoding=\"async\" class=\"size-medium wp-image-2550\" src=\"http:\/\/xn--kruterwandern-cfb.at\/wp-content\/uploads\/2024\/04\/E9-IMG_6078-300x274.jpg\" alt=\"\" width=\"300\" height=\"274\" srcset=\"http:\/\/xn--kruterwandern-cfb.at\/wp-content\/uploads\/2024\/04\/E9-IMG_6078-300x274.jpg 300w, http:\/\/xn--kruterwandern-cfb.at\/wp-content\/uploads\/2024\/04\/E9-IMG_6078-1024x936.jpg 1024w, http:\/\/xn--kruterwandern-cfb.at\/wp-content\/uploads\/2024\/04\/E9-IMG_6078-768x702.jpg 768w, http:\/\/xn--kruterwandern-cfb.at\/wp-content\/uploads\/2024\/04\/E9-IMG_6078-1536x1404.jpg 1536w, http:\/\/xn--kruterwandern-cfb.at\/wp-content\/uploads\/2024\/04\/E9-IMG_6078-2048x1871.jpg 2048w\" sizes=\"auto, (max-width: 300px) 100vw, 300px\" \/><\/a><figcaption class=\"wp-caption-text\">Wiesenkerbel<\/figcaption><\/figure>\n<p><a href=\"http:\/\/xn--kruterwandern-cfb.at\/wp-content\/uploads\/2024\/04\/F1-IMG_6079-scaled.jpg\"><img loading=\"lazy\" decoding=\"async\" class=\"aligncenter size-medium wp-image-2551\" src=\"http:\/\/xn--kruterwandern-cfb.at\/wp-content\/uploads\/2024\/04\/F1-IMG_6079-225x300.jpg\" alt=\"\" width=\"225\" height=\"300\" srcset=\"http:\/\/xn--kruterwandern-cfb.at\/wp-content\/uploads\/2024\/04\/F1-IMG_6079-225x300.jpg 225w, http:\/\/xn--kruterwandern-cfb.at\/wp-content\/uploads\/2024\/04\/F1-IMG_6079-768x1024.jpg 768w, http:\/\/xn--kruterwandern-cfb.at\/wp-content\/uploads\/2024\/04\/F1-IMG_6079-1152x1536.jpg 1152w, http:\/\/xn--kruterwandern-cfb.at\/wp-content\/uploads\/2024\/04\/F1-IMG_6079-1536x2048.jpg 1536w, http:\/\/xn--kruterwandern-cfb.at\/wp-content\/uploads\/2024\/04\/F1-IMG_6079-scaled.jpg 1920w\" sizes=\"auto, (max-width: 225px) 100vw, 225px\" \/><\/a> <a href=\"http:\/\/xn--kruterwandern-cfb.at\/wp-content\/uploads\/2024\/04\/F3-IMG_6083-scaled.jpg\"><img loading=\"lazy\" decoding=\"async\" class=\"aligncenter size-medium wp-image-2552\" src=\"http:\/\/xn--kruterwandern-cfb.at\/wp-content\/uploads\/2024\/04\/F3-IMG_6083-300x207.jpg\" alt=\"\" width=\"300\" height=\"207\" srcset=\"http:\/\/xn--kruterwandern-cfb.at\/wp-content\/uploads\/2024\/04\/F3-IMG_6083-300x207.jpg 300w, http:\/\/xn--kruterwandern-cfb.at\/wp-content\/uploads\/2024\/04\/F3-IMG_6083-1024x708.jpg 1024w, http:\/\/xn--kruterwandern-cfb.at\/wp-content\/uploads\/2024\/04\/F3-IMG_6083-768x531.jpg 768w, http:\/\/xn--kruterwandern-cfb.at\/wp-content\/uploads\/2024\/04\/F3-IMG_6083-1536x1062.jpg 1536w, http:\/\/xn--kruterwandern-cfb.at\/wp-content\/uploads\/2024\/04\/F3-IMG_6083-2048x1416.jpg 2048w\" sizes=\"auto, (max-width: 300px) 100vw, 300px\" \/><\/a> <a href=\"http:\/\/xn--kruterwandern-cfb.at\/wp-content\/uploads\/2024\/04\/F5-IMG_6088-scaled.jpg\"><img loading=\"lazy\" decoding=\"async\" class=\"aligncenter size-medium wp-image-2553\" src=\"http:\/\/xn--kruterwandern-cfb.at\/wp-content\/uploads\/2024\/04\/F5-IMG_6088-300x212.jpg\" alt=\"\" width=\"300\" height=\"212\" srcset=\"http:\/\/xn--kruterwandern-cfb.at\/wp-content\/uploads\/2024\/04\/F5-IMG_6088-300x212.jpg 300w, http:\/\/xn--kruterwandern-cfb.at\/wp-content\/uploads\/2024\/04\/F5-IMG_6088-1024x723.jpg 1024w, http:\/\/xn--kruterwandern-cfb.at\/wp-content\/uploads\/2024\/04\/F5-IMG_6088-768x542.jpg 768w, http:\/\/xn--kruterwandern-cfb.at\/wp-content\/uploads\/2024\/04\/F5-IMG_6088-1536x1084.jpg 1536w, http:\/\/xn--kruterwandern-cfb.at\/wp-content\/uploads\/2024\/04\/F5-IMG_6088-2048x1446.jpg 2048w\" sizes=\"auto, (max-width: 300px) 100vw, 300px\" \/><\/a> <a href=\"http:\/\/xn--kruterwandern-cfb.at\/wp-content\/uploads\/2024\/04\/F7-IMG_6099-scaled.jpg\"><img loading=\"lazy\" decoding=\"async\" class=\"aligncenter size-medium wp-image-2554\" src=\"http:\/\/xn--kruterwandern-cfb.at\/wp-content\/uploads\/2024\/04\/F7-IMG_6099-300x225.jpg\" alt=\"\" width=\"300\" height=\"225\" srcset=\"http:\/\/xn--kruterwandern-cfb.at\/wp-content\/uploads\/2024\/04\/F7-IMG_6099-300x225.jpg 300w, http:\/\/xn--kruterwandern-cfb.at\/wp-content\/uploads\/2024\/04\/F7-IMG_6099-1024x768.jpg 1024w, http:\/\/xn--kruterwandern-cfb.at\/wp-content\/uploads\/2024\/04\/F7-IMG_6099-768x576.jpg 768w, http:\/\/xn--kruterwandern-cfb.at\/wp-content\/uploads\/2024\/04\/F7-IMG_6099-1536x1152.jpg 1536w, http:\/\/xn--kruterwandern-cfb.at\/wp-content\/uploads\/2024\/04\/F7-IMG_6099-2048x1536.jpg 2048w\" sizes=\"auto, (max-width: 300px) 100vw, 300px\" \/><\/a> <a href=\"http:\/\/xn--kruterwandern-cfb.at\/wp-content\/uploads\/2024\/04\/F9-eea224c9-913f-436c-8391.jpg\"><img loading=\"lazy\" decoding=\"async\" class=\"aligncenter size-medium wp-image-2555\" src=\"http:\/\/xn--kruterwandern-cfb.at\/wp-content\/uploads\/2024\/04\/F9-eea224c9-913f-436c-8391-263x300.jpg\" alt=\"\" width=\"263\" height=\"300\" srcset=\"http:\/\/xn--kruterwandern-cfb.at\/wp-content\/uploads\/2024\/04\/F9-eea224c9-913f-436c-8391-263x300.jpg 263w, http:\/\/xn--kruterwandern-cfb.at\/wp-content\/uploads\/2024\/04\/F9-eea224c9-913f-436c-8391-898x1024.jpg 898w, http:\/\/xn--kruterwandern-cfb.at\/wp-content\/uploads\/2024\/04\/F9-eea224c9-913f-436c-8391-768x876.jpg 768w, http:\/\/xn--kruterwandern-cfb.at\/wp-content\/uploads\/2024\/04\/F9-eea224c9-913f-436c-8391-1347x1536.jpg 1347w, http:\/\/xn--kruterwandern-cfb.at\/wp-content\/uploads\/2024\/04\/F9-eea224c9-913f-436c-8391.jpg 1536w\" sizes=\"auto, (max-width: 263px) 100vw, 263px\" \/><\/a> <a href=\"http:\/\/xn--kruterwandern-cfb.at\/wp-content\/uploads\/2024\/04\/G1-6a1de59b-a064-4d86-803f.jpg\"><img loading=\"lazy\" decoding=\"async\" class=\"aligncenter size-medium wp-image-2556\" src=\"http:\/\/xn--kruterwandern-cfb.at\/wp-content\/uploads\/2024\/04\/G1-6a1de59b-a064-4d86-803f-280x300.jpg\" alt=\"\" width=\"280\" height=\"300\" srcset=\"http:\/\/xn--kruterwandern-cfb.at\/wp-content\/uploads\/2024\/04\/G1-6a1de59b-a064-4d86-803f-280x300.jpg 280w, http:\/\/xn--kruterwandern-cfb.at\/wp-content\/uploads\/2024\/04\/G1-6a1de59b-a064-4d86-803f-955x1024.jpg 955w, http:\/\/xn--kruterwandern-cfb.at\/wp-content\/uploads\/2024\/04\/G1-6a1de59b-a064-4d86-803f-768x824.jpg 768w, http:\/\/xn--kruterwandern-cfb.at\/wp-content\/uploads\/2024\/04\/G1-6a1de59b-a064-4d86-803f.jpg 1196w\" sizes=\"auto, (max-width: 280px) 100vw, 280px\" \/><\/a><\/p>\n<p>&nbsp;<\/p>\n<h2>Rezept<\/h2>\n<h3>Kn\u00e4ckebrot<\/h3>\n<p>4 EL Sesam, 2 EL Sonnenblumenkerne, 2 EL Leinsamen, 2 EL K\u00fcrbiskerne, 2 EL Bl\u00e4ttermehl, 1 EL Brennnesselsamen, 3 EL Raps\u00f6l, 1 TL Kr\u00e4utersalz, 150 ml Wasser, 10 dag Dinkelmehl (optional einen Teil Roggenmehl),<\/p>\n<p>Die trockenen Zutaten vermischen und mit dem \u00d6l und Wasser \u00fcbergie\u00dfen. 1\/4 Stunde quellen lassen. D\u00fcnn auf ein Backtrennpapier ausrollen und bei 150\u00b0 ca. 1 Stunde backen lassen. Zwischendurch die Backrohrt\u00fcre immer kurz \u00f6ffnen um den Wasserdampf heraus zu lassen. Trocken aufbewahren!<\/p>\n","protected":false},"excerpt":{"rendered":"<p>Die jungen Wilden &nbsp; Rezept Kn\u00e4ckebrot 4 EL Sesam, 2 EL Sonnenblumenkerne, 2 EL Leinsamen, 2 EL K\u00fcrbiskerne, 2 EL Bl\u00e4ttermehl, 1 EL Brennnesselsamen, 3 EL Raps\u00f6l, 1 TL Kr\u00e4utersalz, 150 ml Wasser, 10 dag Dinkelmehl (optional einen Teil Roggenmehl), Die trockenen Zutaten vermischen und mit dem \u00d6l und Wasser&nbsp; <a href=\"http:\/\/xn--kruterwandern-cfb.at\/?p=2526\" title=\"Read more Kr\u00e4uterwandern 26.\/27. April 2024\">Read more &raquo;<\/a><\/p>\n","protected":false},"author":1,"featured_media":0,"comment_status":"closed","ping_status":"closed","sticky":false,"template":"","format":"standard","meta":{"footnotes":""},"categories":[1,56],"tags":[352,347,348,134,351,350,349,133,135,321],"class_list":["post-2526","post","type-post","status-publish","format-standard","hentry","category-allgemein","category-rezept-2","tag-ackerschachtelhalm","tag-birke","tag-fichtentriebe","tag-gundelrebe","tag-kriechender-guensel","tag-kuchen","tag-linde","tag-loewenzahn","tag-waldmeister","tag-wiesenkerbel"],"yoast_head":"<!-- This site is optimized with the Yoast SEO plugin v24.9 - https:\/\/yoast.com\/wordpress\/plugins\/seo\/ -->\n<title>Kr\u00e4uterwandern 26.\/27. April 2024 - Kr\u00e4uterwandern mit allen Sinnen<\/title>\n<meta name=\"robots\" content=\"index, follow, max-snippet:-1, max-image-preview:large, max-video-preview:-1\" \/>\n<link rel=\"canonical\" href=\"http:\/\/xn--kruterwandern-cfb.at\/?p=2526\" \/>\n<meta property=\"og:locale\" content=\"de_DE\" \/>\n<meta property=\"og:type\" content=\"article\" \/>\n<meta property=\"og:title\" content=\"Kr\u00e4uterwandern 26.\/27. April 2024 - Kr\u00e4uterwandern mit allen Sinnen\" \/>\n<meta property=\"og:description\" content=\"Die jungen Wilden &nbsp; Rezept Kn\u00e4ckebrot 4 EL Sesam, 2 EL Sonnenblumenkerne, 2 EL Leinsamen, 2 EL K\u00fcrbiskerne, 2 EL Bl\u00e4ttermehl, 1 EL Brennnesselsamen, 3 EL Raps\u00f6l, 1 TL Kr\u00e4utersalz, 150 ml Wasser, 10 dag Dinkelmehl (optional einen Teil Roggenmehl), Die trockenen Zutaten vermischen und mit dem \u00d6l und Wasser&nbsp; Read more &raquo;\" \/>\n<meta property=\"og:url\" content=\"http:\/\/xn--kruterwandern-cfb.at\/?p=2526\" \/>\n<meta property=\"og:site_name\" content=\"Kr\u00e4uterwandern mit allen Sinnen\" \/>\n<meta property=\"article:published_time\" content=\"2024-04-28T12:52:09+00:00\" \/>\n<meta property=\"article:modified_time\" content=\"2024-04-29T06:23:32+00:00\" \/>\n<meta property=\"og:image\" content=\"http:\/\/xn--kruterwandern-cfb.at\/wp-content\/uploads\/2024\/04\/IMG_8290-225x300.jpg\" \/>\n<meta name=\"author\" content=\"gabi\" \/>\n<meta name=\"twitter:label1\" content=\"Verfasst von\" \/>\n\t<meta name=\"twitter:data1\" content=\"gabi\" \/>\n\t<meta name=\"twitter:label2\" content=\"Gesch\u00e4tzte Lesezeit\" \/>\n\t<meta name=\"twitter:data2\" content=\"7\u00a0Minuten\" \/>\n<script type=\"application\/ld+json\" class=\"yoast-schema-graph\">{\"@context\":\"https:\/\/schema.org\",\"@graph\":[{\"@type\":\"Article\",\"@id\":\"http:\/\/xn--kruterwandern-cfb.at\/?p=2526#article\",\"isPartOf\":{\"@id\":\"http:\/\/xn--kruterwandern-cfb.at\/?p=2526\"},\"author\":{\"name\":\"gabi\",\"@id\":\"http:\/\/xn--kruterwandern-cfb.at\/#\/schema\/person\/149b5780cd8d441bdff00c83a20a8c72\"},\"headline\":\"Kr\u00e4uterwandern 26.\/27. April 2024\",\"datePublished\":\"2024-04-28T12:52:09+00:00\",\"dateModified\":\"2024-04-29T06:23:32+00:00\",\"mainEntityOfPage\":{\"@id\":\"http:\/\/xn--kruterwandern-cfb.at\/?p=2526\"},\"wordCount\":197,\"publisher\":{\"@id\":\"http:\/\/xn--kruterwandern-cfb.at\/#\/schema\/person\/149b5780cd8d441bdff00c83a20a8c72\"},\"image\":{\"@id\":\"http:\/\/xn--kruterwandern-cfb.at\/?p=2526#primaryimage\"},\"thumbnailUrl\":\"http:\/\/xn--kruterwandern-cfb.at\/wp-content\/uploads\/2024\/04\/IMG_8290-225x300.jpg\",\"keywords\":[\"Ackerschachtelhalm\",\"Birke\",\"Fichtentriebe\",\"Gundelrebe\",\"kriechender G\u00fcnsel\",\"Kuchen\",\"Linde\",\"L\u00f6wenzahn\",\"Waldmeister\",\"Wiesenkerbel\"],\"articleSection\":{\"1\":\"Rezepte\"},\"inLanguage\":\"de\"},{\"@type\":\"WebPage\",\"@id\":\"http:\/\/xn--kruterwandern-cfb.at\/?p=2526\",\"url\":\"http:\/\/xn--kruterwandern-cfb.at\/?p=2526\",\"name\":\"Kr\u00e4uterwandern 26.\/27. April 2024 - Kr\u00e4uterwandern mit allen Sinnen\",\"isPartOf\":{\"@id\":\"http:\/\/xn--kruterwandern-cfb.at\/#website\"},\"primaryImageOfPage\":{\"@id\":\"http:\/\/xn--kruterwandern-cfb.at\/?p=2526#primaryimage\"},\"image\":{\"@id\":\"http:\/\/xn--kruterwandern-cfb.at\/?p=2526#primaryimage\"},\"thumbnailUrl\":\"http:\/\/xn--kruterwandern-cfb.at\/wp-content\/uploads\/2024\/04\/IMG_8290-225x300.jpg\",\"datePublished\":\"2024-04-28T12:52:09+00:00\",\"dateModified\":\"2024-04-29T06:23:32+00:00\",\"breadcrumb\":{\"@id\":\"http:\/\/xn--kruterwandern-cfb.at\/?p=2526#breadcrumb\"},\"inLanguage\":\"de\",\"potentialAction\":[{\"@type\":\"ReadAction\",\"target\":[\"http:\/\/xn--kruterwandern-cfb.at\/?p=2526\"]}]},{\"@type\":\"ImageObject\",\"inLanguage\":\"de\",\"@id\":\"http:\/\/xn--kruterwandern-cfb.at\/?p=2526#primaryimage\",\"url\":\"http:\/\/xn--kruterwandern-cfb.at\/wp-content\/uploads\/2024\/04\/IMG_8290-scaled.jpg\",\"contentUrl\":\"http:\/\/xn--kruterwandern-cfb.at\/wp-content\/uploads\/2024\/04\/IMG_8290-scaled.jpg\",\"width\":1920,\"height\":2560},{\"@type\":\"BreadcrumbList\",\"@id\":\"http:\/\/xn--kruterwandern-cfb.at\/?p=2526#breadcrumb\",\"itemListElement\":[{\"@type\":\"ListItem\",\"position\":1,\"name\":\"Home\",\"item\":\"http:\/\/xn--kruterwandern-cfb.at\/\"},{\"@type\":\"ListItem\",\"position\":2,\"name\":\"Kr\u00e4uterwandern 26.\/27. April 2024\"}]},{\"@type\":\"WebSite\",\"@id\":\"http:\/\/xn--kruterwandern-cfb.at\/#website\",\"url\":\"http:\/\/xn--kruterwandern-cfb.at\/\",\"name\":\"Kr\u00e4uterwandern mit allen Sinnen\",\"description\":\"Kr\u00e4uterwandern mit Kr\u00e4uterp\u00e4dagogin Gabriele Inzinger in \u00d6sterreich, K\u00e4rnten, Mittelk\u00e4rnten, Umgebung St. Veit an der Glan, Ulrichsberg, Projern\",\"publisher\":{\"@id\":\"http:\/\/xn--kruterwandern-cfb.at\/#\/schema\/person\/149b5780cd8d441bdff00c83a20a8c72\"},\"potentialAction\":[{\"@type\":\"SearchAction\",\"target\":{\"@type\":\"EntryPoint\",\"urlTemplate\":\"http:\/\/xn--kruterwandern-cfb.at\/?s={search_term_string}\"},\"query-input\":{\"@type\":\"PropertyValueSpecification\",\"valueRequired\":true,\"valueName\":\"search_term_string\"}}],\"inLanguage\":\"de\"},{\"@type\":[\"Person\",\"Organization\"],\"@id\":\"http:\/\/xn--kruterwandern-cfb.at\/#\/schema\/person\/149b5780cd8d441bdff00c83a20a8c72\",\"name\":\"gabi\",\"image\":{\"@type\":\"ImageObject\",\"inLanguage\":\"de\",\"@id\":\"http:\/\/xn--kruterwandern-cfb.at\/#\/schema\/person\/image\/\",\"url\":\"https:\/\/secure.gravatar.com\/avatar\/be551bd92966b6ea4e7cef2860bff65165267639bb7040b011e243386b977e7b?s=96&d=mm&r=g\",\"contentUrl\":\"https:\/\/secure.gravatar.com\/avatar\/be551bd92966b6ea4e7cef2860bff65165267639bb7040b011e243386b977e7b?s=96&d=mm&r=g\",\"caption\":\"gabi\"},\"logo\":{\"@id\":\"http:\/\/xn--kruterwandern-cfb.at\/#\/schema\/person\/image\/\"},\"sameAs\":[\"http:\/\/kr\u00e4uterwandern.at\"]}]}<\/script>\n<!-- \/ Yoast SEO plugin. -->","yoast_head_json":{"title":"Kr\u00e4uterwandern 26.\/27. April 2024 - Kr\u00e4uterwandern mit allen Sinnen","robots":{"index":"index","follow":"follow","max-snippet":"max-snippet:-1","max-image-preview":"max-image-preview:large","max-video-preview":"max-video-preview:-1"},"canonical":"http:\/\/xn--kruterwandern-cfb.at\/?p=2526","og_locale":"de_DE","og_type":"article","og_title":"Kr\u00e4uterwandern 26.\/27. April 2024 - Kr\u00e4uterwandern mit allen Sinnen","og_description":"Die jungen Wilden &nbsp; Rezept Kn\u00e4ckebrot 4 EL Sesam, 2 EL Sonnenblumenkerne, 2 EL Leinsamen, 2 EL K\u00fcrbiskerne, 2 EL Bl\u00e4ttermehl, 1 EL Brennnesselsamen, 3 EL Raps\u00f6l, 1 TL Kr\u00e4utersalz, 150 ml Wasser, 10 dag Dinkelmehl (optional einen Teil Roggenmehl), Die trockenen Zutaten vermischen und mit dem \u00d6l und Wasser&nbsp; Read more &raquo;","og_url":"http:\/\/xn--kruterwandern-cfb.at\/?p=2526","og_site_name":"Kr\u00e4uterwandern mit allen Sinnen","article_published_time":"2024-04-28T12:52:09+00:00","article_modified_time":"2024-04-29T06:23:32+00:00","og_image":[{"url":"http:\/\/xn--kruterwandern-cfb.at\/wp-content\/uploads\/2024\/04\/IMG_8290-225x300.jpg","type":"","width":"","height":""}],"author":"gabi","twitter_misc":{"Verfasst von":"gabi","Gesch\u00e4tzte Lesezeit":"7\u00a0Minuten"},"schema":{"@context":"https:\/\/schema.org","@graph":[{"@type":"Article","@id":"http:\/\/xn--kruterwandern-cfb.at\/?p=2526#article","isPartOf":{"@id":"http:\/\/xn--kruterwandern-cfb.at\/?p=2526"},"author":{"name":"gabi","@id":"http:\/\/xn--kruterwandern-cfb.at\/#\/schema\/person\/149b5780cd8d441bdff00c83a20a8c72"},"headline":"Kr\u00e4uterwandern 26.\/27. April 2024","datePublished":"2024-04-28T12:52:09+00:00","dateModified":"2024-04-29T06:23:32+00:00","mainEntityOfPage":{"@id":"http:\/\/xn--kruterwandern-cfb.at\/?p=2526"},"wordCount":197,"publisher":{"@id":"http:\/\/xn--kruterwandern-cfb.at\/#\/schema\/person\/149b5780cd8d441bdff00c83a20a8c72"},"image":{"@id":"http:\/\/xn--kruterwandern-cfb.at\/?p=2526#primaryimage"},"thumbnailUrl":"http:\/\/xn--kruterwandern-cfb.at\/wp-content\/uploads\/2024\/04\/IMG_8290-225x300.jpg","keywords":["Ackerschachtelhalm","Birke","Fichtentriebe","Gundelrebe","kriechender G\u00fcnsel","Kuchen","Linde","L\u00f6wenzahn","Waldmeister","Wiesenkerbel"],"articleSection":{"1":"Rezepte"},"inLanguage":"de"},{"@type":"WebPage","@id":"http:\/\/xn--kruterwandern-cfb.at\/?p=2526","url":"http:\/\/xn--kruterwandern-cfb.at\/?p=2526","name":"Kr\u00e4uterwandern 26.\/27. April 2024 - Kr\u00e4uterwandern mit allen Sinnen","isPartOf":{"@id":"http:\/\/xn--kruterwandern-cfb.at\/#website"},"primaryImageOfPage":{"@id":"http:\/\/xn--kruterwandern-cfb.at\/?p=2526#primaryimage"},"image":{"@id":"http:\/\/xn--kruterwandern-cfb.at\/?p=2526#primaryimage"},"thumbnailUrl":"http:\/\/xn--kruterwandern-cfb.at\/wp-content\/uploads\/2024\/04\/IMG_8290-225x300.jpg","datePublished":"2024-04-28T12:52:09+00:00","dateModified":"2024-04-29T06:23:32+00:00","breadcrumb":{"@id":"http:\/\/xn--kruterwandern-cfb.at\/?p=2526#breadcrumb"},"inLanguage":"de","potentialAction":[{"@type":"ReadAction","target":["http:\/\/xn--kruterwandern-cfb.at\/?p=2526"]}]},{"@type":"ImageObject","inLanguage":"de","@id":"http:\/\/xn--kruterwandern-cfb.at\/?p=2526#primaryimage","url":"http:\/\/xn--kruterwandern-cfb.at\/wp-content\/uploads\/2024\/04\/IMG_8290-scaled.jpg","contentUrl":"http:\/\/xn--kruterwandern-cfb.at\/wp-content\/uploads\/2024\/04\/IMG_8290-scaled.jpg","width":1920,"height":2560},{"@type":"BreadcrumbList","@id":"http:\/\/xn--kruterwandern-cfb.at\/?p=2526#breadcrumb","itemListElement":[{"@type":"ListItem","position":1,"name":"Home","item":"http:\/\/xn--kruterwandern-cfb.at\/"},{"@type":"ListItem","position":2,"name":"Kr\u00e4uterwandern 26.\/27. April 2024"}]},{"@type":"WebSite","@id":"http:\/\/xn--kruterwandern-cfb.at\/#website","url":"http:\/\/xn--kruterwandern-cfb.at\/","name":"Kr\u00e4uterwandern mit allen Sinnen","description":"Kr\u00e4uterwandern mit Kr\u00e4uterp\u00e4dagogin Gabriele Inzinger in \u00d6sterreich, K\u00e4rnten, Mittelk\u00e4rnten, Umgebung St. Veit an der Glan, Ulrichsberg, Projern","publisher":{"@id":"http:\/\/xn--kruterwandern-cfb.at\/#\/schema\/person\/149b5780cd8d441bdff00c83a20a8c72"},"potentialAction":[{"@type":"SearchAction","target":{"@type":"EntryPoint","urlTemplate":"http:\/\/xn--kruterwandern-cfb.at\/?s={search_term_string}"},"query-input":{"@type":"PropertyValueSpecification","valueRequired":true,"valueName":"search_term_string"}}],"inLanguage":"de"},{"@type":["Person","Organization"],"@id":"http:\/\/xn--kruterwandern-cfb.at\/#\/schema\/person\/149b5780cd8d441bdff00c83a20a8c72","name":"gabi","image":{"@type":"ImageObject","inLanguage":"de","@id":"http:\/\/xn--kruterwandern-cfb.at\/#\/schema\/person\/image\/","url":"https:\/\/secure.gravatar.com\/avatar\/be551bd92966b6ea4e7cef2860bff65165267639bb7040b011e243386b977e7b?s=96&d=mm&r=g","contentUrl":"https:\/\/secure.gravatar.com\/avatar\/be551bd92966b6ea4e7cef2860bff65165267639bb7040b011e243386b977e7b?s=96&d=mm&r=g","caption":"gabi"},"logo":{"@id":"http:\/\/xn--kruterwandern-cfb.at\/#\/schema\/person\/image\/"},"sameAs":["http:\/\/kr\u00e4uterwandern.at"]}]}},"_links":{"self":[{"href":"http:\/\/xn--kruterwandern-cfb.at\/index.php?rest_route=\/wp\/v2\/posts\/2526","targetHints":{"allow":["GET"]}}],"collection":[{"href":"http:\/\/xn--kruterwandern-cfb.at\/index.php?rest_route=\/wp\/v2\/posts"}],"about":[{"href":"http:\/\/xn--kruterwandern-cfb.at\/index.php?rest_route=\/wp\/v2\/types\/post"}],"author":[{"embeddable":true,"href":"http:\/\/xn--kruterwandern-cfb.at\/index.php?rest_route=\/wp\/v2\/users\/1"}],"replies":[{"embeddable":true,"href":"http:\/\/xn--kruterwandern-cfb.at\/index.php?rest_route=%2Fwp%2Fv2%2Fcomments&post=2526"}],"version-history":[{"count":5,"href":"http:\/\/xn--kruterwandern-cfb.at\/index.php?rest_route=\/wp\/v2\/posts\/2526\/revisions"}],"predecessor-version":[{"id":2561,"href":"http:\/\/xn--kruterwandern-cfb.at\/index.php?rest_route=\/wp\/v2\/posts\/2526\/revisions\/2561"}],"wp:attachment":[{"href":"http:\/\/xn--kruterwandern-cfb.at\/index.php?rest_route=%2Fwp%2Fv2%2Fmedia&parent=2526"}],"wp:term":[{"taxonomy":"category","embeddable":true,"href":"http:\/\/xn--kruterwandern-cfb.at\/index.php?rest_route=%2Fwp%2Fv2%2Fcategories&post=2526"},{"taxonomy":"post_tag","embeddable":true,"href":"http:\/\/xn--kruterwandern-cfb.at\/index.php?rest_route=%2Fwp%2Fv2%2Ftags&post=2526"}],"curies":[{"name":"wp","href":"https:\/\/api.w.org\/{rel}","templated":true}]}}