{"id":2470,"date":"2024-03-24T13:32:10","date_gmt":"2024-03-24T13:32:10","guid":{"rendered":"http:\/\/xn--kruterwandern-cfb.at\/?p=2470"},"modified":"2024-03-26T07:36:28","modified_gmt":"2024-03-26T07:36:28","slug":"kraeuterwandern-22-23-maerz-2024","status":"publish","type":"post","link":"http:\/\/xn--kruterwandern-cfb.at\/?p=2470","title":{"rendered":"Kr\u00e4uterwandern  22.\/23. M\u00e4rz 2024"},"content":{"rendered":"<h1>Was uns jetzt gut tut!<\/h1>\n<figure id=\"attachment_2505\" class=\"wp-caption aligncenter\" style=\"width: 300px\"><a href=\"http:\/\/xn--kruterwandern-cfb.at\/wp-content\/uploads\/2024\/03\/A1-776-1.jpg\"><img loading=\"lazy\" decoding=\"async\" class=\"size-medium wp-image-2505\" src=\"http:\/\/xn--kruterwandern-cfb.at\/wp-content\/uploads\/2024\/03\/A1-776-1-300x230.jpg\" alt=\"\" width=\"300\" height=\"230\" srcset=\"http:\/\/xn--kruterwandern-cfb.at\/wp-content\/uploads\/2024\/03\/A1-776-1-300x230.jpg 300w, http:\/\/xn--kruterwandern-cfb.at\/wp-content\/uploads\/2024\/03\/A1-776-1.jpg 731w\" sizes=\"auto, (max-width: 300px) 100vw, 300px\" \/><\/a><figcaption class=\"wp-caption-text\">Herzlich willkommen beim &#8222;Kr\u00e4utern&#8220; 2024<\/figcaption><\/figure>\n<figure id=\"attachment_2506\" class=\"wp-caption aligncenter\" style=\"width: 168px\"><a href=\"http:\/\/xn--kruterwandern-cfb.at\/wp-content\/uploads\/2024\/03\/A2-65-1.jpg\"><img loading=\"lazy\" decoding=\"async\" class=\"size-medium wp-image-2506\" src=\"http:\/\/xn--kruterwandern-cfb.at\/wp-content\/uploads\/2024\/03\/A2-65-1-168x300.jpg\" alt=\"\" width=\"168\" height=\"300\" srcset=\"http:\/\/xn--kruterwandern-cfb.at\/wp-content\/uploads\/2024\/03\/A2-65-1-168x300.jpg 168w, http:\/\/xn--kruterwandern-cfb.at\/wp-content\/uploads\/2024\/03\/A2-65-1-574x1024.jpg 574w, http:\/\/xn--kruterwandern-cfb.at\/wp-content\/uploads\/2024\/03\/A2-65-1.jpg 707w\" sizes=\"auto, (max-width: 168px) 100vw, 168px\" \/><\/a><figcaption class=\"wp-caption-text\">Birkenwasser<\/figcaption><\/figure>\n<figure id=\"attachment_2474\" class=\"wp-caption aligncenter\" style=\"width: 300px\"><a href=\"http:\/\/xn--kruterwandern-cfb.at\/wp-content\/uploads\/2024\/03\/A5-IMG_5707-scaled.jpg\"><img loading=\"lazy\" decoding=\"async\" class=\"size-medium wp-image-2474\" src=\"http:\/\/xn--kruterwandern-cfb.at\/wp-content\/uploads\/2024\/03\/A5-IMG_5707-300x169.jpg\" alt=\"\" width=\"300\" height=\"169\" srcset=\"http:\/\/xn--kruterwandern-cfb.at\/wp-content\/uploads\/2024\/03\/A5-IMG_5707-300x169.jpg 300w, http:\/\/xn--kruterwandern-cfb.at\/wp-content\/uploads\/2024\/03\/A5-IMG_5707-1024x578.jpg 1024w, http:\/\/xn--kruterwandern-cfb.at\/wp-content\/uploads\/2024\/03\/A5-IMG_5707-768x434.jpg 768w, http:\/\/xn--kruterwandern-cfb.at\/wp-content\/uploads\/2024\/03\/A5-IMG_5707-1536x867.jpg 1536w, http:\/\/xn--kruterwandern-cfb.at\/wp-content\/uploads\/2024\/03\/A5-IMG_5707-2048x1156.jpg 2048w\" sizes=\"auto, (max-width: 300px) 100vw, 300px\" \/><\/a><figcaption class=\"wp-caption-text\">Brombeerknospe<\/figcaption><\/figure>\n<figure id=\"attachment_2475\" class=\"wp-caption aligncenter\" style=\"width: 206px\"><a href=\"http:\/\/xn--kruterwandern-cfb.at\/wp-content\/uploads\/2024\/03\/A7-IMG_5714-scaled.jpg\"><img loading=\"lazy\" decoding=\"async\" class=\"size-medium wp-image-2475\" src=\"http:\/\/xn--kruterwandern-cfb.at\/wp-content\/uploads\/2024\/03\/A7-IMG_5714-206x300.jpg\" alt=\"\" width=\"206\" height=\"300\" srcset=\"http:\/\/xn--kruterwandern-cfb.at\/wp-content\/uploads\/2024\/03\/A7-IMG_5714-206x300.jpg 206w, http:\/\/xn--kruterwandern-cfb.at\/wp-content\/uploads\/2024\/03\/A7-IMG_5714-703x1024.jpg 703w, http:\/\/xn--kruterwandern-cfb.at\/wp-content\/uploads\/2024\/03\/A7-IMG_5714-768x1118.jpg 768w, http:\/\/xn--kruterwandern-cfb.at\/wp-content\/uploads\/2024\/03\/A7-IMG_5714-1055x1536.jpg 1055w, http:\/\/xn--kruterwandern-cfb.at\/wp-content\/uploads\/2024\/03\/A7-IMG_5714-1407x2048.jpg 1407w, http:\/\/xn--kruterwandern-cfb.at\/wp-content\/uploads\/2024\/03\/A7-IMG_5714-scaled.jpg 1758w\" sizes=\"auto, (max-width: 206px) 100vw, 206px\" \/><\/a><figcaption class=\"wp-caption-text\">Walnuss<\/figcaption><\/figure>\n<figure id=\"attachment_2476\" class=\"wp-caption aligncenter\" style=\"width: 225px\"><a href=\"http:\/\/xn--kruterwandern-cfb.at\/wp-content\/uploads\/2024\/03\/A9-9be53c45-acc0-47cc.jpg\"><img loading=\"lazy\" decoding=\"async\" class=\"size-medium wp-image-2476\" src=\"http:\/\/xn--kruterwandern-cfb.at\/wp-content\/uploads\/2024\/03\/A9-9be53c45-acc0-47cc-225x300.jpg\" alt=\"\" width=\"225\" height=\"300\" srcset=\"http:\/\/xn--kruterwandern-cfb.at\/wp-content\/uploads\/2024\/03\/A9-9be53c45-acc0-47cc-225x300.jpg 225w, http:\/\/xn--kruterwandern-cfb.at\/wp-content\/uploads\/2024\/03\/A9-9be53c45-acc0-47cc-767x1024.jpg 767w, http:\/\/xn--kruterwandern-cfb.at\/wp-content\/uploads\/2024\/03\/A9-9be53c45-acc0-47cc-768x1026.jpg 768w, http:\/\/xn--kruterwandern-cfb.at\/wp-content\/uploads\/2024\/03\/A9-9be53c45-acc0-47cc-1150x1536.jpg 1150w, http:\/\/xn--kruterwandern-cfb.at\/wp-content\/uploads\/2024\/03\/A9-9be53c45-acc0-47cc.jpg 1198w\" sizes=\"auto, (max-width: 225px) 100vw, 225px\" \/><\/a><figcaption class=\"wp-caption-text\">Lungenkraut<\/figcaption><\/figure>\n<p><a href=\"http:\/\/xn--kruterwandern-cfb.at\/wp-content\/uploads\/2024\/03\/Ax-IMG_5732-scaled.jpg\"><img loading=\"lazy\" decoding=\"async\" class=\"aligncenter size-medium wp-image-2477\" src=\"http:\/\/xn--kruterwandern-cfb.at\/wp-content\/uploads\/2024\/03\/Ax-IMG_5732-300x176.jpg\" alt=\"\" width=\"300\" height=\"176\" srcset=\"http:\/\/xn--kruterwandern-cfb.at\/wp-content\/uploads\/2024\/03\/Ax-IMG_5732-300x176.jpg 300w, http:\/\/xn--kruterwandern-cfb.at\/wp-content\/uploads\/2024\/03\/Ax-IMG_5732-1024x601.jpg 1024w, http:\/\/xn--kruterwandern-cfb.at\/wp-content\/uploads\/2024\/03\/Ax-IMG_5732-768x451.jpg 768w, http:\/\/xn--kruterwandern-cfb.at\/wp-content\/uploads\/2024\/03\/Ax-IMG_5732-1536x902.jpg 1536w, http:\/\/xn--kruterwandern-cfb.at\/wp-content\/uploads\/2024\/03\/Ax-IMG_5732-2048x1202.jpg 2048w\" sizes=\"auto, (max-width: 300px) 100vw, 300px\" \/><\/a><\/p>\n<figure id=\"attachment_2507\" class=\"wp-caption aligncenter\" style=\"width: 169px\"><a href=\"http:\/\/xn--kruterwandern-cfb.at\/wp-content\/uploads\/2024\/03\/B1-IMG_5724.jpg\"><img loading=\"lazy\" decoding=\"async\" class=\"size-medium wp-image-2507\" src=\"http:\/\/xn--kruterwandern-cfb.at\/wp-content\/uploads\/2024\/03\/B1-IMG_5724-169x300.jpg\" alt=\"\" width=\"169\" height=\"300\" srcset=\"http:\/\/xn--kruterwandern-cfb.at\/wp-content\/uploads\/2024\/03\/B1-IMG_5724-169x300.jpg 169w, http:\/\/xn--kruterwandern-cfb.at\/wp-content\/uploads\/2024\/03\/B1-IMG_5724-577x1024.jpg 577w, http:\/\/xn--kruterwandern-cfb.at\/wp-content\/uploads\/2024\/03\/B1-IMG_5724-768x1364.jpg 768w, http:\/\/xn--kruterwandern-cfb.at\/wp-content\/uploads\/2024\/03\/B1-IMG_5724-865x1536.jpg 865w, http:\/\/xn--kruterwandern-cfb.at\/wp-content\/uploads\/2024\/03\/B1-IMG_5724.jpg 1126w\" sizes=\"auto, (max-width: 169px) 100vw, 169px\" \/><\/a><figcaption class=\"wp-caption-text\">Man zapfet aus der Birke sehr angenehmen Wein, man reibt sich, dass es wirke, die Glatze damit ein. W. Busch<\/figcaption><\/figure>\n<figure id=\"attachment_2479\" class=\"wp-caption aligncenter\" style=\"width: 215px\"><a href=\"http:\/\/xn--kruterwandern-cfb.at\/wp-content\/uploads\/2024\/03\/B3-IMG_5742-scaled.jpg\"><img loading=\"lazy\" decoding=\"async\" class=\"size-medium wp-image-2479\" src=\"http:\/\/xn--kruterwandern-cfb.at\/wp-content\/uploads\/2024\/03\/B3-IMG_5742-215x300.jpg\" alt=\"\" width=\"215\" height=\"300\" srcset=\"http:\/\/xn--kruterwandern-cfb.at\/wp-content\/uploads\/2024\/03\/B3-IMG_5742-215x300.jpg 215w, http:\/\/xn--kruterwandern-cfb.at\/wp-content\/uploads\/2024\/03\/B3-IMG_5742-734x1024.jpg 734w, http:\/\/xn--kruterwandern-cfb.at\/wp-content\/uploads\/2024\/03\/B3-IMG_5742-768x1071.jpg 768w, http:\/\/xn--kruterwandern-cfb.at\/wp-content\/uploads\/2024\/03\/B3-IMG_5742-1102x1536.jpg 1102w, http:\/\/xn--kruterwandern-cfb.at\/wp-content\/uploads\/2024\/03\/B3-IMG_5742-1469x2048.jpg 1469w, http:\/\/xn--kruterwandern-cfb.at\/wp-content\/uploads\/2024\/03\/B3-IMG_5742-scaled.jpg 1836w\" sizes=\"auto, (max-width: 215px) 100vw, 215px\" \/><\/a><figcaption class=\"wp-caption-text\">Wassertr\u00e4ger<\/figcaption><\/figure>\n<p>&nbsp;<\/p>\n<figure id=\"attachment_2480\" class=\"wp-caption aligncenter\" style=\"width: 203px\"><a href=\"http:\/\/xn--kruterwandern-cfb.at\/wp-content\/uploads\/2024\/03\/B5-IMG_5722-scaled.jpg\"><img loading=\"lazy\" decoding=\"async\" class=\"size-medium wp-image-2480\" src=\"http:\/\/xn--kruterwandern-cfb.at\/wp-content\/uploads\/2024\/03\/B5-IMG_5722-203x300.jpg\" alt=\"\" width=\"203\" height=\"300\" srcset=\"http:\/\/xn--kruterwandern-cfb.at\/wp-content\/uploads\/2024\/03\/B5-IMG_5722-203x300.jpg 203w, http:\/\/xn--kruterwandern-cfb.at\/wp-content\/uploads\/2024\/03\/B5-IMG_5722-691x1024.jpg 691w, http:\/\/xn--kruterwandern-cfb.at\/wp-content\/uploads\/2024\/03\/B5-IMG_5722-768x1138.jpg 768w, http:\/\/xn--kruterwandern-cfb.at\/wp-content\/uploads\/2024\/03\/B5-IMG_5722-1037x1536.jpg 1037w, http:\/\/xn--kruterwandern-cfb.at\/wp-content\/uploads\/2024\/03\/B5-IMG_5722-1382x2048.jpg 1382w, http:\/\/xn--kruterwandern-cfb.at\/wp-content\/uploads\/2024\/03\/B5-IMG_5722-scaled.jpg 1728w\" sizes=\"auto, (max-width: 203px) 100vw, 203px\" \/><\/a><figcaption class=\"wp-caption-text\">Birkenporling<\/figcaption><\/figure>\n<figure id=\"attachment_2481\" class=\"wp-caption aligncenter\" style=\"width: 201px\"><a href=\"http:\/\/xn--kruterwandern-cfb.at\/wp-content\/uploads\/2024\/03\/C1-IMG_5735-scaled.jpg\"><img loading=\"lazy\" decoding=\"async\" class=\"size-medium wp-image-2481\" src=\"http:\/\/xn--kruterwandern-cfb.at\/wp-content\/uploads\/2024\/03\/C1-IMG_5735-201x300.jpg\" alt=\"\" width=\"201\" height=\"300\" srcset=\"http:\/\/xn--kruterwandern-cfb.at\/wp-content\/uploads\/2024\/03\/C1-IMG_5735-201x300.jpg 201w, http:\/\/xn--kruterwandern-cfb.at\/wp-content\/uploads\/2024\/03\/C1-IMG_5735-687x1024.jpg 687w, http:\/\/xn--kruterwandern-cfb.at\/wp-content\/uploads\/2024\/03\/C1-IMG_5735-768x1145.jpg 768w, http:\/\/xn--kruterwandern-cfb.at\/wp-content\/uploads\/2024\/03\/C1-IMG_5735-1030x1536.jpg 1030w, http:\/\/xn--kruterwandern-cfb.at\/wp-content\/uploads\/2024\/03\/C1-IMG_5735-1374x2048.jpg 1374w, http:\/\/xn--kruterwandern-cfb.at\/wp-content\/uploads\/2024\/03\/C1-IMG_5735-scaled.jpg 1717w\" sizes=\"auto, (max-width: 201px) 100vw, 201px\" \/><\/a><figcaption class=\"wp-caption-text\">Huflattich<\/figcaption><\/figure>\n<figure id=\"attachment_2482\" class=\"wp-caption aligncenter\" style=\"width: 300px\"><a href=\"http:\/\/xn--kruterwandern-cfb.at\/wp-content\/uploads\/2024\/03\/C5-IMG_5743-scaled.jpg\"><img loading=\"lazy\" decoding=\"async\" class=\"size-medium wp-image-2482\" src=\"http:\/\/xn--kruterwandern-cfb.at\/wp-content\/uploads\/2024\/03\/C5-IMG_5743-300x223.jpg\" alt=\"\" width=\"300\" height=\"223\" srcset=\"http:\/\/xn--kruterwandern-cfb.at\/wp-content\/uploads\/2024\/03\/C5-IMG_5743-300x223.jpg 300w, http:\/\/xn--kruterwandern-cfb.at\/wp-content\/uploads\/2024\/03\/C5-IMG_5743-1024x762.jpg 1024w, http:\/\/xn--kruterwandern-cfb.at\/wp-content\/uploads\/2024\/03\/C5-IMG_5743-768x572.jpg 768w, http:\/\/xn--kruterwandern-cfb.at\/wp-content\/uploads\/2024\/03\/C5-IMG_5743-1536x1144.jpg 1536w, http:\/\/xn--kruterwandern-cfb.at\/wp-content\/uploads\/2024\/03\/C5-IMG_5743-2048x1525.jpg 2048w\" sizes=\"auto, (max-width: 300px) 100vw, 300px\" \/><\/a><figcaption class=\"wp-caption-text\">Kuckucksklee<\/figcaption><\/figure>\n<figure id=\"attachment_2508\" class=\"wp-caption aligncenter\" style=\"width: 169px\"><a href=\"http:\/\/xn--kruterwandern-cfb.at\/wp-content\/uploads\/2024\/03\/E4-1724500c.jpg\"><img loading=\"lazy\" decoding=\"async\" class=\"size-medium wp-image-2508\" src=\"http:\/\/xn--kruterwandern-cfb.at\/wp-content\/uploads\/2024\/03\/E4-1724500c-169x300.jpg\" alt=\"\" width=\"169\" height=\"300\" srcset=\"http:\/\/xn--kruterwandern-cfb.at\/wp-content\/uploads\/2024\/03\/E4-1724500c-169x300.jpg 169w, http:\/\/xn--kruterwandern-cfb.at\/wp-content\/uploads\/2024\/03\/E4-1724500c-577x1024.jpg 577w, http:\/\/xn--kruterwandern-cfb.at\/wp-content\/uploads\/2024\/03\/E4-1724500c-768x1364.jpg 768w, http:\/\/xn--kruterwandern-cfb.at\/wp-content\/uploads\/2024\/03\/E4-1724500c-865x1536.jpg 865w, http:\/\/xn--kruterwandern-cfb.at\/wp-content\/uploads\/2024\/03\/E4-1724500c.jpg 1126w\" sizes=\"auto, (max-width: 169px) 100vw, 169px\" \/><\/a><figcaption class=\"wp-caption-text\">Pestwurz<\/figcaption><\/figure>\n<p><a href=\"http:\/\/xn--kruterwandern-cfb.at\/wp-content\/uploads\/2024\/03\/C7-IMG_5751-scaled.jpg\"><img loading=\"lazy\" decoding=\"async\" class=\"aligncenter size-medium wp-image-2483\" src=\"http:\/\/xn--kruterwandern-cfb.at\/wp-content\/uploads\/2024\/03\/C7-IMG_5751-300x170.jpg\" alt=\"\" width=\"300\" height=\"170\" srcset=\"http:\/\/xn--kruterwandern-cfb.at\/wp-content\/uploads\/2024\/03\/C7-IMG_5751-300x170.jpg 300w, http:\/\/xn--kruterwandern-cfb.at\/wp-content\/uploads\/2024\/03\/C7-IMG_5751-1024x580.jpg 1024w, http:\/\/xn--kruterwandern-cfb.at\/wp-content\/uploads\/2024\/03\/C7-IMG_5751-768x435.jpg 768w, http:\/\/xn--kruterwandern-cfb.at\/wp-content\/uploads\/2024\/03\/C7-IMG_5751-1536x870.jpg 1536w, http:\/\/xn--kruterwandern-cfb.at\/wp-content\/uploads\/2024\/03\/C7-IMG_5751-2048x1160.jpg 2048w\" sizes=\"auto, (max-width: 300px) 100vw, 300px\" \/><\/a><\/p>\n<figure id=\"attachment_2484\" class=\"wp-caption aligncenter\" style=\"width: 300px\"><a href=\"http:\/\/xn--kruterwandern-cfb.at\/wp-content\/uploads\/2024\/03\/C9-IMG_5747-scaled.jpg\"><img loading=\"lazy\" decoding=\"async\" class=\"size-medium wp-image-2484\" src=\"http:\/\/xn--kruterwandern-cfb.at\/wp-content\/uploads\/2024\/03\/C9-IMG_5747-300x189.jpg\" alt=\"\" width=\"300\" height=\"189\" srcset=\"http:\/\/xn--kruterwandern-cfb.at\/wp-content\/uploads\/2024\/03\/C9-IMG_5747-300x189.jpg 300w, http:\/\/xn--kruterwandern-cfb.at\/wp-content\/uploads\/2024\/03\/C9-IMG_5747-1024x647.jpg 1024w, http:\/\/xn--kruterwandern-cfb.at\/wp-content\/uploads\/2024\/03\/C9-IMG_5747-768x485.jpg 768w, http:\/\/xn--kruterwandern-cfb.at\/wp-content\/uploads\/2024\/03\/C9-IMG_5747-1536x970.jpg 1536w, http:\/\/xn--kruterwandern-cfb.at\/wp-content\/uploads\/2024\/03\/C9-IMG_5747-2048x1294.jpg 2048w\" sizes=\"auto, (max-width: 300px) 100vw, 300px\" \/><\/a><figcaption class=\"wp-caption-text\">Milzkraut<\/figcaption><\/figure>\n<figure id=\"attachment_2485\" class=\"wp-caption aligncenter\" style=\"width: 257px\"><a href=\"http:\/\/xn--kruterwandern-cfb.at\/wp-content\/uploads\/2024\/03\/D1-IMG_5738-scaled.jpg\"><img loading=\"lazy\" decoding=\"async\" class=\"size-medium wp-image-2485\" src=\"http:\/\/xn--kruterwandern-cfb.at\/wp-content\/uploads\/2024\/03\/D1-IMG_5738-257x300.jpg\" alt=\"\" width=\"257\" height=\"300\" srcset=\"http:\/\/xn--kruterwandern-cfb.at\/wp-content\/uploads\/2024\/03\/D1-IMG_5738-257x300.jpg 257w, http:\/\/xn--kruterwandern-cfb.at\/wp-content\/uploads\/2024\/03\/D1-IMG_5738-878x1024.jpg 878w, http:\/\/xn--kruterwandern-cfb.at\/wp-content\/uploads\/2024\/03\/D1-IMG_5738-768x896.jpg 768w, http:\/\/xn--kruterwandern-cfb.at\/wp-content\/uploads\/2024\/03\/D1-IMG_5738-1317x1536.jpg 1317w, http:\/\/xn--kruterwandern-cfb.at\/wp-content\/uploads\/2024\/03\/D1-IMG_5738-1755x2048.jpg 1755w\" sizes=\"auto, (max-width: 257px) 100vw, 257px\" \/><\/a><figcaption class=\"wp-caption-text\">&#8222;Der Dieb im Wald&#8220; Schuppenwurz<\/figcaption><\/figure>\n<figure id=\"attachment_2486\" class=\"wp-caption aligncenter\" style=\"width: 199px\"><a href=\"http:\/\/xn--kruterwandern-cfb.at\/wp-content\/uploads\/2024\/03\/D3-0a175b97-c40b.jpg\"><img loading=\"lazy\" decoding=\"async\" class=\"size-medium wp-image-2486\" src=\"http:\/\/xn--kruterwandern-cfb.at\/wp-content\/uploads\/2024\/03\/D3-0a175b97-c40b-199x300.jpg\" alt=\"\" width=\"199\" height=\"300\" srcset=\"http:\/\/xn--kruterwandern-cfb.at\/wp-content\/uploads\/2024\/03\/D3-0a175b97-c40b-199x300.jpg 199w, http:\/\/xn--kruterwandern-cfb.at\/wp-content\/uploads\/2024\/03\/D3-0a175b97-c40b-680x1024.jpg 680w, http:\/\/xn--kruterwandern-cfb.at\/wp-content\/uploads\/2024\/03\/D3-0a175b97-c40b-768x1157.jpg 768w, http:\/\/xn--kruterwandern-cfb.at\/wp-content\/uploads\/2024\/03\/D3-0a175b97-c40b-1019x1536.jpg 1019w, http:\/\/xn--kruterwandern-cfb.at\/wp-content\/uploads\/2024\/03\/D3-0a175b97-c40b.jpg 1359w\" sizes=\"auto, (max-width: 199px) 100vw, 199px\" \/><\/a><figcaption class=\"wp-caption-text\">Lerchensporn<\/figcaption><\/figure>\n<p><a href=\"http:\/\/xn--kruterwandern-cfb.at\/wp-content\/uploads\/2024\/03\/D7-fc51bb89-2e81-47f9.jpg\"><img loading=\"lazy\" decoding=\"async\" class=\"aligncenter size-medium wp-image-2487\" src=\"http:\/\/xn--kruterwandern-cfb.at\/wp-content\/uploads\/2024\/03\/D7-fc51bb89-2e81-47f9-196x300.jpg\" alt=\"\" width=\"196\" height=\"300\" srcset=\"http:\/\/xn--kruterwandern-cfb.at\/wp-content\/uploads\/2024\/03\/D7-fc51bb89-2e81-47f9-196x300.jpg 196w, http:\/\/xn--kruterwandern-cfb.at\/wp-content\/uploads\/2024\/03\/D7-fc51bb89-2e81-47f9-668x1024.jpg 668w, http:\/\/xn--kruterwandern-cfb.at\/wp-content\/uploads\/2024\/03\/D7-fc51bb89-2e81-47f9-768x1177.jpg 768w, http:\/\/xn--kruterwandern-cfb.at\/wp-content\/uploads\/2024\/03\/D7-fc51bb89-2e81-47f9-1002x1536.jpg 1002w, http:\/\/xn--kruterwandern-cfb.at\/wp-content\/uploads\/2024\/03\/D7-fc51bb89-2e81-47f9.jpg 1058w\" sizes=\"auto, (max-width: 196px) 100vw, 196px\" \/><\/a> <a href=\"http:\/\/xn--kruterwandern-cfb.at\/wp-content\/uploads\/2024\/03\/D9-IMG_5770-scaled.jpg\"><img loading=\"lazy\" decoding=\"async\" class=\"aligncenter size-medium wp-image-2488\" src=\"http:\/\/xn--kruterwandern-cfb.at\/wp-content\/uploads\/2024\/03\/D9-IMG_5770-285x300.jpg\" alt=\"\" width=\"285\" height=\"300\" srcset=\"http:\/\/xn--kruterwandern-cfb.at\/wp-content\/uploads\/2024\/03\/D9-IMG_5770-285x300.jpg 285w, http:\/\/xn--kruterwandern-cfb.at\/wp-content\/uploads\/2024\/03\/D9-IMG_5770-974x1024.jpg 974w, http:\/\/xn--kruterwandern-cfb.at\/wp-content\/uploads\/2024\/03\/D9-IMG_5770-768x808.jpg 768w, http:\/\/xn--kruterwandern-cfb.at\/wp-content\/uploads\/2024\/03\/D9-IMG_5770-1461x1536.jpg 1461w, http:\/\/xn--kruterwandern-cfb.at\/wp-content\/uploads\/2024\/03\/D9-IMG_5770-1948x2048.jpg 1948w\" sizes=\"auto, (max-width: 285px) 100vw, 285px\" \/><\/a><\/p>\n<figure id=\"attachment_2489\" class=\"wp-caption aligncenter\" style=\"width: 300px\"><a href=\"http:\/\/xn--kruterwandern-cfb.at\/wp-content\/uploads\/2024\/03\/E1-IMG_5772.jpg\"><img loading=\"lazy\" decoding=\"async\" class=\"size-medium wp-image-2489\" src=\"http:\/\/xn--kruterwandern-cfb.at\/wp-content\/uploads\/2024\/03\/E1-IMG_5772-300x180.jpg\" alt=\"\" width=\"300\" height=\"180\" srcset=\"http:\/\/xn--kruterwandern-cfb.at\/wp-content\/uploads\/2024\/03\/E1-IMG_5772-300x180.jpg 300w, http:\/\/xn--kruterwandern-cfb.at\/wp-content\/uploads\/2024\/03\/E1-IMG_5772-1024x614.jpg 1024w, http:\/\/xn--kruterwandern-cfb.at\/wp-content\/uploads\/2024\/03\/E1-IMG_5772-768x461.jpg 768w, http:\/\/xn--kruterwandern-cfb.at\/wp-content\/uploads\/2024\/03\/E1-IMG_5772-1536x921.jpg 1536w, http:\/\/xn--kruterwandern-cfb.at\/wp-content\/uploads\/2024\/03\/E1-IMG_5772.jpg 1699w\" sizes=\"auto, (max-width: 300px) 100vw, 300px\" \/><\/a><figcaption class=\"wp-caption-text\">Buschwindr\u00f6schen und gelbes Windr\u00f6schen<\/figcaption><\/figure>\n<figure id=\"attachment_2490\" class=\"wp-caption aligncenter\" style=\"width: 300px\"><a href=\"http:\/\/xn--kruterwandern-cfb.at\/wp-content\/uploads\/2024\/03\/E3-IMG_5775.jpg\"><img loading=\"lazy\" decoding=\"async\" class=\"size-medium wp-image-2490\" src=\"http:\/\/xn--kruterwandern-cfb.at\/wp-content\/uploads\/2024\/03\/E3-IMG_5775-300x200.jpg\" alt=\"\" width=\"300\" height=\"200\" srcset=\"http:\/\/xn--kruterwandern-cfb.at\/wp-content\/uploads\/2024\/03\/E3-IMG_5775-300x200.jpg 300w, http:\/\/xn--kruterwandern-cfb.at\/wp-content\/uploads\/2024\/03\/E3-IMG_5775-1024x683.jpg 1024w, http:\/\/xn--kruterwandern-cfb.at\/wp-content\/uploads\/2024\/03\/E3-IMG_5775-768x512.jpg 768w, http:\/\/xn--kruterwandern-cfb.at\/wp-content\/uploads\/2024\/03\/E3-IMG_5775-1536x1024.jpg 1536w, http:\/\/xn--kruterwandern-cfb.at\/wp-content\/uploads\/2024\/03\/E3-IMG_5775-2048x1366.jpg 2048w, http:\/\/xn--kruterwandern-cfb.at\/wp-content\/uploads\/2024\/03\/E3-IMG_5775-150x100.jpg 150w\" sizes=\"auto, (max-width: 300px) 100vw, 300px\" \/><\/a><figcaption class=\"wp-caption-text\">Eschenknospe<\/figcaption><\/figure>\n<figure id=\"attachment_2491\" class=\"wp-caption aligncenter\" style=\"width: 208px\"><a href=\"http:\/\/xn--kruterwandern-cfb.at\/wp-content\/uploads\/2024\/03\/E5-69f44eeb-6023-4dd2.jpg\"><img loading=\"lazy\" decoding=\"async\" class=\"size-medium wp-image-2491\" src=\"http:\/\/xn--kruterwandern-cfb.at\/wp-content\/uploads\/2024\/03\/E5-69f44eeb-6023-4dd2-208x300.jpg\" alt=\"\" width=\"208\" height=\"300\" srcset=\"http:\/\/xn--kruterwandern-cfb.at\/wp-content\/uploads\/2024\/03\/E5-69f44eeb-6023-4dd2-208x300.jpg 208w, http:\/\/xn--kruterwandern-cfb.at\/wp-content\/uploads\/2024\/03\/E5-69f44eeb-6023-4dd2-709x1024.jpg 709w, http:\/\/xn--kruterwandern-cfb.at\/wp-content\/uploads\/2024\/03\/E5-69f44eeb-6023-4dd2-768x1109.jpg 768w, http:\/\/xn--kruterwandern-cfb.at\/wp-content\/uploads\/2024\/03\/E5-69f44eeb-6023-4dd2-1064x1536.jpg 1064w, http:\/\/xn--kruterwandern-cfb.at\/wp-content\/uploads\/2024\/03\/E5-69f44eeb-6023-4dd2.jpg 1418w\" sizes=\"auto, (max-width: 208px) 100vw, 208px\" \/><\/a><figcaption class=\"wp-caption-text\">Leberbl\u00fcmchen<\/figcaption><\/figure>\n<figure id=\"attachment_2492\" class=\"wp-caption aligncenter\" style=\"width: 300px\"><a href=\"http:\/\/xn--kruterwandern-cfb.at\/wp-content\/uploads\/2024\/03\/F1-IMG_5785-scaled.jpg\"><img loading=\"lazy\" decoding=\"async\" class=\"size-medium wp-image-2492\" src=\"http:\/\/xn--kruterwandern-cfb.at\/wp-content\/uploads\/2024\/03\/F1-IMG_5785-300x179.jpg\" alt=\"\" width=\"300\" height=\"179\" srcset=\"http:\/\/xn--kruterwandern-cfb.at\/wp-content\/uploads\/2024\/03\/F1-IMG_5785-300x179.jpg 300w, http:\/\/xn--kruterwandern-cfb.at\/wp-content\/uploads\/2024\/03\/F1-IMG_5785-1024x612.jpg 1024w, http:\/\/xn--kruterwandern-cfb.at\/wp-content\/uploads\/2024\/03\/F1-IMG_5785-768x459.jpg 768w, http:\/\/xn--kruterwandern-cfb.at\/wp-content\/uploads\/2024\/03\/F1-IMG_5785-1536x918.jpg 1536w, http:\/\/xn--kruterwandern-cfb.at\/wp-content\/uploads\/2024\/03\/F1-IMG_5785-2048x1224.jpg 2048w\" sizes=\"auto, (max-width: 300px) 100vw, 300px\" \/><\/a><figcaption class=\"wp-caption-text\">Ebereschenknospe<\/figcaption><\/figure>\n<figure id=\"attachment_2493\" class=\"wp-caption aligncenter\" style=\"width: 300px\"><a href=\"http:\/\/xn--kruterwandern-cfb.at\/wp-content\/uploads\/2024\/03\/F3-IMG_5791-scaled.jpg\"><img loading=\"lazy\" decoding=\"async\" class=\"size-medium wp-image-2493\" src=\"http:\/\/xn--kruterwandern-cfb.at\/wp-content\/uploads\/2024\/03\/F3-IMG_5791-300x207.jpg\" alt=\"\" width=\"300\" height=\"207\" srcset=\"http:\/\/xn--kruterwandern-cfb.at\/wp-content\/uploads\/2024\/03\/F3-IMG_5791-300x207.jpg 300w, http:\/\/xn--kruterwandern-cfb.at\/wp-content\/uploads\/2024\/03\/F3-IMG_5791-1024x706.jpg 1024w, http:\/\/xn--kruterwandern-cfb.at\/wp-content\/uploads\/2024\/03\/F3-IMG_5791-768x530.jpg 768w, http:\/\/xn--kruterwandern-cfb.at\/wp-content\/uploads\/2024\/03\/F3-IMG_5791-1536x1059.jpg 1536w, http:\/\/xn--kruterwandern-cfb.at\/wp-content\/uploads\/2024\/03\/F3-IMG_5791-2048x1412.jpg 2048w\" sizes=\"auto, (max-width: 300px) 100vw, 300px\" \/><\/a><figcaption class=\"wp-caption-text\">Viola odorata<\/figcaption><\/figure>\n<figure id=\"attachment_2494\" class=\"wp-caption aligncenter\" style=\"width: 204px\"><a href=\"http:\/\/xn--kruterwandern-cfb.at\/wp-content\/uploads\/2024\/03\/F5-0ffaea58-f7e7-4faa.jpg\"><img loading=\"lazy\" decoding=\"async\" class=\"size-medium wp-image-2494\" src=\"http:\/\/xn--kruterwandern-cfb.at\/wp-content\/uploads\/2024\/03\/F5-0ffaea58-f7e7-4faa-204x300.jpg\" alt=\"\" width=\"204\" height=\"300\" srcset=\"http:\/\/xn--kruterwandern-cfb.at\/wp-content\/uploads\/2024\/03\/F5-0ffaea58-f7e7-4faa-204x300.jpg 204w, http:\/\/xn--kruterwandern-cfb.at\/wp-content\/uploads\/2024\/03\/F5-0ffaea58-f7e7-4faa-695x1024.jpg 695w, http:\/\/xn--kruterwandern-cfb.at\/wp-content\/uploads\/2024\/03\/F5-0ffaea58-f7e7-4faa-768x1131.jpg 768w, http:\/\/xn--kruterwandern-cfb.at\/wp-content\/uploads\/2024\/03\/F5-0ffaea58-f7e7-4faa.jpg 875w\" sizes=\"auto, (max-width: 204px) 100vw, 204px\" \/><\/a><figcaption class=\"wp-caption-text\">B\u00e4rlauch<\/figcaption><\/figure>\n<figure id=\"attachment_2495\" class=\"wp-caption aligncenter\" style=\"width: 300px\"><a href=\"http:\/\/xn--kruterwandern-cfb.at\/wp-content\/uploads\/2024\/03\/F5-IMG_5793-scaled.jpg\"><img loading=\"lazy\" decoding=\"async\" class=\"size-medium wp-image-2495\" src=\"http:\/\/xn--kruterwandern-cfb.at\/wp-content\/uploads\/2024\/03\/F5-IMG_5793-300x203.jpg\" alt=\"\" width=\"300\" height=\"203\" srcset=\"http:\/\/xn--kruterwandern-cfb.at\/wp-content\/uploads\/2024\/03\/F5-IMG_5793-300x203.jpg 300w, http:\/\/xn--kruterwandern-cfb.at\/wp-content\/uploads\/2024\/03\/F5-IMG_5793-1024x693.jpg 1024w, http:\/\/xn--kruterwandern-cfb.at\/wp-content\/uploads\/2024\/03\/F5-IMG_5793-768x520.jpg 768w, http:\/\/xn--kruterwandern-cfb.at\/wp-content\/uploads\/2024\/03\/F5-IMG_5793-1536x1040.jpg 1536w, http:\/\/xn--kruterwandern-cfb.at\/wp-content\/uploads\/2024\/03\/F5-IMG_5793-2048x1386.jpg 2048w\" sizes=\"auto, (max-width: 300px) 100vw, 300px\" \/><\/a><figcaption class=\"wp-caption-text\">Knoblauchsrauke<\/figcaption><\/figure>\n<figure id=\"attachment_2509\" class=\"wp-caption aligncenter\" style=\"width: 178px\"><a href=\"http:\/\/xn--kruterwandern-cfb.at\/wp-content\/uploads\/2024\/03\/R1-dd2f66e2-59d1-4387.jpg\"><img loading=\"lazy\" decoding=\"async\" class=\"size-medium wp-image-2509\" src=\"http:\/\/xn--kruterwandern-cfb.at\/wp-content\/uploads\/2024\/03\/R1-dd2f66e2-59d1-4387-178x300.jpg\" alt=\"\" width=\"178\" height=\"300\" srcset=\"http:\/\/xn--kruterwandern-cfb.at\/wp-content\/uploads\/2024\/03\/R1-dd2f66e2-59d1-4387-178x300.jpg 178w, http:\/\/xn--kruterwandern-cfb.at\/wp-content\/uploads\/2024\/03\/R1-dd2f66e2-59d1-4387.jpg 494w\" sizes=\"auto, (max-width: 178px) 100vw, 178px\" \/><\/a><figcaption class=\"wp-caption-text\">Hasentrunk<\/figcaption><\/figure>\n<p><a href=\"http:\/\/xn--kruterwandern-cfb.at\/wp-content\/uploads\/2024\/03\/R1-IMG_5800-scaled.jpg\"><img loading=\"lazy\" decoding=\"async\" class=\"aligncenter size-medium wp-image-2496\" src=\"http:\/\/xn--kruterwandern-cfb.at\/wp-content\/uploads\/2024\/03\/R1-IMG_5800-300x217.jpg\" alt=\"\" width=\"300\" height=\"217\" srcset=\"http:\/\/xn--kruterwandern-cfb.at\/wp-content\/uploads\/2024\/03\/R1-IMG_5800-300x217.jpg 300w, http:\/\/xn--kruterwandern-cfb.at\/wp-content\/uploads\/2024\/03\/R1-IMG_5800-1024x740.jpg 1024w, http:\/\/xn--kruterwandern-cfb.at\/wp-content\/uploads\/2024\/03\/R1-IMG_5800-768x555.jpg 768w, http:\/\/xn--kruterwandern-cfb.at\/wp-content\/uploads\/2024\/03\/R1-IMG_5800-1536x1109.jpg 1536w, http:\/\/xn--kruterwandern-cfb.at\/wp-content\/uploads\/2024\/03\/R1-IMG_5800-2048x1479.jpg 2048w\" sizes=\"auto, (max-width: 300px) 100vw, 300px\" \/><\/a><\/p>\n<p><a href=\"http:\/\/xn--kruterwandern-cfb.at\/wp-content\/uploads\/2024\/03\/R3-IMG_5807-scaled.jpg\"><img loading=\"lazy\" decoding=\"async\" class=\"aligncenter size-medium wp-image-2497\" src=\"http:\/\/xn--kruterwandern-cfb.at\/wp-content\/uploads\/2024\/03\/R3-IMG_5807-300x219.jpg\" alt=\"\" width=\"300\" height=\"219\" srcset=\"http:\/\/xn--kruterwandern-cfb.at\/wp-content\/uploads\/2024\/03\/R3-IMG_5807-300x219.jpg 300w, http:\/\/xn--kruterwandern-cfb.at\/wp-content\/uploads\/2024\/03\/R3-IMG_5807-1024x749.jpg 1024w, http:\/\/xn--kruterwandern-cfb.at\/wp-content\/uploads\/2024\/03\/R3-IMG_5807-768x562.jpg 768w, http:\/\/xn--kruterwandern-cfb.at\/wp-content\/uploads\/2024\/03\/R3-IMG_5807-1536x1123.jpg 1536w, http:\/\/xn--kruterwandern-cfb.at\/wp-content\/uploads\/2024\/03\/R3-IMG_5807-2048x1497.jpg 2048w\" sizes=\"auto, (max-width: 300px) 100vw, 300px\" \/><\/a><a href=\"http:\/\/xn--kruterwandern-cfb.at\/wp-content\/uploads\/2024\/03\/R5-b12f3b5e-ffde.jpg\"><img loading=\"lazy\" decoding=\"async\" class=\"aligncenter size-medium wp-image-2498\" src=\"http:\/\/xn--kruterwandern-cfb.at\/wp-content\/uploads\/2024\/03\/R5-b12f3b5e-ffde-300x226.jpg\" alt=\"\" width=\"300\" height=\"226\" srcset=\"http:\/\/xn--kruterwandern-cfb.at\/wp-content\/uploads\/2024\/03\/R5-b12f3b5e-ffde-300x226.jpg 300w, http:\/\/xn--kruterwandern-cfb.at\/wp-content\/uploads\/2024\/03\/R5-b12f3b5e-ffde-1024x771.jpg 1024w, http:\/\/xn--kruterwandern-cfb.at\/wp-content\/uploads\/2024\/03\/R5-b12f3b5e-ffde-768x578.jpg 768w, http:\/\/xn--kruterwandern-cfb.at\/wp-content\/uploads\/2024\/03\/R5-b12f3b5e-ffde-1536x1156.jpg 1536w, http:\/\/xn--kruterwandern-cfb.at\/wp-content\/uploads\/2024\/03\/R5-b12f3b5e-ffde.jpg 1600w\" sizes=\"auto, (max-width: 300px) 100vw, 300px\" \/><\/a><a href=\"http:\/\/xn--kruterwandern-cfb.at\/wp-content\/uploads\/2024\/03\/R5-b12f3b5e-ffde.jpg\"><br \/>\n<\/a><\/p>\n<h2>Rezept:<\/h2>\n<h3>Mohnbutter<\/h3>\n<p>1\/2 kg Butter<\/p>\n<p>F\u00fclle:14 dag gemahlener Mohn, 8 dag Kletzenmehl, 10 dag Staubzucker, 2 P. Vanillezucker,180 ml hei\u00dfes Wasser. Die trockenen Zutaten vermischen und mit dem Wasser \u00fcbergie\u00dfen. Kurz abk\u00fchlen lassen und die ausgerollte Butter damit bestreichen. Zur Rolle formen und k\u00fchl stellen.<\/p>\n","protected":false},"excerpt":{"rendered":"<p>Was uns jetzt gut tut! &nbsp; Rezept: Mohnbutter 1\/2 kg Butter F\u00fclle:14 dag gemahlener Mohn, 8 dag Kletzenmehl, 10 dag Staubzucker, 2 P. Vanillezucker,180 ml hei\u00dfes Wasser. Die trockenen Zutaten vermischen und mit dem Wasser \u00fcbergie\u00dfen. Kurz abk\u00fchlen lassen und die ausgerollte Butter damit bestreichen. Zur Rolle formen und k\u00fchl&nbsp; <a href=\"http:\/\/xn--kruterwandern-cfb.at\/?p=2470\" title=\"Read more Kr\u00e4uterwandern  22.\/23. M\u00e4rz 2024\">Read more &raquo;<\/a><\/p>\n","protected":false},"author":1,"featured_media":0,"comment_status":"closed","ping_status":"closed","sticky":false,"template":"","format":"standard","meta":{"footnotes":""},"categories":[1,56],"tags":[132,346,345,92,343,342,299,344],"class_list":["post-2470","post","type-post","status-publish","format-standard","hentry","category-allgemein","category-rezept-2","tag-birkenwasser","tag-ebereschenknospen","tag-eschenknospen","tag-huflattich","tag-lerchensporn","tag-mohnbutter","tag-walnuss","tag-wilhelm-busch"],"yoast_head":"<!-- This site is optimized with the Yoast SEO plugin v24.9 - https:\/\/yoast.com\/wordpress\/plugins\/seo\/ -->\n<title>Kr\u00e4uterwandern 22.\/23. M\u00e4rz 2024 - Kr\u00e4uterwandern mit allen Sinnen<\/title>\n<meta name=\"robots\" content=\"index, follow, max-snippet:-1, max-image-preview:large, max-video-preview:-1\" \/>\n<link rel=\"canonical\" href=\"http:\/\/xn--kruterwandern-cfb.at\/?p=2470\" \/>\n<meta property=\"og:locale\" content=\"de_DE\" \/>\n<meta property=\"og:type\" content=\"article\" \/>\n<meta property=\"og:title\" content=\"Kr\u00e4uterwandern 22.\/23. M\u00e4rz 2024 - Kr\u00e4uterwandern mit allen Sinnen\" \/>\n<meta property=\"og:description\" content=\"Was uns jetzt gut tut! &nbsp; Rezept: Mohnbutter 1\/2 kg Butter F\u00fclle:14 dag gemahlener Mohn, 8 dag Kletzenmehl, 10 dag Staubzucker, 2 P. Vanillezucker,180 ml hei\u00dfes Wasser. Die trockenen Zutaten vermischen und mit dem Wasser \u00fcbergie\u00dfen. Kurz abk\u00fchlen lassen und die ausgerollte Butter damit bestreichen. Zur Rolle formen und k\u00fchl&nbsp; Read more &raquo;\" \/>\n<meta property=\"og:url\" content=\"http:\/\/xn--kruterwandern-cfb.at\/?p=2470\" \/>\n<meta property=\"og:site_name\" content=\"Kr\u00e4uterwandern mit allen Sinnen\" \/>\n<meta property=\"article:published_time\" content=\"2024-03-24T13:32:10+00:00\" \/>\n<meta property=\"article:modified_time\" content=\"2024-03-26T07:36:28+00:00\" \/>\n<meta property=\"og:image\" content=\"http:\/\/xn--kruterwandern-cfb.at\/wp-content\/uploads\/2024\/03\/A1-776-1-300x230.jpg\" \/>\n<meta name=\"author\" content=\"gabi\" \/>\n<meta name=\"twitter:label1\" content=\"Verfasst von\" \/>\n\t<meta name=\"twitter:data1\" content=\"gabi\" \/>\n\t<meta name=\"twitter:label2\" content=\"Gesch\u00e4tzte Lesezeit\" \/>\n\t<meta name=\"twitter:data2\" content=\"7\u00a0Minuten\" \/>\n<script type=\"application\/ld+json\" class=\"yoast-schema-graph\">{\"@context\":\"https:\/\/schema.org\",\"@graph\":[{\"@type\":\"Article\",\"@id\":\"http:\/\/xn--kruterwandern-cfb.at\/?p=2470#article\",\"isPartOf\":{\"@id\":\"http:\/\/xn--kruterwandern-cfb.at\/?p=2470\"},\"author\":{\"name\":\"gabi\",\"@id\":\"http:\/\/xn--kruterwandern-cfb.at\/#\/schema\/person\/149b5780cd8d441bdff00c83a20a8c72\"},\"headline\":\"Kr\u00e4uterwandern 22.\/23. M\u00e4rz 2024\",\"datePublished\":\"2024-03-24T13:32:10+00:00\",\"dateModified\":\"2024-03-26T07:36:28+00:00\",\"mainEntityOfPage\":{\"@id\":\"http:\/\/xn--kruterwandern-cfb.at\/?p=2470\"},\"wordCount\":268,\"publisher\":{\"@id\":\"http:\/\/xn--kruterwandern-cfb.at\/#\/schema\/person\/149b5780cd8d441bdff00c83a20a8c72\"},\"image\":{\"@id\":\"http:\/\/xn--kruterwandern-cfb.at\/?p=2470#primaryimage\"},\"thumbnailUrl\":\"http:\/\/xn--kruterwandern-cfb.at\/wp-content\/uploads\/2024\/03\/A1-776-1-300x230.jpg\",\"keywords\":[\"Birkenwasser\",\"Ebereschenknospen\",\"Eschenknospen\",\"Huflattich\",\"Lerchensporn\",\"Mohnbutter\",\"Walnuss\",\"Wilhelm Busch\"],\"articleSection\":{\"1\":\"Rezepte\"},\"inLanguage\":\"de\"},{\"@type\":\"WebPage\",\"@id\":\"http:\/\/xn--kruterwandern-cfb.at\/?p=2470\",\"url\":\"http:\/\/xn--kruterwandern-cfb.at\/?p=2470\",\"name\":\"Kr\u00e4uterwandern 22.\/23. M\u00e4rz 2024 - Kr\u00e4uterwandern mit allen Sinnen\",\"isPartOf\":{\"@id\":\"http:\/\/xn--kruterwandern-cfb.at\/#website\"},\"primaryImageOfPage\":{\"@id\":\"http:\/\/xn--kruterwandern-cfb.at\/?p=2470#primaryimage\"},\"image\":{\"@id\":\"http:\/\/xn--kruterwandern-cfb.at\/?p=2470#primaryimage\"},\"thumbnailUrl\":\"http:\/\/xn--kruterwandern-cfb.at\/wp-content\/uploads\/2024\/03\/A1-776-1-300x230.jpg\",\"datePublished\":\"2024-03-24T13:32:10+00:00\",\"dateModified\":\"2024-03-26T07:36:28+00:00\",\"breadcrumb\":{\"@id\":\"http:\/\/xn--kruterwandern-cfb.at\/?p=2470#breadcrumb\"},\"inLanguage\":\"de\",\"potentialAction\":[{\"@type\":\"ReadAction\",\"target\":[\"http:\/\/xn--kruterwandern-cfb.at\/?p=2470\"]}]},{\"@type\":\"ImageObject\",\"inLanguage\":\"de\",\"@id\":\"http:\/\/xn--kruterwandern-cfb.at\/?p=2470#primaryimage\",\"url\":\"http:\/\/xn--kruterwandern-cfb.at\/wp-content\/uploads\/2024\/03\/A1-776-1.jpg\",\"contentUrl\":\"http:\/\/xn--kruterwandern-cfb.at\/wp-content\/uploads\/2024\/03\/A1-776-1.jpg\",\"width\":731,\"height\":561,\"caption\":\"Herzlich Willkommen beim Kr\u00e4utern 2024\"},{\"@type\":\"BreadcrumbList\",\"@id\":\"http:\/\/xn--kruterwandern-cfb.at\/?p=2470#breadcrumb\",\"itemListElement\":[{\"@type\":\"ListItem\",\"position\":1,\"name\":\"Home\",\"item\":\"http:\/\/xn--kruterwandern-cfb.at\/\"},{\"@type\":\"ListItem\",\"position\":2,\"name\":\"Kr\u00e4uterwandern 22.\/23. M\u00e4rz 2024\"}]},{\"@type\":\"WebSite\",\"@id\":\"http:\/\/xn--kruterwandern-cfb.at\/#website\",\"url\":\"http:\/\/xn--kruterwandern-cfb.at\/\",\"name\":\"Kr\u00e4uterwandern mit allen Sinnen\",\"description\":\"Kr\u00e4uterwandern mit Kr\u00e4uterp\u00e4dagogin Gabriele Inzinger in \u00d6sterreich, K\u00e4rnten, Mittelk\u00e4rnten, Umgebung St. Veit an der Glan, Ulrichsberg, Projern\",\"publisher\":{\"@id\":\"http:\/\/xn--kruterwandern-cfb.at\/#\/schema\/person\/149b5780cd8d441bdff00c83a20a8c72\"},\"potentialAction\":[{\"@type\":\"SearchAction\",\"target\":{\"@type\":\"EntryPoint\",\"urlTemplate\":\"http:\/\/xn--kruterwandern-cfb.at\/?s={search_term_string}\"},\"query-input\":{\"@type\":\"PropertyValueSpecification\",\"valueRequired\":true,\"valueName\":\"search_term_string\"}}],\"inLanguage\":\"de\"},{\"@type\":[\"Person\",\"Organization\"],\"@id\":\"http:\/\/xn--kruterwandern-cfb.at\/#\/schema\/person\/149b5780cd8d441bdff00c83a20a8c72\",\"name\":\"gabi\",\"image\":{\"@type\":\"ImageObject\",\"inLanguage\":\"de\",\"@id\":\"http:\/\/xn--kruterwandern-cfb.at\/#\/schema\/person\/image\/\",\"url\":\"https:\/\/secure.gravatar.com\/avatar\/be551bd92966b6ea4e7cef2860bff65165267639bb7040b011e243386b977e7b?s=96&d=mm&r=g\",\"contentUrl\":\"https:\/\/secure.gravatar.com\/avatar\/be551bd92966b6ea4e7cef2860bff65165267639bb7040b011e243386b977e7b?s=96&d=mm&r=g\",\"caption\":\"gabi\"},\"logo\":{\"@id\":\"http:\/\/xn--kruterwandern-cfb.at\/#\/schema\/person\/image\/\"},\"sameAs\":[\"http:\/\/kr\u00e4uterwandern.at\"]}]}<\/script>\n<!-- \/ Yoast SEO plugin. -->","yoast_head_json":{"title":"Kr\u00e4uterwandern 22.\/23. M\u00e4rz 2024 - Kr\u00e4uterwandern mit allen Sinnen","robots":{"index":"index","follow":"follow","max-snippet":"max-snippet:-1","max-image-preview":"max-image-preview:large","max-video-preview":"max-video-preview:-1"},"canonical":"http:\/\/xn--kruterwandern-cfb.at\/?p=2470","og_locale":"de_DE","og_type":"article","og_title":"Kr\u00e4uterwandern 22.\/23. M\u00e4rz 2024 - Kr\u00e4uterwandern mit allen Sinnen","og_description":"Was uns jetzt gut tut! &nbsp; Rezept: Mohnbutter 1\/2 kg Butter F\u00fclle:14 dag gemahlener Mohn, 8 dag Kletzenmehl, 10 dag Staubzucker, 2 P. Vanillezucker,180 ml hei\u00dfes Wasser. Die trockenen Zutaten vermischen und mit dem Wasser \u00fcbergie\u00dfen. Kurz abk\u00fchlen lassen und die ausgerollte Butter damit bestreichen. Zur Rolle formen und k\u00fchl&nbsp; Read more &raquo;","og_url":"http:\/\/xn--kruterwandern-cfb.at\/?p=2470","og_site_name":"Kr\u00e4uterwandern mit allen Sinnen","article_published_time":"2024-03-24T13:32:10+00:00","article_modified_time":"2024-03-26T07:36:28+00:00","og_image":[{"url":"http:\/\/xn--kruterwandern-cfb.at\/wp-content\/uploads\/2024\/03\/A1-776-1-300x230.jpg","type":"","width":"","height":""}],"author":"gabi","twitter_misc":{"Verfasst von":"gabi","Gesch\u00e4tzte Lesezeit":"7\u00a0Minuten"},"schema":{"@context":"https:\/\/schema.org","@graph":[{"@type":"Article","@id":"http:\/\/xn--kruterwandern-cfb.at\/?p=2470#article","isPartOf":{"@id":"http:\/\/xn--kruterwandern-cfb.at\/?p=2470"},"author":{"name":"gabi","@id":"http:\/\/xn--kruterwandern-cfb.at\/#\/schema\/person\/149b5780cd8d441bdff00c83a20a8c72"},"headline":"Kr\u00e4uterwandern 22.\/23. M\u00e4rz 2024","datePublished":"2024-03-24T13:32:10+00:00","dateModified":"2024-03-26T07:36:28+00:00","mainEntityOfPage":{"@id":"http:\/\/xn--kruterwandern-cfb.at\/?p=2470"},"wordCount":268,"publisher":{"@id":"http:\/\/xn--kruterwandern-cfb.at\/#\/schema\/person\/149b5780cd8d441bdff00c83a20a8c72"},"image":{"@id":"http:\/\/xn--kruterwandern-cfb.at\/?p=2470#primaryimage"},"thumbnailUrl":"http:\/\/xn--kruterwandern-cfb.at\/wp-content\/uploads\/2024\/03\/A1-776-1-300x230.jpg","keywords":["Birkenwasser","Ebereschenknospen","Eschenknospen","Huflattich","Lerchensporn","Mohnbutter","Walnuss","Wilhelm Busch"],"articleSection":{"1":"Rezepte"},"inLanguage":"de"},{"@type":"WebPage","@id":"http:\/\/xn--kruterwandern-cfb.at\/?p=2470","url":"http:\/\/xn--kruterwandern-cfb.at\/?p=2470","name":"Kr\u00e4uterwandern 22.\/23. M\u00e4rz 2024 - Kr\u00e4uterwandern mit allen Sinnen","isPartOf":{"@id":"http:\/\/xn--kruterwandern-cfb.at\/#website"},"primaryImageOfPage":{"@id":"http:\/\/xn--kruterwandern-cfb.at\/?p=2470#primaryimage"},"image":{"@id":"http:\/\/xn--kruterwandern-cfb.at\/?p=2470#primaryimage"},"thumbnailUrl":"http:\/\/xn--kruterwandern-cfb.at\/wp-content\/uploads\/2024\/03\/A1-776-1-300x230.jpg","datePublished":"2024-03-24T13:32:10+00:00","dateModified":"2024-03-26T07:36:28+00:00","breadcrumb":{"@id":"http:\/\/xn--kruterwandern-cfb.at\/?p=2470#breadcrumb"},"inLanguage":"de","potentialAction":[{"@type":"ReadAction","target":["http:\/\/xn--kruterwandern-cfb.at\/?p=2470"]}]},{"@type":"ImageObject","inLanguage":"de","@id":"http:\/\/xn--kruterwandern-cfb.at\/?p=2470#primaryimage","url":"http:\/\/xn--kruterwandern-cfb.at\/wp-content\/uploads\/2024\/03\/A1-776-1.jpg","contentUrl":"http:\/\/xn--kruterwandern-cfb.at\/wp-content\/uploads\/2024\/03\/A1-776-1.jpg","width":731,"height":561,"caption":"Herzlich Willkommen beim Kr\u00e4utern 2024"},{"@type":"BreadcrumbList","@id":"http:\/\/xn--kruterwandern-cfb.at\/?p=2470#breadcrumb","itemListElement":[{"@type":"ListItem","position":1,"name":"Home","item":"http:\/\/xn--kruterwandern-cfb.at\/"},{"@type":"ListItem","position":2,"name":"Kr\u00e4uterwandern 22.\/23. M\u00e4rz 2024"}]},{"@type":"WebSite","@id":"http:\/\/xn--kruterwandern-cfb.at\/#website","url":"http:\/\/xn--kruterwandern-cfb.at\/","name":"Kr\u00e4uterwandern mit allen Sinnen","description":"Kr\u00e4uterwandern mit Kr\u00e4uterp\u00e4dagogin Gabriele Inzinger in \u00d6sterreich, K\u00e4rnten, Mittelk\u00e4rnten, Umgebung St. Veit an der Glan, Ulrichsberg, Projern","publisher":{"@id":"http:\/\/xn--kruterwandern-cfb.at\/#\/schema\/person\/149b5780cd8d441bdff00c83a20a8c72"},"potentialAction":[{"@type":"SearchAction","target":{"@type":"EntryPoint","urlTemplate":"http:\/\/xn--kruterwandern-cfb.at\/?s={search_term_string}"},"query-input":{"@type":"PropertyValueSpecification","valueRequired":true,"valueName":"search_term_string"}}],"inLanguage":"de"},{"@type":["Person","Organization"],"@id":"http:\/\/xn--kruterwandern-cfb.at\/#\/schema\/person\/149b5780cd8d441bdff00c83a20a8c72","name":"gabi","image":{"@type":"ImageObject","inLanguage":"de","@id":"http:\/\/xn--kruterwandern-cfb.at\/#\/schema\/person\/image\/","url":"https:\/\/secure.gravatar.com\/avatar\/be551bd92966b6ea4e7cef2860bff65165267639bb7040b011e243386b977e7b?s=96&d=mm&r=g","contentUrl":"https:\/\/secure.gravatar.com\/avatar\/be551bd92966b6ea4e7cef2860bff65165267639bb7040b011e243386b977e7b?s=96&d=mm&r=g","caption":"gabi"},"logo":{"@id":"http:\/\/xn--kruterwandern-cfb.at\/#\/schema\/person\/image\/"},"sameAs":["http:\/\/kr\u00e4uterwandern.at"]}]}},"_links":{"self":[{"href":"http:\/\/xn--kruterwandern-cfb.at\/index.php?rest_route=\/wp\/v2\/posts\/2470","targetHints":{"allow":["GET"]}}],"collection":[{"href":"http:\/\/xn--kruterwandern-cfb.at\/index.php?rest_route=\/wp\/v2\/posts"}],"about":[{"href":"http:\/\/xn--kruterwandern-cfb.at\/index.php?rest_route=\/wp\/v2\/types\/post"}],"author":[{"embeddable":true,"href":"http:\/\/xn--kruterwandern-cfb.at\/index.php?rest_route=\/wp\/v2\/users\/1"}],"replies":[{"embeddable":true,"href":"http:\/\/xn--kruterwandern-cfb.at\/index.php?rest_route=%2Fwp%2Fv2%2Fcomments&post=2470"}],"version-history":[{"count":10,"href":"http:\/\/xn--kruterwandern-cfb.at\/index.php?rest_route=\/wp\/v2\/posts\/2470\/revisions"}],"predecessor-version":[{"id":2515,"href":"http:\/\/xn--kruterwandern-cfb.at\/index.php?rest_route=\/wp\/v2\/posts\/2470\/revisions\/2515"}],"wp:attachment":[{"href":"http:\/\/xn--kruterwandern-cfb.at\/index.php?rest_route=%2Fwp%2Fv2%2Fmedia&parent=2470"}],"wp:term":[{"taxonomy":"category","embeddable":true,"href":"http:\/\/xn--kruterwandern-cfb.at\/index.php?rest_route=%2Fwp%2Fv2%2Fcategories&post=2470"},{"taxonomy":"post_tag","embeddable":true,"href":"http:\/\/xn--kruterwandern-cfb.at\/index.php?rest_route=%2Fwp%2Fv2%2Ftags&post=2470"}],"curies":[{"name":"wp","href":"https:\/\/api.w.org\/{rel}","templated":true}]}}