{"id":2414,"date":"2023-12-01T08:40:07","date_gmt":"2023-12-01T08:40:07","guid":{"rendered":"http:\/\/xn--kruterwandern-cfb.at\/?p=2414"},"modified":"2023-12-01T08:40:14","modified_gmt":"2023-12-01T08:40:14","slug":"kraeuterwandern-24-25-november-2023","status":"publish","type":"post","link":"http:\/\/xn--kruterwandern-cfb.at\/?p=2414","title":{"rendered":"Kr\u00e4uterwandern 24.\/25. November 2023"},"content":{"rendered":"<h1>Wintergr\u00fcn und Tannenduft<\/h1>\n<p><a href=\"http:\/\/xn--kruterwandern-cfb.at\/wp-content\/uploads\/2023\/12\/A0-IMG_7710.jpg\"><img loading=\"lazy\" decoding=\"async\" class=\"aligncenter size-medium wp-image-2416\" src=\"http:\/\/xn--kruterwandern-cfb.at\/wp-content\/uploads\/2023\/12\/A0-IMG_7710-174x300.jpg\" alt=\"\" width=\"174\" height=\"300\" srcset=\"http:\/\/xn--kruterwandern-cfb.at\/wp-content\/uploads\/2023\/12\/A0-IMG_7710-174x300.jpg 174w, http:\/\/xn--kruterwandern-cfb.at\/wp-content\/uploads\/2023\/12\/A0-IMG_7710-594x1024.jpg 594w, http:\/\/xn--kruterwandern-cfb.at\/wp-content\/uploads\/2023\/12\/A0-IMG_7710-768x1323.jpg 768w, http:\/\/xn--kruterwandern-cfb.at\/wp-content\/uploads\/2023\/12\/A0-IMG_7710.jpg 794w\" sizes=\"auto, (max-width: 174px) 100vw, 174px\" \/><\/a><\/p>\n<figure id=\"attachment_2417\" class=\"wp-caption aligncenter\" style=\"width: 300px\"><a href=\"http:\/\/xn--kruterwandern-cfb.at\/wp-content\/uploads\/2023\/12\/A1-IMG_5001-scaled.jpg\"><img loading=\"lazy\" decoding=\"async\" class=\"size-medium wp-image-2417\" src=\"http:\/\/xn--kruterwandern-cfb.at\/wp-content\/uploads\/2023\/12\/A1-IMG_5001-300x225.jpg\" alt=\"\" width=\"300\" height=\"225\" srcset=\"http:\/\/xn--kruterwandern-cfb.at\/wp-content\/uploads\/2023\/12\/A1-IMG_5001-300x225.jpg 300w, http:\/\/xn--kruterwandern-cfb.at\/wp-content\/uploads\/2023\/12\/A1-IMG_5001-1024x768.jpg 1024w, http:\/\/xn--kruterwandern-cfb.at\/wp-content\/uploads\/2023\/12\/A1-IMG_5001-768x576.jpg 768w, http:\/\/xn--kruterwandern-cfb.at\/wp-content\/uploads\/2023\/12\/A1-IMG_5001-1536x1152.jpg 1536w, http:\/\/xn--kruterwandern-cfb.at\/wp-content\/uploads\/2023\/12\/A1-IMG_5001-2048x1536.jpg 2048w\" sizes=\"auto, (max-width: 300px) 100vw, 300px\" \/><\/a><figcaption class=\"wp-caption-text\">R\u00e4ucherware<\/figcaption><\/figure>\n<p><a href=\"http:\/\/xn--kruterwandern-cfb.at\/wp-content\/uploads\/2023\/12\/A2-IMG_5067.jpg\"><img loading=\"lazy\" decoding=\"async\" class=\"aligncenter size-medium wp-image-2418\" src=\"http:\/\/xn--kruterwandern-cfb.at\/wp-content\/uploads\/2023\/12\/A2-IMG_5067-263x300.jpg\" alt=\"\" width=\"263\" height=\"300\" srcset=\"http:\/\/xn--kruterwandern-cfb.at\/wp-content\/uploads\/2023\/12\/A2-IMG_5067-263x300.jpg 263w, http:\/\/xn--kruterwandern-cfb.at\/wp-content\/uploads\/2023\/12\/A2-IMG_5067.jpg 398w\" sizes=\"auto, (max-width: 263px) 100vw, 263px\" \/><\/a> <a href=\"http:\/\/xn--kruterwandern-cfb.at\/wp-content\/uploads\/2023\/12\/A5-IMG_4997-scaled.jpg\"><img loading=\"lazy\" decoding=\"async\" class=\"aligncenter size-medium wp-image-2419\" src=\"http:\/\/xn--kruterwandern-cfb.at\/wp-content\/uploads\/2023\/12\/A5-IMG_4997-225x300.jpg\" alt=\"\" width=\"225\" height=\"300\" srcset=\"http:\/\/xn--kruterwandern-cfb.at\/wp-content\/uploads\/2023\/12\/A5-IMG_4997-225x300.jpg 225w, http:\/\/xn--kruterwandern-cfb.at\/wp-content\/uploads\/2023\/12\/A5-IMG_4997-768x1024.jpg 768w, http:\/\/xn--kruterwandern-cfb.at\/wp-content\/uploads\/2023\/12\/A5-IMG_4997-1152x1536.jpg 1152w, http:\/\/xn--kruterwandern-cfb.at\/wp-content\/uploads\/2023\/12\/A5-IMG_4997-1536x2048.jpg 1536w, http:\/\/xn--kruterwandern-cfb.at\/wp-content\/uploads\/2023\/12\/A5-IMG_4997-scaled.jpg 1920w\" sizes=\"auto, (max-width: 225px) 100vw, 225px\" \/><\/a> <a href=\"http:\/\/xn--kruterwandern-cfb.at\/wp-content\/uploads\/2023\/12\/B1-IMG_5011-scaled.jpg\"><img loading=\"lazy\" decoding=\"async\" class=\"aligncenter size-medium wp-image-2420\" src=\"http:\/\/xn--kruterwandern-cfb.at\/wp-content\/uploads\/2023\/12\/B1-IMG_5011-300x225.jpg\" alt=\"\" width=\"300\" height=\"225\" srcset=\"http:\/\/xn--kruterwandern-cfb.at\/wp-content\/uploads\/2023\/12\/B1-IMG_5011-300x225.jpg 300w, http:\/\/xn--kruterwandern-cfb.at\/wp-content\/uploads\/2023\/12\/B1-IMG_5011-1024x768.jpg 1024w, http:\/\/xn--kruterwandern-cfb.at\/wp-content\/uploads\/2023\/12\/B1-IMG_5011-768x576.jpg 768w, http:\/\/xn--kruterwandern-cfb.at\/wp-content\/uploads\/2023\/12\/B1-IMG_5011-1536x1152.jpg 1536w, http:\/\/xn--kruterwandern-cfb.at\/wp-content\/uploads\/2023\/12\/B1-IMG_5011-2048x1536.jpg 2048w\" sizes=\"auto, (max-width: 300px) 100vw, 300px\" \/><\/a> <a href=\"http:\/\/xn--kruterwandern-cfb.at\/wp-content\/uploads\/2023\/12\/B3-IMG_5029-scaled.jpg\"><img loading=\"lazy\" decoding=\"async\" class=\"aligncenter size-medium wp-image-2421\" src=\"http:\/\/xn--kruterwandern-cfb.at\/wp-content\/uploads\/2023\/12\/B3-IMG_5029-279x300.jpg\" alt=\"\" width=\"279\" height=\"300\" srcset=\"http:\/\/xn--kruterwandern-cfb.at\/wp-content\/uploads\/2023\/12\/B3-IMG_5029-279x300.jpg 279w, http:\/\/xn--kruterwandern-cfb.at\/wp-content\/uploads\/2023\/12\/B3-IMG_5029-952x1024.jpg 952w, http:\/\/xn--kruterwandern-cfb.at\/wp-content\/uploads\/2023\/12\/B3-IMG_5029-768x826.jpg 768w, http:\/\/xn--kruterwandern-cfb.at\/wp-content\/uploads\/2023\/12\/B3-IMG_5029-1429x1536.jpg 1429w, http:\/\/xn--kruterwandern-cfb.at\/wp-content\/uploads\/2023\/12\/B3-IMG_5029-1905x2048.jpg 1905w\" sizes=\"auto, (max-width: 279px) 100vw, 279px\" \/><\/a> <a href=\"http:\/\/xn--kruterwandern-cfb.at\/wp-content\/uploads\/2023\/12\/B5-IMG_5008-scaled.jpg\"><img loading=\"lazy\" decoding=\"async\" class=\"aligncenter size-medium wp-image-2422\" src=\"http:\/\/xn--kruterwandern-cfb.at\/wp-content\/uploads\/2023\/12\/B5-IMG_5008-300x206.jpg\" alt=\"\" width=\"300\" height=\"206\" srcset=\"http:\/\/xn--kruterwandern-cfb.at\/wp-content\/uploads\/2023\/12\/B5-IMG_5008-300x206.jpg 300w, http:\/\/xn--kruterwandern-cfb.at\/wp-content\/uploads\/2023\/12\/B5-IMG_5008-1024x702.jpg 1024w, http:\/\/xn--kruterwandern-cfb.at\/wp-content\/uploads\/2023\/12\/B5-IMG_5008-768x527.jpg 768w, http:\/\/xn--kruterwandern-cfb.at\/wp-content\/uploads\/2023\/12\/B5-IMG_5008-1536x1053.jpg 1536w, http:\/\/xn--kruterwandern-cfb.at\/wp-content\/uploads\/2023\/12\/B5-IMG_5008-2048x1405.jpg 2048w\" sizes=\"auto, (max-width: 300px) 100vw, 300px\" \/><\/a> <a href=\"http:\/\/xn--kruterwandern-cfb.at\/wp-content\/uploads\/2023\/12\/B7-IMG_5031-scaled.jpg\"><img loading=\"lazy\" decoding=\"async\" class=\"aligncenter size-medium wp-image-2423\" src=\"http:\/\/xn--kruterwandern-cfb.at\/wp-content\/uploads\/2023\/12\/B7-IMG_5031-272x300.jpg\" alt=\"\" width=\"272\" height=\"300\" srcset=\"http:\/\/xn--kruterwandern-cfb.at\/wp-content\/uploads\/2023\/12\/B7-IMG_5031-272x300.jpg 272w, http:\/\/xn--kruterwandern-cfb.at\/wp-content\/uploads\/2023\/12\/B7-IMG_5031-927x1024.jpg 927w, http:\/\/xn--kruterwandern-cfb.at\/wp-content\/uploads\/2023\/12\/B7-IMG_5031-768x848.jpg 768w, http:\/\/xn--kruterwandern-cfb.at\/wp-content\/uploads\/2023\/12\/B7-IMG_5031-1391x1536.jpg 1391w, http:\/\/xn--kruterwandern-cfb.at\/wp-content\/uploads\/2023\/12\/B7-IMG_5031-1855x2048.jpg 1855w\" sizes=\"auto, (max-width: 272px) 100vw, 272px\" \/><\/a> <a href=\"http:\/\/xn--kruterwandern-cfb.at\/wp-content\/uploads\/2023\/12\/B9-IMG_5033-scaled.jpg\"><img loading=\"lazy\" decoding=\"async\" class=\"aligncenter size-medium wp-image-2424\" src=\"http:\/\/xn--kruterwandern-cfb.at\/wp-content\/uploads\/2023\/12\/B9-IMG_5033-300x225.jpg\" alt=\"\" width=\"300\" height=\"225\" srcset=\"http:\/\/xn--kruterwandern-cfb.at\/wp-content\/uploads\/2023\/12\/B9-IMG_5033-300x225.jpg 300w, http:\/\/xn--kruterwandern-cfb.at\/wp-content\/uploads\/2023\/12\/B9-IMG_5033-1024x768.jpg 1024w, http:\/\/xn--kruterwandern-cfb.at\/wp-content\/uploads\/2023\/12\/B9-IMG_5033-768x576.jpg 768w, http:\/\/xn--kruterwandern-cfb.at\/wp-content\/uploads\/2023\/12\/B9-IMG_5033-1536x1152.jpg 1536w, http:\/\/xn--kruterwandern-cfb.at\/wp-content\/uploads\/2023\/12\/B9-IMG_5033-2048x1536.jpg 2048w\" sizes=\"auto, (max-width: 300px) 100vw, 300px\" \/><\/a> <a href=\"http:\/\/xn--kruterwandern-cfb.at\/wp-content\/uploads\/2023\/12\/C1-IMG_5037-scaled.jpg\"><img loading=\"lazy\" decoding=\"async\" class=\"aligncenter size-medium wp-image-2425\" src=\"http:\/\/xn--kruterwandern-cfb.at\/wp-content\/uploads\/2023\/12\/C1-IMG_5037-300x246.jpg\" alt=\"\" width=\"300\" height=\"246\" srcset=\"http:\/\/xn--kruterwandern-cfb.at\/wp-content\/uploads\/2023\/12\/C1-IMG_5037-300x246.jpg 300w, http:\/\/xn--kruterwandern-cfb.at\/wp-content\/uploads\/2023\/12\/C1-IMG_5037-1024x840.jpg 1024w, http:\/\/xn--kruterwandern-cfb.at\/wp-content\/uploads\/2023\/12\/C1-IMG_5037-768x630.jpg 768w, http:\/\/xn--kruterwandern-cfb.at\/wp-content\/uploads\/2023\/12\/C1-IMG_5037-1536x1261.jpg 1536w, http:\/\/xn--kruterwandern-cfb.at\/wp-content\/uploads\/2023\/12\/C1-IMG_5037-2048x1681.jpg 2048w\" sizes=\"auto, (max-width: 300px) 100vw, 300px\" \/><\/a><\/p>\n<figure id=\"attachment_2426\" class=\"wp-caption aligncenter\" style=\"width: 300px\"><a href=\"http:\/\/xn--kruterwandern-cfb.at\/wp-content\/uploads\/2023\/12\/C3-IMG_5028-scaled.jpg\"><img loading=\"lazy\" decoding=\"async\" class=\"size-medium wp-image-2426\" src=\"http:\/\/xn--kruterwandern-cfb.at\/wp-content\/uploads\/2023\/12\/C3-IMG_5028-300x234.jpg\" alt=\"\" width=\"300\" height=\"234\" srcset=\"http:\/\/xn--kruterwandern-cfb.at\/wp-content\/uploads\/2023\/12\/C3-IMG_5028-300x234.jpg 300w, http:\/\/xn--kruterwandern-cfb.at\/wp-content\/uploads\/2023\/12\/C3-IMG_5028-1024x798.jpg 1024w, http:\/\/xn--kruterwandern-cfb.at\/wp-content\/uploads\/2023\/12\/C3-IMG_5028-768x598.jpg 768w, http:\/\/xn--kruterwandern-cfb.at\/wp-content\/uploads\/2023\/12\/C3-IMG_5028-1536x1196.jpg 1536w, http:\/\/xn--kruterwandern-cfb.at\/wp-content\/uploads\/2023\/12\/C3-IMG_5028-2048x1595.jpg 2048w\" sizes=\"auto, (max-width: 300px) 100vw, 300px\" \/><\/a><figcaption class=\"wp-caption-text\">Fichtenharz<\/figcaption><\/figure>\n<p><a href=\"http:\/\/xn--kruterwandern-cfb.at\/wp-content\/uploads\/2023\/12\/C5-IMG_5026-scaled.jpg\"><img loading=\"lazy\" decoding=\"async\" class=\"aligncenter size-medium wp-image-2427\" src=\"http:\/\/xn--kruterwandern-cfb.at\/wp-content\/uploads\/2023\/12\/C5-IMG_5026-300x161.jpg\" alt=\"\" width=\"300\" height=\"161\" srcset=\"http:\/\/xn--kruterwandern-cfb.at\/wp-content\/uploads\/2023\/12\/C5-IMG_5026-300x161.jpg 300w, http:\/\/xn--kruterwandern-cfb.at\/wp-content\/uploads\/2023\/12\/C5-IMG_5026-1024x550.jpg 1024w, http:\/\/xn--kruterwandern-cfb.at\/wp-content\/uploads\/2023\/12\/C5-IMG_5026-768x412.jpg 768w, http:\/\/xn--kruterwandern-cfb.at\/wp-content\/uploads\/2023\/12\/C5-IMG_5026-1536x825.jpg 1536w, http:\/\/xn--kruterwandern-cfb.at\/wp-content\/uploads\/2023\/12\/C5-IMG_5026-2048x1100.jpg 2048w\" sizes=\"auto, (max-width: 300px) 100vw, 300px\" \/><\/a><\/p>\n<figure id=\"attachment_2428\" class=\"wp-caption aligncenter\" style=\"width: 300px\"><a href=\"http:\/\/xn--kruterwandern-cfb.at\/wp-content\/uploads\/2023\/12\/D1-IMG_5041-scaled.jpg\"><img loading=\"lazy\" decoding=\"async\" class=\"size-medium wp-image-2428\" src=\"http:\/\/xn--kruterwandern-cfb.at\/wp-content\/uploads\/2023\/12\/D1-IMG_5041-300x225.jpg\" alt=\"\" width=\"300\" height=\"225\" srcset=\"http:\/\/xn--kruterwandern-cfb.at\/wp-content\/uploads\/2023\/12\/D1-IMG_5041-300x225.jpg 300w, http:\/\/xn--kruterwandern-cfb.at\/wp-content\/uploads\/2023\/12\/D1-IMG_5041-1024x768.jpg 1024w, http:\/\/xn--kruterwandern-cfb.at\/wp-content\/uploads\/2023\/12\/D1-IMG_5041-768x576.jpg 768w, http:\/\/xn--kruterwandern-cfb.at\/wp-content\/uploads\/2023\/12\/D1-IMG_5041-1536x1152.jpg 1536w, http:\/\/xn--kruterwandern-cfb.at\/wp-content\/uploads\/2023\/12\/D1-IMG_5041-2048x1536.jpg 2048w\" sizes=\"auto, (max-width: 300px) 100vw, 300px\" \/><\/a><figcaption class=\"wp-caption-text\">&#8222;Z\u00fcnd on a Liacht&#8220;<\/figcaption><\/figure>\n<p><a href=\"http:\/\/xn--kruterwandern-cfb.at\/wp-content\/uploads\/2023\/12\/D3-IMG_5045-scaled.jpg\"><img loading=\"lazy\" decoding=\"async\" class=\"aligncenter size-medium wp-image-2429\" src=\"http:\/\/xn--kruterwandern-cfb.at\/wp-content\/uploads\/2023\/12\/D3-IMG_5045-300x236.jpg\" alt=\"\" width=\"300\" height=\"236\" srcset=\"http:\/\/xn--kruterwandern-cfb.at\/wp-content\/uploads\/2023\/12\/D3-IMG_5045-300x236.jpg 300w, http:\/\/xn--kruterwandern-cfb.at\/wp-content\/uploads\/2023\/12\/D3-IMG_5045-1024x806.jpg 1024w, http:\/\/xn--kruterwandern-cfb.at\/wp-content\/uploads\/2023\/12\/D3-IMG_5045-768x605.jpg 768w, http:\/\/xn--kruterwandern-cfb.at\/wp-content\/uploads\/2023\/12\/D3-IMG_5045-1536x1209.jpg 1536w, http:\/\/xn--kruterwandern-cfb.at\/wp-content\/uploads\/2023\/12\/D3-IMG_5045-2048x1612.jpg 2048w\" sizes=\"auto, (max-width: 300px) 100vw, 300px\" \/><\/a><\/p>\n<p><a href=\"http:\/\/xn--kruterwandern-cfb.at\/wp-content\/uploads\/2023\/12\/D5-IMG_5046-scaled.jpg\"><img loading=\"lazy\" decoding=\"async\" class=\"aligncenter size-medium wp-image-2430\" src=\"http:\/\/xn--kruterwandern-cfb.at\/wp-content\/uploads\/2023\/12\/D5-IMG_5046-300x222.jpg\" alt=\"\" width=\"300\" height=\"222\" srcset=\"http:\/\/xn--kruterwandern-cfb.at\/wp-content\/uploads\/2023\/12\/D5-IMG_5046-300x222.jpg 300w, http:\/\/xn--kruterwandern-cfb.at\/wp-content\/uploads\/2023\/12\/D5-IMG_5046-1024x758.jpg 1024w, http:\/\/xn--kruterwandern-cfb.at\/wp-content\/uploads\/2023\/12\/D5-IMG_5046-768x569.jpg 768w, http:\/\/xn--kruterwandern-cfb.at\/wp-content\/uploads\/2023\/12\/D5-IMG_5046-1536x1138.jpg 1536w, http:\/\/xn--kruterwandern-cfb.at\/wp-content\/uploads\/2023\/12\/D5-IMG_5046-2048x1517.jpg 2048w\" sizes=\"auto, (max-width: 300px) 100vw, 300px\" \/><\/a> <a href=\"http:\/\/xn--kruterwandern-cfb.at\/wp-content\/uploads\/2023\/12\/D7-IMG_5051b-scaled.jpg\"><img loading=\"lazy\" decoding=\"async\" class=\"aligncenter size-medium wp-image-2431\" src=\"http:\/\/xn--kruterwandern-cfb.at\/wp-content\/uploads\/2023\/12\/D7-IMG_5051b-300x259.jpg\" alt=\"\" width=\"300\" height=\"259\" srcset=\"http:\/\/xn--kruterwandern-cfb.at\/wp-content\/uploads\/2023\/12\/D7-IMG_5051b-300x259.jpg 300w, http:\/\/xn--kruterwandern-cfb.at\/wp-content\/uploads\/2023\/12\/D7-IMG_5051b-1024x884.jpg 1024w, http:\/\/xn--kruterwandern-cfb.at\/wp-content\/uploads\/2023\/12\/D7-IMG_5051b-768x663.jpg 768w, http:\/\/xn--kruterwandern-cfb.at\/wp-content\/uploads\/2023\/12\/D7-IMG_5051b-1536x1326.jpg 1536w, http:\/\/xn--kruterwandern-cfb.at\/wp-content\/uploads\/2023\/12\/D7-IMG_5051b-2048x1768.jpg 2048w\" sizes=\"auto, (max-width: 300px) 100vw, 300px\" \/><\/a> <a href=\"http:\/\/xn--kruterwandern-cfb.at\/wp-content\/uploads\/2023\/12\/E1-IMG_5057-scaled.jpg\"><img loading=\"lazy\" decoding=\"async\" class=\"aligncenter size-medium wp-image-2432\" src=\"http:\/\/xn--kruterwandern-cfb.at\/wp-content\/uploads\/2023\/12\/E1-IMG_5057-300x225.jpg\" alt=\"\" width=\"300\" height=\"225\" srcset=\"http:\/\/xn--kruterwandern-cfb.at\/wp-content\/uploads\/2023\/12\/E1-IMG_5057-300x225.jpg 300w, http:\/\/xn--kruterwandern-cfb.at\/wp-content\/uploads\/2023\/12\/E1-IMG_5057-1024x768.jpg 1024w, http:\/\/xn--kruterwandern-cfb.at\/wp-content\/uploads\/2023\/12\/E1-IMG_5057-768x576.jpg 768w, http:\/\/xn--kruterwandern-cfb.at\/wp-content\/uploads\/2023\/12\/E1-IMG_5057-1536x1152.jpg 1536w, http:\/\/xn--kruterwandern-cfb.at\/wp-content\/uploads\/2023\/12\/E1-IMG_5057-2048x1536.jpg 2048w\" sizes=\"auto, (max-width: 300px) 100vw, 300px\" \/><\/a><\/p>\n<p>&nbsp;<\/p>\n<p><a href=\"http:\/\/xn--kruterwandern-cfb.at\/wp-content\/uploads\/2023\/12\/E3-IMG_5062-scaled.jpg\"><img loading=\"lazy\" decoding=\"async\" class=\"aligncenter size-medium wp-image-2433\" src=\"http:\/\/xn--kruterwandern-cfb.at\/wp-content\/uploads\/2023\/12\/E3-IMG_5062-300x211.jpg\" alt=\"\" width=\"300\" height=\"211\" srcset=\"http:\/\/xn--kruterwandern-cfb.at\/wp-content\/uploads\/2023\/12\/E3-IMG_5062-300x211.jpg 300w, http:\/\/xn--kruterwandern-cfb.at\/wp-content\/uploads\/2023\/12\/E3-IMG_5062-1024x720.jpg 1024w, http:\/\/xn--kruterwandern-cfb.at\/wp-content\/uploads\/2023\/12\/E3-IMG_5062-768x540.jpg 768w, http:\/\/xn--kruterwandern-cfb.at\/wp-content\/uploads\/2023\/12\/E3-IMG_5062-1536x1079.jpg 1536w, http:\/\/xn--kruterwandern-cfb.at\/wp-content\/uploads\/2023\/12\/E3-IMG_5062-2048x1439.jpg 2048w\" sizes=\"auto, (max-width: 300px) 100vw, 300px\" \/><\/a><\/p>\n<p><a href=\"http:\/\/xn--kruterwandern-cfb.at\/wp-content\/uploads\/2023\/12\/E5-IMG_7708.jpg\"><img loading=\"lazy\" decoding=\"async\" class=\"aligncenter size-medium wp-image-2434\" src=\"http:\/\/xn--kruterwandern-cfb.at\/wp-content\/uploads\/2023\/12\/E5-IMG_7708-300x274.jpg\" alt=\"\" width=\"300\" height=\"274\" \/><\/a><\/p>\n<p>&nbsp;<\/p>\n<h2>Rezept:<\/h2>\n<h3>Mispellik\u00f6r:<\/h3>\n<p>Genussreife Mispeln vierteln und zusammen mit Kandiszucker in einem Glas\u00a0 mit 38%igem Korn \u00fcbergie\u00dfen. Mindestens 3 Monate, gerne auch l\u00e4nger, k\u00fchl stehen lassen. Abseihen und die Fruchtkerne entfernen. Das \u00fcbrige Fruchtfleisch mit dem Alkohol feinst p\u00fcrieren und mit Obers vermengen.<\/p>\n<p>&nbsp;<\/p>\n<p>&nbsp;<\/p>\n","protected":false},"excerpt":{"rendered":"<p>Wintergr\u00fcn und Tannenduft &nbsp; &nbsp; Rezept: Mispellik\u00f6r: Genussreife Mispeln vierteln und zusammen mit Kandiszucker in einem Glas\u00a0 mit 38%igem Korn \u00fcbergie\u00dfen. Mindestens 3 Monate, gerne auch l\u00e4nger, k\u00fchl stehen lassen. Abseihen und die Fruchtkerne entfernen. Das \u00fcbrige Fruchtfleisch mit dem Alkohol feinst p\u00fcrieren und mit Obers vermengen. &nbsp; &nbsp;<\/p>\n","protected":false},"author":1,"featured_media":0,"comment_status":"closed","ping_status":"closed","sticky":false,"template":"","format":"standard","meta":{"footnotes":""},"categories":[1,56],"tags":[121,339,338,337,120,340],"class_list":["post-2414","post","type-post","status-publish","format-standard","hentry","category-allgemein","category-rezept-2","tag-harz","tag-kerze","tag-licht","tag-mispellikoer","tag-raeuchern","tag-tannengruen"],"yoast_head":"<!-- This site is optimized with the Yoast SEO plugin v24.9 - https:\/\/yoast.com\/wordpress\/plugins\/seo\/ -->\n<title>Kr\u00e4uterwandern 24.\/25. November 2023 - Kr\u00e4uterwandern mit allen Sinnen<\/title>\n<meta name=\"robots\" content=\"index, follow, max-snippet:-1, max-image-preview:large, max-video-preview:-1\" \/>\n<link rel=\"canonical\" href=\"http:\/\/xn--kruterwandern-cfb.at\/?p=2414\" \/>\n<meta property=\"og:locale\" content=\"de_DE\" \/>\n<meta property=\"og:type\" content=\"article\" \/>\n<meta property=\"og:title\" content=\"Kr\u00e4uterwandern 24.\/25. November 2023 - Kr\u00e4uterwandern mit allen Sinnen\" \/>\n<meta property=\"og:description\" content=\"Wintergr\u00fcn und Tannenduft &nbsp; &nbsp; Rezept: Mispellik\u00f6r: Genussreife Mispeln vierteln und zusammen mit Kandiszucker in einem Glas\u00a0 mit 38%igem Korn \u00fcbergie\u00dfen. Mindestens 3 Monate, gerne auch l\u00e4nger, k\u00fchl stehen lassen. Abseihen und die Fruchtkerne entfernen. Das \u00fcbrige Fruchtfleisch mit dem Alkohol feinst p\u00fcrieren und mit Obers vermengen. &nbsp; &nbsp;\" \/>\n<meta property=\"og:url\" content=\"http:\/\/xn--kruterwandern-cfb.at\/?p=2414\" \/>\n<meta property=\"og:site_name\" content=\"Kr\u00e4uterwandern mit allen Sinnen\" \/>\n<meta property=\"article:published_time\" content=\"2023-12-01T08:40:07+00:00\" \/>\n<meta property=\"article:modified_time\" content=\"2023-12-01T08:40:14+00:00\" \/>\n<meta property=\"og:image\" content=\"http:\/\/xn--kruterwandern-cfb.at\/wp-content\/uploads\/2023\/12\/A0-IMG_7710-174x300.jpg\" \/>\n<meta name=\"author\" content=\"gabi\" \/>\n<meta name=\"twitter:label1\" content=\"Verfasst von\" \/>\n\t<meta name=\"twitter:data1\" content=\"gabi\" \/>\n\t<meta name=\"twitter:label2\" content=\"Gesch\u00e4tzte Lesezeit\" \/>\n\t<meta name=\"twitter:data2\" content=\"5\u00a0Minuten\" \/>\n<script type=\"application\/ld+json\" class=\"yoast-schema-graph\">{\"@context\":\"https:\/\/schema.org\",\"@graph\":[{\"@type\":\"Article\",\"@id\":\"http:\/\/xn--kruterwandern-cfb.at\/?p=2414#article\",\"isPartOf\":{\"@id\":\"http:\/\/xn--kruterwandern-cfb.at\/?p=2414\"},\"author\":{\"name\":\"gabi\",\"@id\":\"http:\/\/xn--kruterwandern-cfb.at\/#\/schema\/person\/149b5780cd8d441bdff00c83a20a8c72\"},\"headline\":\"Kr\u00e4uterwandern 24.\/25. November 2023\",\"datePublished\":\"2023-12-01T08:40:07+00:00\",\"dateModified\":\"2023-12-01T08:40:14+00:00\",\"mainEntityOfPage\":{\"@id\":\"http:\/\/xn--kruterwandern-cfb.at\/?p=2414\"},\"wordCount\":86,\"publisher\":{\"@id\":\"http:\/\/xn--kruterwandern-cfb.at\/#\/schema\/person\/149b5780cd8d441bdff00c83a20a8c72\"},\"image\":{\"@id\":\"http:\/\/xn--kruterwandern-cfb.at\/?p=2414#primaryimage\"},\"thumbnailUrl\":\"http:\/\/xn--kruterwandern-cfb.at\/wp-content\/uploads\/2023\/12\/A0-IMG_7710-174x300.jpg\",\"keywords\":[\"Harz\",\"Kerze\",\"Licht\",\"Mispellik\u00f6r\",\"R\u00e4uchern\",\"Tannengr\u00fcn\"],\"articleSection\":{\"1\":\"Rezepte\"},\"inLanguage\":\"de\"},{\"@type\":\"WebPage\",\"@id\":\"http:\/\/xn--kruterwandern-cfb.at\/?p=2414\",\"url\":\"http:\/\/xn--kruterwandern-cfb.at\/?p=2414\",\"name\":\"Kr\u00e4uterwandern 24.\/25. November 2023 - Kr\u00e4uterwandern mit allen Sinnen\",\"isPartOf\":{\"@id\":\"http:\/\/xn--kruterwandern-cfb.at\/#website\"},\"primaryImageOfPage\":{\"@id\":\"http:\/\/xn--kruterwandern-cfb.at\/?p=2414#primaryimage\"},\"image\":{\"@id\":\"http:\/\/xn--kruterwandern-cfb.at\/?p=2414#primaryimage\"},\"thumbnailUrl\":\"http:\/\/xn--kruterwandern-cfb.at\/wp-content\/uploads\/2023\/12\/A0-IMG_7710-174x300.jpg\",\"datePublished\":\"2023-12-01T08:40:07+00:00\",\"dateModified\":\"2023-12-01T08:40:14+00:00\",\"breadcrumb\":{\"@id\":\"http:\/\/xn--kruterwandern-cfb.at\/?p=2414#breadcrumb\"},\"inLanguage\":\"de\",\"potentialAction\":[{\"@type\":\"ReadAction\",\"target\":[\"http:\/\/xn--kruterwandern-cfb.at\/?p=2414\"]}]},{\"@type\":\"ImageObject\",\"inLanguage\":\"de\",\"@id\":\"http:\/\/xn--kruterwandern-cfb.at\/?p=2414#primaryimage\",\"url\":\"http:\/\/xn--kruterwandern-cfb.at\/wp-content\/uploads\/2023\/12\/A0-IMG_7710.jpg\",\"contentUrl\":\"http:\/\/xn--kruterwandern-cfb.at\/wp-content\/uploads\/2023\/12\/A0-IMG_7710.jpg\",\"width\":794,\"height\":1368},{\"@type\":\"BreadcrumbList\",\"@id\":\"http:\/\/xn--kruterwandern-cfb.at\/?p=2414#breadcrumb\",\"itemListElement\":[{\"@type\":\"ListItem\",\"position\":1,\"name\":\"Home\",\"item\":\"http:\/\/xn--kruterwandern-cfb.at\/\"},{\"@type\":\"ListItem\",\"position\":2,\"name\":\"Kr\u00e4uterwandern 24.\/25. November 2023\"}]},{\"@type\":\"WebSite\",\"@id\":\"http:\/\/xn--kruterwandern-cfb.at\/#website\",\"url\":\"http:\/\/xn--kruterwandern-cfb.at\/\",\"name\":\"Kr\u00e4uterwandern mit allen Sinnen\",\"description\":\"Kr\u00e4uterwandern mit Kr\u00e4uterp\u00e4dagogin Gabriele Inzinger in \u00d6sterreich, K\u00e4rnten, Mittelk\u00e4rnten, Umgebung St. Veit an der Glan, Ulrichsberg, Projern\",\"publisher\":{\"@id\":\"http:\/\/xn--kruterwandern-cfb.at\/#\/schema\/person\/149b5780cd8d441bdff00c83a20a8c72\"},\"potentialAction\":[{\"@type\":\"SearchAction\",\"target\":{\"@type\":\"EntryPoint\",\"urlTemplate\":\"http:\/\/xn--kruterwandern-cfb.at\/?s={search_term_string}\"},\"query-input\":{\"@type\":\"PropertyValueSpecification\",\"valueRequired\":true,\"valueName\":\"search_term_string\"}}],\"inLanguage\":\"de\"},{\"@type\":[\"Person\",\"Organization\"],\"@id\":\"http:\/\/xn--kruterwandern-cfb.at\/#\/schema\/person\/149b5780cd8d441bdff00c83a20a8c72\",\"name\":\"gabi\",\"image\":{\"@type\":\"ImageObject\",\"inLanguage\":\"de\",\"@id\":\"http:\/\/xn--kruterwandern-cfb.at\/#\/schema\/person\/image\/\",\"url\":\"https:\/\/secure.gravatar.com\/avatar\/be551bd92966b6ea4e7cef2860bff65165267639bb7040b011e243386b977e7b?s=96&d=mm&r=g\",\"contentUrl\":\"https:\/\/secure.gravatar.com\/avatar\/be551bd92966b6ea4e7cef2860bff65165267639bb7040b011e243386b977e7b?s=96&d=mm&r=g\",\"caption\":\"gabi\"},\"logo\":{\"@id\":\"http:\/\/xn--kruterwandern-cfb.at\/#\/schema\/person\/image\/\"},\"sameAs\":[\"http:\/\/kr\u00e4uterwandern.at\"]}]}<\/script>\n<!-- \/ Yoast SEO plugin. -->","yoast_head_json":{"title":"Kr\u00e4uterwandern 24.\/25. November 2023 - Kr\u00e4uterwandern mit allen Sinnen","robots":{"index":"index","follow":"follow","max-snippet":"max-snippet:-1","max-image-preview":"max-image-preview:large","max-video-preview":"max-video-preview:-1"},"canonical":"http:\/\/xn--kruterwandern-cfb.at\/?p=2414","og_locale":"de_DE","og_type":"article","og_title":"Kr\u00e4uterwandern 24.\/25. November 2023 - Kr\u00e4uterwandern mit allen Sinnen","og_description":"Wintergr\u00fcn und Tannenduft &nbsp; &nbsp; Rezept: Mispellik\u00f6r: Genussreife Mispeln vierteln und zusammen mit Kandiszucker in einem Glas\u00a0 mit 38%igem Korn \u00fcbergie\u00dfen. Mindestens 3 Monate, gerne auch l\u00e4nger, k\u00fchl stehen lassen. Abseihen und die Fruchtkerne entfernen. Das \u00fcbrige Fruchtfleisch mit dem Alkohol feinst p\u00fcrieren und mit Obers vermengen. &nbsp; &nbsp;","og_url":"http:\/\/xn--kruterwandern-cfb.at\/?p=2414","og_site_name":"Kr\u00e4uterwandern mit allen Sinnen","article_published_time":"2023-12-01T08:40:07+00:00","article_modified_time":"2023-12-01T08:40:14+00:00","og_image":[{"url":"http:\/\/xn--kruterwandern-cfb.at\/wp-content\/uploads\/2023\/12\/A0-IMG_7710-174x300.jpg","type":"","width":"","height":""}],"author":"gabi","twitter_misc":{"Verfasst von":"gabi","Gesch\u00e4tzte Lesezeit":"5\u00a0Minuten"},"schema":{"@context":"https:\/\/schema.org","@graph":[{"@type":"Article","@id":"http:\/\/xn--kruterwandern-cfb.at\/?p=2414#article","isPartOf":{"@id":"http:\/\/xn--kruterwandern-cfb.at\/?p=2414"},"author":{"name":"gabi","@id":"http:\/\/xn--kruterwandern-cfb.at\/#\/schema\/person\/149b5780cd8d441bdff00c83a20a8c72"},"headline":"Kr\u00e4uterwandern 24.\/25. November 2023","datePublished":"2023-12-01T08:40:07+00:00","dateModified":"2023-12-01T08:40:14+00:00","mainEntityOfPage":{"@id":"http:\/\/xn--kruterwandern-cfb.at\/?p=2414"},"wordCount":86,"publisher":{"@id":"http:\/\/xn--kruterwandern-cfb.at\/#\/schema\/person\/149b5780cd8d441bdff00c83a20a8c72"},"image":{"@id":"http:\/\/xn--kruterwandern-cfb.at\/?p=2414#primaryimage"},"thumbnailUrl":"http:\/\/xn--kruterwandern-cfb.at\/wp-content\/uploads\/2023\/12\/A0-IMG_7710-174x300.jpg","keywords":["Harz","Kerze","Licht","Mispellik\u00f6r","R\u00e4uchern","Tannengr\u00fcn"],"articleSection":{"1":"Rezepte"},"inLanguage":"de"},{"@type":"WebPage","@id":"http:\/\/xn--kruterwandern-cfb.at\/?p=2414","url":"http:\/\/xn--kruterwandern-cfb.at\/?p=2414","name":"Kr\u00e4uterwandern 24.\/25. November 2023 - Kr\u00e4uterwandern mit allen Sinnen","isPartOf":{"@id":"http:\/\/xn--kruterwandern-cfb.at\/#website"},"primaryImageOfPage":{"@id":"http:\/\/xn--kruterwandern-cfb.at\/?p=2414#primaryimage"},"image":{"@id":"http:\/\/xn--kruterwandern-cfb.at\/?p=2414#primaryimage"},"thumbnailUrl":"http:\/\/xn--kruterwandern-cfb.at\/wp-content\/uploads\/2023\/12\/A0-IMG_7710-174x300.jpg","datePublished":"2023-12-01T08:40:07+00:00","dateModified":"2023-12-01T08:40:14+00:00","breadcrumb":{"@id":"http:\/\/xn--kruterwandern-cfb.at\/?p=2414#breadcrumb"},"inLanguage":"de","potentialAction":[{"@type":"ReadAction","target":["http:\/\/xn--kruterwandern-cfb.at\/?p=2414"]}]},{"@type":"ImageObject","inLanguage":"de","@id":"http:\/\/xn--kruterwandern-cfb.at\/?p=2414#primaryimage","url":"http:\/\/xn--kruterwandern-cfb.at\/wp-content\/uploads\/2023\/12\/A0-IMG_7710.jpg","contentUrl":"http:\/\/xn--kruterwandern-cfb.at\/wp-content\/uploads\/2023\/12\/A0-IMG_7710.jpg","width":794,"height":1368},{"@type":"BreadcrumbList","@id":"http:\/\/xn--kruterwandern-cfb.at\/?p=2414#breadcrumb","itemListElement":[{"@type":"ListItem","position":1,"name":"Home","item":"http:\/\/xn--kruterwandern-cfb.at\/"},{"@type":"ListItem","position":2,"name":"Kr\u00e4uterwandern 24.\/25. November 2023"}]},{"@type":"WebSite","@id":"http:\/\/xn--kruterwandern-cfb.at\/#website","url":"http:\/\/xn--kruterwandern-cfb.at\/","name":"Kr\u00e4uterwandern mit allen Sinnen","description":"Kr\u00e4uterwandern mit Kr\u00e4uterp\u00e4dagogin Gabriele Inzinger in \u00d6sterreich, K\u00e4rnten, Mittelk\u00e4rnten, Umgebung St. Veit an der Glan, Ulrichsberg, Projern","publisher":{"@id":"http:\/\/xn--kruterwandern-cfb.at\/#\/schema\/person\/149b5780cd8d441bdff00c83a20a8c72"},"potentialAction":[{"@type":"SearchAction","target":{"@type":"EntryPoint","urlTemplate":"http:\/\/xn--kruterwandern-cfb.at\/?s={search_term_string}"},"query-input":{"@type":"PropertyValueSpecification","valueRequired":true,"valueName":"search_term_string"}}],"inLanguage":"de"},{"@type":["Person","Organization"],"@id":"http:\/\/xn--kruterwandern-cfb.at\/#\/schema\/person\/149b5780cd8d441bdff00c83a20a8c72","name":"gabi","image":{"@type":"ImageObject","inLanguage":"de","@id":"http:\/\/xn--kruterwandern-cfb.at\/#\/schema\/person\/image\/","url":"https:\/\/secure.gravatar.com\/avatar\/be551bd92966b6ea4e7cef2860bff65165267639bb7040b011e243386b977e7b?s=96&d=mm&r=g","contentUrl":"https:\/\/secure.gravatar.com\/avatar\/be551bd92966b6ea4e7cef2860bff65165267639bb7040b011e243386b977e7b?s=96&d=mm&r=g","caption":"gabi"},"logo":{"@id":"http:\/\/xn--kruterwandern-cfb.at\/#\/schema\/person\/image\/"},"sameAs":["http:\/\/kr\u00e4uterwandern.at"]}]}},"_links":{"self":[{"href":"http:\/\/xn--kruterwandern-cfb.at\/index.php?rest_route=\/wp\/v2\/posts\/2414","targetHints":{"allow":["GET"]}}],"collection":[{"href":"http:\/\/xn--kruterwandern-cfb.at\/index.php?rest_route=\/wp\/v2\/posts"}],"about":[{"href":"http:\/\/xn--kruterwandern-cfb.at\/index.php?rest_route=\/wp\/v2\/types\/post"}],"author":[{"embeddable":true,"href":"http:\/\/xn--kruterwandern-cfb.at\/index.php?rest_route=\/wp\/v2\/users\/1"}],"replies":[{"embeddable":true,"href":"http:\/\/xn--kruterwandern-cfb.at\/index.php?rest_route=%2Fwp%2Fv2%2Fcomments&post=2414"}],"version-history":[{"count":6,"href":"http:\/\/xn--kruterwandern-cfb.at\/index.php?rest_route=\/wp\/v2\/posts\/2414\/revisions"}],"predecessor-version":[{"id":2440,"href":"http:\/\/xn--kruterwandern-cfb.at\/index.php?rest_route=\/wp\/v2\/posts\/2414\/revisions\/2440"}],"wp:attachment":[{"href":"http:\/\/xn--kruterwandern-cfb.at\/index.php?rest_route=%2Fwp%2Fv2%2Fmedia&parent=2414"}],"wp:term":[{"taxonomy":"category","embeddable":true,"href":"http:\/\/xn--kruterwandern-cfb.at\/index.php?rest_route=%2Fwp%2Fv2%2Fcategories&post=2414"},{"taxonomy":"post_tag","embeddable":true,"href":"http:\/\/xn--kruterwandern-cfb.at\/index.php?rest_route=%2Fwp%2Fv2%2Ftags&post=2414"}],"curies":[{"name":"wp","href":"https:\/\/api.w.org\/{rel}","templated":true}]}}