{"id":2343,"date":"2023-09-19T09:58:24","date_gmt":"2023-09-19T09:58:24","guid":{"rendered":"http:\/\/xn--kruterwandern-cfb.at\/?p=2343"},"modified":"2023-09-19T09:58:24","modified_gmt":"2023-09-19T09:58:24","slug":"kraeuterwandern-15-16-september-2023","status":"publish","type":"post","link":"http:\/\/xn--kruterwandern-cfb.at\/?p=2343","title":{"rendered":"Kr\u00e4uterwandern  15.\/16. September 2023"},"content":{"rendered":"<h2>Die Fr\u00fcchte der Wildhecke<\/h2>\n<p><a href=\"http:\/\/xn--kruterwandern-cfb.at\/wp-content\/uploads\/2023\/09\/G7-30f9ca48-b16f-1.jpg\"><img loading=\"lazy\" decoding=\"async\" class=\"aligncenter size-medium wp-image-2367\" src=\"http:\/\/xn--kruterwandern-cfb.at\/wp-content\/uploads\/2023\/09\/G7-30f9ca48-b16f-1-300x225.jpg\" alt=\"\" width=\"300\" height=\"225\" srcset=\"http:\/\/xn--kruterwandern-cfb.at\/wp-content\/uploads\/2023\/09\/G7-30f9ca48-b16f-1-300x225.jpg 300w, http:\/\/xn--kruterwandern-cfb.at\/wp-content\/uploads\/2023\/09\/G7-30f9ca48-b16f-1-1024x768.jpg 1024w, http:\/\/xn--kruterwandern-cfb.at\/wp-content\/uploads\/2023\/09\/G7-30f9ca48-b16f-1-768x576.jpg 768w, http:\/\/xn--kruterwandern-cfb.at\/wp-content\/uploads\/2023\/09\/G7-30f9ca48-b16f-1-1536x1152.jpg 1536w, http:\/\/xn--kruterwandern-cfb.at\/wp-content\/uploads\/2023\/09\/G7-30f9ca48-b16f-1.jpg 2048w\" sizes=\"auto, (max-width: 300px) 100vw, 300px\" \/><\/a><a href=\"http:\/\/xn--kruterwandern-cfb.at\/wp-content\/uploads\/2023\/09\/A-IMG_4583-scaled.jpg\"><img loading=\"lazy\" decoding=\"async\" class=\"aligncenter size-medium wp-image-2344\" src=\"http:\/\/xn--kruterwandern-cfb.at\/wp-content\/uploads\/2023\/09\/A-IMG_4583-203x300.jpg\" alt=\"\" width=\"203\" height=\"300\" srcset=\"http:\/\/xn--kruterwandern-cfb.at\/wp-content\/uploads\/2023\/09\/A-IMG_4583-203x300.jpg 203w, http:\/\/xn--kruterwandern-cfb.at\/wp-content\/uploads\/2023\/09\/A-IMG_4583-694x1024.jpg 694w, http:\/\/xn--kruterwandern-cfb.at\/wp-content\/uploads\/2023\/09\/A-IMG_4583-768x1134.jpg 768w, http:\/\/xn--kruterwandern-cfb.at\/wp-content\/uploads\/2023\/09\/A-IMG_4583-1040x1536.jpg 1040w, http:\/\/xn--kruterwandern-cfb.at\/wp-content\/uploads\/2023\/09\/A-IMG_4583-1387x2048.jpg 1387w, http:\/\/xn--kruterwandern-cfb.at\/wp-content\/uploads\/2023\/09\/A-IMG_4583-scaled.jpg 1734w\" sizes=\"auto, (max-width: 203px) 100vw, 203px\" \/><\/a> <a href=\"http:\/\/xn--kruterwandern-cfb.at\/wp-content\/uploads\/2023\/09\/B-IMG_4614-scaled.jpg\"><img loading=\"lazy\" decoding=\"async\" class=\"aligncenter size-medium wp-image-2345\" src=\"http:\/\/xn--kruterwandern-cfb.at\/wp-content\/uploads\/2023\/09\/B-IMG_4614-214x300.jpg\" alt=\"\" width=\"214\" height=\"300\" srcset=\"http:\/\/xn--kruterwandern-cfb.at\/wp-content\/uploads\/2023\/09\/B-IMG_4614-214x300.jpg 214w, http:\/\/xn--kruterwandern-cfb.at\/wp-content\/uploads\/2023\/09\/B-IMG_4614-729x1024.jpg 729w, http:\/\/xn--kruterwandern-cfb.at\/wp-content\/uploads\/2023\/09\/B-IMG_4614-768x1079.jpg 768w, http:\/\/xn--kruterwandern-cfb.at\/wp-content\/uploads\/2023\/09\/B-IMG_4614-1093x1536.jpg 1093w, http:\/\/xn--kruterwandern-cfb.at\/wp-content\/uploads\/2023\/09\/B-IMG_4614-1458x2048.jpg 1458w, http:\/\/xn--kruterwandern-cfb.at\/wp-content\/uploads\/2023\/09\/B-IMG_4614-scaled.jpg 1822w\" sizes=\"auto, (max-width: 214px) 100vw, 214px\" \/><\/a><\/p>\n<figure id=\"attachment_2346\" class=\"wp-caption aligncenter\" style=\"width: 300px\"><a href=\"http:\/\/xn--kruterwandern-cfb.at\/wp-content\/uploads\/2023\/09\/C1-IMG_4593-scaled.jpg\"><img loading=\"lazy\" decoding=\"async\" class=\"size-medium wp-image-2346\" src=\"http:\/\/xn--kruterwandern-cfb.at\/wp-content\/uploads\/2023\/09\/C1-IMG_4593-300x239.jpg\" alt=\"\" width=\"300\" height=\"239\" srcset=\"http:\/\/xn--kruterwandern-cfb.at\/wp-content\/uploads\/2023\/09\/C1-IMG_4593-300x239.jpg 300w, http:\/\/xn--kruterwandern-cfb.at\/wp-content\/uploads\/2023\/09\/C1-IMG_4593-1024x815.jpg 1024w, http:\/\/xn--kruterwandern-cfb.at\/wp-content\/uploads\/2023\/09\/C1-IMG_4593-768x612.jpg 768w, http:\/\/xn--kruterwandern-cfb.at\/wp-content\/uploads\/2023\/09\/C1-IMG_4593-1536x1223.jpg 1536w, http:\/\/xn--kruterwandern-cfb.at\/wp-content\/uploads\/2023\/09\/C1-IMG_4593-2048x1631.jpg 2048w\" sizes=\"auto, (max-width: 300px) 100vw, 300px\" \/><\/a><figcaption class=\"wp-caption-text\">Holunder<\/figcaption><\/figure>\n<figure id=\"attachment_2347\" class=\"wp-caption aligncenter\" style=\"width: 225px\"><a href=\"http:\/\/xn--kruterwandern-cfb.at\/wp-content\/uploads\/2023\/09\/C2-IMG_4590-scaled.jpg\"><img loading=\"lazy\" decoding=\"async\" class=\"size-medium wp-image-2347\" src=\"http:\/\/xn--kruterwandern-cfb.at\/wp-content\/uploads\/2023\/09\/C2-IMG_4590-225x300.jpg\" alt=\"\" width=\"225\" height=\"300\" srcset=\"http:\/\/xn--kruterwandern-cfb.at\/wp-content\/uploads\/2023\/09\/C2-IMG_4590-225x300.jpg 225w, http:\/\/xn--kruterwandern-cfb.at\/wp-content\/uploads\/2023\/09\/C2-IMG_4590-768x1024.jpg 768w, http:\/\/xn--kruterwandern-cfb.at\/wp-content\/uploads\/2023\/09\/C2-IMG_4590-1152x1536.jpg 1152w, http:\/\/xn--kruterwandern-cfb.at\/wp-content\/uploads\/2023\/09\/C2-IMG_4590-1536x2048.jpg 1536w, http:\/\/xn--kruterwandern-cfb.at\/wp-content\/uploads\/2023\/09\/C2-IMG_4590-scaled.jpg 1920w\" sizes=\"auto, (max-width: 225px) 100vw, 225px\" \/><\/a><figcaption class=\"wp-caption-text\">heimische Goldrute<\/figcaption><\/figure>\n<figure id=\"attachment_2348\" class=\"wp-caption aligncenter\" style=\"width: 208px\"><a href=\"http:\/\/xn--kruterwandern-cfb.at\/wp-content\/uploads\/2023\/09\/C5-IMG_4592-scaled.jpg\"><img loading=\"lazy\" decoding=\"async\" class=\"size-medium wp-image-2348\" src=\"http:\/\/xn--kruterwandern-cfb.at\/wp-content\/uploads\/2023\/09\/C5-IMG_4592-208x300.jpg\" alt=\"\" width=\"208\" height=\"300\" srcset=\"http:\/\/xn--kruterwandern-cfb.at\/wp-content\/uploads\/2023\/09\/C5-IMG_4592-208x300.jpg 208w, http:\/\/xn--kruterwandern-cfb.at\/wp-content\/uploads\/2023\/09\/C5-IMG_4592-711x1024.jpg 711w, http:\/\/xn--kruterwandern-cfb.at\/wp-content\/uploads\/2023\/09\/C5-IMG_4592-768x1105.jpg 768w, http:\/\/xn--kruterwandern-cfb.at\/wp-content\/uploads\/2023\/09\/C5-IMG_4592-1067x1536.jpg 1067w, http:\/\/xn--kruterwandern-cfb.at\/wp-content\/uploads\/2023\/09\/C5-IMG_4592-1423x2048.jpg 1423w, http:\/\/xn--kruterwandern-cfb.at\/wp-content\/uploads\/2023\/09\/C5-IMG_4592-scaled.jpg 1779w\" sizes=\"auto, (max-width: 208px) 100vw, 208px\" \/><\/a><figcaption class=\"wp-caption-text\">verbl\u00fchte Goldrute<\/figcaption><\/figure>\n<figure id=\"attachment_2349\" class=\"wp-caption aligncenter\" style=\"width: 300px\"><a href=\"http:\/\/xn--kruterwandern-cfb.at\/wp-content\/uploads\/2023\/09\/C7-IMG_4596-scaled.jpg\"><img loading=\"lazy\" decoding=\"async\" class=\"size-medium wp-image-2349\" src=\"http:\/\/xn--kruterwandern-cfb.at\/wp-content\/uploads\/2023\/09\/C7-IMG_4596-300x226.jpg\" alt=\"\" width=\"300\" height=\"226\" srcset=\"http:\/\/xn--kruterwandern-cfb.at\/wp-content\/uploads\/2023\/09\/C7-IMG_4596-300x226.jpg 300w, http:\/\/xn--kruterwandern-cfb.at\/wp-content\/uploads\/2023\/09\/C7-IMG_4596-1024x772.jpg 1024w, http:\/\/xn--kruterwandern-cfb.at\/wp-content\/uploads\/2023\/09\/C7-IMG_4596-768x579.jpg 768w, http:\/\/xn--kruterwandern-cfb.at\/wp-content\/uploads\/2023\/09\/C7-IMG_4596-1536x1158.jpg 1536w, http:\/\/xn--kruterwandern-cfb.at\/wp-content\/uploads\/2023\/09\/C7-IMG_4596-2048x1545.jpg 2048w\" sizes=\"auto, (max-width: 300px) 100vw, 300px\" \/><\/a><figcaption class=\"wp-caption-text\">Bitters\u00fc\u00dfer Nachtschatten<\/figcaption><\/figure>\n<figure id=\"attachment_2350\" class=\"wp-caption aligncenter\" style=\"width: 204px\"><a href=\"http:\/\/xn--kruterwandern-cfb.at\/wp-content\/uploads\/2023\/09\/C9-IMG_4605-scaled.jpg\"><img loading=\"lazy\" decoding=\"async\" class=\"size-medium wp-image-2350\" src=\"http:\/\/xn--kruterwandern-cfb.at\/wp-content\/uploads\/2023\/09\/C9-IMG_4605-204x300.jpg\" alt=\"\" width=\"204\" height=\"300\" srcset=\"http:\/\/xn--kruterwandern-cfb.at\/wp-content\/uploads\/2023\/09\/C9-IMG_4605-204x300.jpg 204w, http:\/\/xn--kruterwandern-cfb.at\/wp-content\/uploads\/2023\/09\/C9-IMG_4605-697x1024.jpg 697w, http:\/\/xn--kruterwandern-cfb.at\/wp-content\/uploads\/2023\/09\/C9-IMG_4605-768x1129.jpg 768w, http:\/\/xn--kruterwandern-cfb.at\/wp-content\/uploads\/2023\/09\/C9-IMG_4605-1045x1536.jpg 1045w, http:\/\/xn--kruterwandern-cfb.at\/wp-content\/uploads\/2023\/09\/C9-IMG_4605-1393x2048.jpg 1393w, http:\/\/xn--kruterwandern-cfb.at\/wp-content\/uploads\/2023\/09\/C9-IMG_4605-scaled.jpg 1742w\" sizes=\"auto, (max-width: 204px) 100vw, 204px\" \/><\/a><figcaption class=\"wp-caption-text\">Hopfen<\/figcaption><\/figure>\n<p><a href=\"http:\/\/xn--kruterwandern-cfb.at\/wp-content\/uploads\/2023\/09\/D1-IMG_4649-scaled.jpg\"><img loading=\"lazy\" decoding=\"async\" class=\"aligncenter size-medium wp-image-2351\" src=\"http:\/\/xn--kruterwandern-cfb.at\/wp-content\/uploads\/2023\/09\/D1-IMG_4649-300x214.jpg\" alt=\"\" width=\"300\" height=\"214\" srcset=\"http:\/\/xn--kruterwandern-cfb.at\/wp-content\/uploads\/2023\/09\/D1-IMG_4649-300x214.jpg 300w, http:\/\/xn--kruterwandern-cfb.at\/wp-content\/uploads\/2023\/09\/D1-IMG_4649-1024x731.jpg 1024w, http:\/\/xn--kruterwandern-cfb.at\/wp-content\/uploads\/2023\/09\/D1-IMG_4649-768x548.jpg 768w, http:\/\/xn--kruterwandern-cfb.at\/wp-content\/uploads\/2023\/09\/D1-IMG_4649-1536x1097.jpg 1536w, http:\/\/xn--kruterwandern-cfb.at\/wp-content\/uploads\/2023\/09\/D1-IMG_4649-2048x1462.jpg 2048w\" sizes=\"auto, (max-width: 300px) 100vw, 300px\" \/><\/a><\/p>\n<figure id=\"attachment_2352\" class=\"wp-caption aligncenter\" style=\"width: 300px\"><a href=\"http:\/\/xn--kruterwandern-cfb.at\/wp-content\/uploads\/2023\/09\/D3-IMG_4639.jpg\"><img loading=\"lazy\" decoding=\"async\" class=\"size-medium wp-image-2352\" src=\"http:\/\/xn--kruterwandern-cfb.at\/wp-content\/uploads\/2023\/09\/D3-IMG_4639-300x187.jpg\" alt=\"\" width=\"300\" height=\"187\" srcset=\"http:\/\/xn--kruterwandern-cfb.at\/wp-content\/uploads\/2023\/09\/D3-IMG_4639-300x187.jpg 300w, http:\/\/xn--kruterwandern-cfb.at\/wp-content\/uploads\/2023\/09\/D3-IMG_4639-1024x639.jpg 1024w, http:\/\/xn--kruterwandern-cfb.at\/wp-content\/uploads\/2023\/09\/D3-IMG_4639-768x479.jpg 768w, http:\/\/xn--kruterwandern-cfb.at\/wp-content\/uploads\/2023\/09\/D3-IMG_4639-1536x958.jpg 1536w, http:\/\/xn--kruterwandern-cfb.at\/wp-content\/uploads\/2023\/09\/D3-IMG_4639-2048x1277.jpg 2048w\" sizes=\"auto, (max-width: 300px) 100vw, 300px\" \/><\/a><figcaption class=\"wp-caption-text\">Schlehdorn<\/figcaption><\/figure>\n<p><a href=\"http:\/\/xn--kruterwandern-cfb.at\/wp-content\/uploads\/2023\/09\/D5-IMG_4629.jpg\"><img loading=\"lazy\" decoding=\"async\" class=\"aligncenter size-medium wp-image-2353\" src=\"http:\/\/xn--kruterwandern-cfb.at\/wp-content\/uploads\/2023\/09\/D5-IMG_4629-300x225.jpg\" alt=\"\" width=\"300\" height=\"225\" srcset=\"http:\/\/xn--kruterwandern-cfb.at\/wp-content\/uploads\/2023\/09\/D5-IMG_4629-300x225.jpg 300w, http:\/\/xn--kruterwandern-cfb.at\/wp-content\/uploads\/2023\/09\/D5-IMG_4629-1024x768.jpg 1024w, http:\/\/xn--kruterwandern-cfb.at\/wp-content\/uploads\/2023\/09\/D5-IMG_4629-768x576.jpg 768w, http:\/\/xn--kruterwandern-cfb.at\/wp-content\/uploads\/2023\/09\/D5-IMG_4629-1536x1152.jpg 1536w, http:\/\/xn--kruterwandern-cfb.at\/wp-content\/uploads\/2023\/09\/D5-IMG_4629-2048x1536.jpg 2048w\" sizes=\"auto, (max-width: 300px) 100vw, 300px\" \/><\/a> <a href=\"http:\/\/xn--kruterwandern-cfb.at\/wp-content\/uploads\/2023\/09\/E1-IMG_4632-scaled.jpg\"><img loading=\"lazy\" decoding=\"async\" class=\"aligncenter size-medium wp-image-2354\" src=\"http:\/\/xn--kruterwandern-cfb.at\/wp-content\/uploads\/2023\/09\/E1-IMG_4632-300x202.jpg\" alt=\"\" width=\"300\" height=\"202\" srcset=\"http:\/\/xn--kruterwandern-cfb.at\/wp-content\/uploads\/2023\/09\/E1-IMG_4632-300x202.jpg 300w, http:\/\/xn--kruterwandern-cfb.at\/wp-content\/uploads\/2023\/09\/E1-IMG_4632-1024x691.jpg 1024w, http:\/\/xn--kruterwandern-cfb.at\/wp-content\/uploads\/2023\/09\/E1-IMG_4632-768x518.jpg 768w, http:\/\/xn--kruterwandern-cfb.at\/wp-content\/uploads\/2023\/09\/E1-IMG_4632-1536x1036.jpg 1536w, http:\/\/xn--kruterwandern-cfb.at\/wp-content\/uploads\/2023\/09\/E1-IMG_4632-2048x1381.jpg 2048w, http:\/\/xn--kruterwandern-cfb.at\/wp-content\/uploads\/2023\/09\/E1-IMG_4632-150x100.jpg 150w\" sizes=\"auto, (max-width: 300px) 100vw, 300px\" \/><\/a><\/p>\n<figure id=\"attachment_2355\" class=\"wp-caption aligncenter\" style=\"width: 300px\"><a href=\"http:\/\/xn--kruterwandern-cfb.at\/wp-content\/uploads\/2023\/09\/E3-IMG_4643.jpg\"><img loading=\"lazy\" decoding=\"async\" class=\"size-medium wp-image-2355\" src=\"http:\/\/xn--kruterwandern-cfb.at\/wp-content\/uploads\/2023\/09\/E3-IMG_4643-300x191.jpg\" alt=\"\" width=\"300\" height=\"191\" srcset=\"http:\/\/xn--kruterwandern-cfb.at\/wp-content\/uploads\/2023\/09\/E3-IMG_4643-300x191.jpg 300w, http:\/\/xn--kruterwandern-cfb.at\/wp-content\/uploads\/2023\/09\/E3-IMG_4643-1024x653.jpg 1024w, http:\/\/xn--kruterwandern-cfb.at\/wp-content\/uploads\/2023\/09\/E3-IMG_4643-768x490.jpg 768w, http:\/\/xn--kruterwandern-cfb.at\/wp-content\/uploads\/2023\/09\/E3-IMG_4643-1536x979.jpg 1536w, http:\/\/xn--kruterwandern-cfb.at\/wp-content\/uploads\/2023\/09\/E3-IMG_4643.jpg 2012w\" sizes=\"auto, (max-width: 300px) 100vw, 300px\" \/><\/a><figcaption class=\"wp-caption-text\">Hagedorn aus Hagebutte\/Schlehe und Wei\u00dfdorn<\/figcaption><\/figure>\n<p><a href=\"http:\/\/xn--kruterwandern-cfb.at\/wp-content\/uploads\/2023\/09\/E7-image003.jpg\"><img loading=\"lazy\" decoding=\"async\" class=\"aligncenter size-medium wp-image-2356\" src=\"http:\/\/xn--kruterwandern-cfb.at\/wp-content\/uploads\/2023\/09\/E7-image003-300x225.jpg\" alt=\"\" width=\"300\" height=\"225\" srcset=\"http:\/\/xn--kruterwandern-cfb.at\/wp-content\/uploads\/2023\/09\/E7-image003-300x225.jpg 300w, http:\/\/xn--kruterwandern-cfb.at\/wp-content\/uploads\/2023\/09\/E7-image003-1024x768.jpg 1024w, http:\/\/xn--kruterwandern-cfb.at\/wp-content\/uploads\/2023\/09\/E7-image003-768x576.jpg 768w, http:\/\/xn--kruterwandern-cfb.at\/wp-content\/uploads\/2023\/09\/E7-image003-1536x1152.jpg 1536w, http:\/\/xn--kruterwandern-cfb.at\/wp-content\/uploads\/2023\/09\/E7-image003.jpg 1600w\" sizes=\"auto, (max-width: 300px) 100vw, 300px\" \/><\/a> <a href=\"http:\/\/xn--kruterwandern-cfb.at\/wp-content\/uploads\/2023\/09\/E9-IMG_4658-scaled.jpg\"><img loading=\"lazy\" decoding=\"async\" class=\"aligncenter size-medium wp-image-2357\" src=\"http:\/\/xn--kruterwandern-cfb.at\/wp-content\/uploads\/2023\/09\/E9-IMG_4658-226x300.jpg\" alt=\"\" width=\"226\" height=\"300\" srcset=\"http:\/\/xn--kruterwandern-cfb.at\/wp-content\/uploads\/2023\/09\/E9-IMG_4658-226x300.jpg 226w, http:\/\/xn--kruterwandern-cfb.at\/wp-content\/uploads\/2023\/09\/E9-IMG_4658-770x1024.jpg 770w, http:\/\/xn--kruterwandern-cfb.at\/wp-content\/uploads\/2023\/09\/E9-IMG_4658-768x1021.jpg 768w, http:\/\/xn--kruterwandern-cfb.at\/wp-content\/uploads\/2023\/09\/E9-IMG_4658-1155x1536.jpg 1155w, http:\/\/xn--kruterwandern-cfb.at\/wp-content\/uploads\/2023\/09\/E9-IMG_4658-1540x2048.jpg 1540w, http:\/\/xn--kruterwandern-cfb.at\/wp-content\/uploads\/2023\/09\/E9-IMG_4658-scaled.jpg 1925w\" sizes=\"auto, (max-width: 226px) 100vw, 226px\" \/><\/a> <a href=\"http:\/\/xn--kruterwandern-cfb.at\/wp-content\/uploads\/2023\/09\/F1-IMG_4660.jpg\"><img loading=\"lazy\" decoding=\"async\" class=\"aligncenter size-medium wp-image-2358\" src=\"http:\/\/xn--kruterwandern-cfb.at\/wp-content\/uploads\/2023\/09\/F1-IMG_4660-218x300.jpg\" alt=\"\" width=\"218\" height=\"300\" srcset=\"http:\/\/xn--kruterwandern-cfb.at\/wp-content\/uploads\/2023\/09\/F1-IMG_4660-218x300.jpg 218w, http:\/\/xn--kruterwandern-cfb.at\/wp-content\/uploads\/2023\/09\/F1-IMG_4660-746x1024.jpg 746w, http:\/\/xn--kruterwandern-cfb.at\/wp-content\/uploads\/2023\/09\/F1-IMG_4660-768x1055.jpg 768w, http:\/\/xn--kruterwandern-cfb.at\/wp-content\/uploads\/2023\/09\/F1-IMG_4660-1118x1536.jpg 1118w, http:\/\/xn--kruterwandern-cfb.at\/wp-content\/uploads\/2023\/09\/F1-IMG_4660-1491x2048.jpg 1491w, http:\/\/xn--kruterwandern-cfb.at\/wp-content\/uploads\/2023\/09\/F1-IMG_4660.jpg 1831w\" sizes=\"auto, (max-width: 218px) 100vw, 218px\" \/><\/a><\/p>\n<figure id=\"attachment_2359\" class=\"wp-caption aligncenter\" style=\"width: 221px\"><a href=\"http:\/\/xn--kruterwandern-cfb.at\/wp-content\/uploads\/2023\/09\/F3-IMG_4611-scaled.jpg\"><img loading=\"lazy\" decoding=\"async\" class=\"size-medium wp-image-2359\" src=\"http:\/\/xn--kruterwandern-cfb.at\/wp-content\/uploads\/2023\/09\/F3-IMG_4611-221x300.jpg\" alt=\"\" width=\"221\" height=\"300\" srcset=\"http:\/\/xn--kruterwandern-cfb.at\/wp-content\/uploads\/2023\/09\/F3-IMG_4611-221x300.jpg 221w, http:\/\/xn--kruterwandern-cfb.at\/wp-content\/uploads\/2023\/09\/F3-IMG_4611-755x1024.jpg 755w, http:\/\/xn--kruterwandern-cfb.at\/wp-content\/uploads\/2023\/09\/F3-IMG_4611-768x1042.jpg 768w, http:\/\/xn--kruterwandern-cfb.at\/wp-content\/uploads\/2023\/09\/F3-IMG_4611-1132x1536.jpg 1132w, http:\/\/xn--kruterwandern-cfb.at\/wp-content\/uploads\/2023\/09\/F3-IMG_4611-1510x2048.jpg 1510w, http:\/\/xn--kruterwandern-cfb.at\/wp-content\/uploads\/2023\/09\/F3-IMG_4611-scaled.jpg 1887w\" sizes=\"auto, (max-width: 221px) 100vw, 221px\" \/><\/a><figcaption class=\"wp-caption-text\">Walnuss<\/figcaption><\/figure>\n<figure id=\"attachment_2360\" class=\"wp-caption aligncenter\" style=\"width: 300px\"><a href=\"http:\/\/xn--kruterwandern-cfb.at\/wp-content\/uploads\/2023\/09\/F5-IMG_4602-scaled.jpg\"><img loading=\"lazy\" decoding=\"async\" class=\"size-medium wp-image-2360\" src=\"http:\/\/xn--kruterwandern-cfb.at\/wp-content\/uploads\/2023\/09\/F5-IMG_4602-300x188.jpg\" alt=\"\" width=\"300\" height=\"188\" srcset=\"http:\/\/xn--kruterwandern-cfb.at\/wp-content\/uploads\/2023\/09\/F5-IMG_4602-300x188.jpg 300w, http:\/\/xn--kruterwandern-cfb.at\/wp-content\/uploads\/2023\/09\/F5-IMG_4602-1024x642.jpg 1024w, http:\/\/xn--kruterwandern-cfb.at\/wp-content\/uploads\/2023\/09\/F5-IMG_4602-768x482.jpg 768w, http:\/\/xn--kruterwandern-cfb.at\/wp-content\/uploads\/2023\/09\/F5-IMG_4602-1536x963.jpg 1536w, http:\/\/xn--kruterwandern-cfb.at\/wp-content\/uploads\/2023\/09\/F5-IMG_4602-2048x1284.jpg 2048w\" sizes=\"auto, (max-width: 300px) 100vw, 300px\" \/><\/a><figcaption class=\"wp-caption-text\">Herzbeere<\/figcaption><\/figure>\n<figure id=\"attachment_2361\" class=\"wp-caption aligncenter\" style=\"width: 300px\"><a href=\"http:\/\/xn--kruterwandern-cfb.at\/wp-content\/uploads\/2023\/09\/F7-IMG_4622-scaled.jpg\"><img loading=\"lazy\" decoding=\"async\" class=\"size-medium wp-image-2361\" src=\"http:\/\/xn--kruterwandern-cfb.at\/wp-content\/uploads\/2023\/09\/F7-IMG_4622-300x195.jpg\" alt=\"\" width=\"300\" height=\"195\" srcset=\"http:\/\/xn--kruterwandern-cfb.at\/wp-content\/uploads\/2023\/09\/F7-IMG_4622-300x195.jpg 300w, http:\/\/xn--kruterwandern-cfb.at\/wp-content\/uploads\/2023\/09\/F7-IMG_4622-1024x665.jpg 1024w, http:\/\/xn--kruterwandern-cfb.at\/wp-content\/uploads\/2023\/09\/F7-IMG_4622-768x499.jpg 768w, http:\/\/xn--kruterwandern-cfb.at\/wp-content\/uploads\/2023\/09\/F7-IMG_4622-1536x998.jpg 1536w, http:\/\/xn--kruterwandern-cfb.at\/wp-content\/uploads\/2023\/09\/F7-IMG_4622-2048x1330.jpg 2048w\" sizes=\"auto, (max-width: 300px) 100vw, 300px\" \/><\/a><figcaption class=\"wp-caption-text\">Pfaffenkappel<\/figcaption><\/figure>\n<p><a href=\"http:\/\/xn--kruterwandern-cfb.at\/wp-content\/uploads\/2023\/09\/G1-IMG_4663-scaled.jpg\"><img loading=\"lazy\" decoding=\"async\" class=\"aligncenter size-medium wp-image-2362\" src=\"http:\/\/xn--kruterwandern-cfb.at\/wp-content\/uploads\/2023\/09\/G1-IMG_4663-300x271.jpg\" alt=\"\" width=\"300\" height=\"271\" srcset=\"http:\/\/xn--kruterwandern-cfb.at\/wp-content\/uploads\/2023\/09\/G1-IMG_4663-300x271.jpg 300w, http:\/\/xn--kruterwandern-cfb.at\/wp-content\/uploads\/2023\/09\/G1-IMG_4663-1024x924.jpg 1024w, http:\/\/xn--kruterwandern-cfb.at\/wp-content\/uploads\/2023\/09\/G1-IMG_4663-768x693.jpg 768w, http:\/\/xn--kruterwandern-cfb.at\/wp-content\/uploads\/2023\/09\/G1-IMG_4663-1536x1386.jpg 1536w, http:\/\/xn--kruterwandern-cfb.at\/wp-content\/uploads\/2023\/09\/G1-IMG_4663-2048x1848.jpg 2048w\" sizes=\"auto, (max-width: 300px) 100vw, 300px\" \/><\/a> <a href=\"http:\/\/xn--kruterwandern-cfb.at\/wp-content\/uploads\/2023\/09\/G3-IMG_4677.jpg\"><img loading=\"lazy\" decoding=\"async\" class=\"aligncenter size-medium wp-image-2363\" src=\"http:\/\/xn--kruterwandern-cfb.at\/wp-content\/uploads\/2023\/09\/G3-IMG_4677-300x213.jpg\" alt=\"\" width=\"300\" height=\"213\" srcset=\"http:\/\/xn--kruterwandern-cfb.at\/wp-content\/uploads\/2023\/09\/G3-IMG_4677-300x213.jpg 300w, http:\/\/xn--kruterwandern-cfb.at\/wp-content\/uploads\/2023\/09\/G3-IMG_4677-1024x727.jpg 1024w, http:\/\/xn--kruterwandern-cfb.at\/wp-content\/uploads\/2023\/09\/G3-IMG_4677-768x545.jpg 768w, http:\/\/xn--kruterwandern-cfb.at\/wp-content\/uploads\/2023\/09\/G3-IMG_4677-1536x1091.jpg 1536w, http:\/\/xn--kruterwandern-cfb.at\/wp-content\/uploads\/2023\/09\/G3-IMG_4677.jpg 1708w\" sizes=\"auto, (max-width: 300px) 100vw, 300px\" \/><\/a> <a href=\"http:\/\/xn--kruterwandern-cfb.at\/wp-content\/uploads\/2023\/09\/G5-IMG_4684-scaled.jpg\"><img loading=\"lazy\" decoding=\"async\" class=\"aligncenter size-medium wp-image-2364\" src=\"http:\/\/xn--kruterwandern-cfb.at\/wp-content\/uploads\/2023\/09\/G5-IMG_4684-225x300.jpg\" alt=\"\" width=\"225\" height=\"300\" srcset=\"http:\/\/xn--kruterwandern-cfb.at\/wp-content\/uploads\/2023\/09\/G5-IMG_4684-225x300.jpg 225w, http:\/\/xn--kruterwandern-cfb.at\/wp-content\/uploads\/2023\/09\/G5-IMG_4684-768x1024.jpg 768w, http:\/\/xn--kruterwandern-cfb.at\/wp-content\/uploads\/2023\/09\/G5-IMG_4684-1152x1536.jpg 1152w, http:\/\/xn--kruterwandern-cfb.at\/wp-content\/uploads\/2023\/09\/G5-IMG_4684-1536x2048.jpg 1536w, http:\/\/xn--kruterwandern-cfb.at\/wp-content\/uploads\/2023\/09\/G5-IMG_4684-scaled.jpg 1920w\" sizes=\"auto, (max-width: 225px) 100vw, 225px\" \/><\/a><\/p>\n<h2>Rezept<\/h2>\n<h3>M\u00fcslischnitten<\/h3>\n<p>6 EL\u00a0 Sonnenblumenkerne, 6 EL K\u00fcrbiskerne, 6 EL N\u00fcsse, 6 EL Haferflocken, 3 EL Brennnesselsamen, 3 EL Sesam, 6 EL Berberitzen oder Rosinen, 2 Eier oder (Leinsamen in Wasser gequollen), 4 EL Rohrohrzucker, 2 EL Nuss\u00f6l.<\/p>\n<p>Alle Zutaten vermischen und auf ein Blech streichen. Mit einem Nudelholz fest dr\u00fccken. Bei 170 \u00b0 ca. 12 Minuten backen. Noch warm in St\u00fccke schneiden.<\/p>\n","protected":false},"excerpt":{"rendered":"<p>Die Fr\u00fcchte der Wildhecke Rezept M\u00fcslischnitten 6 EL\u00a0 Sonnenblumenkerne, 6 EL K\u00fcrbiskerne, 6 EL N\u00fcsse, 6 EL Haferflocken, 3 EL Brennnesselsamen, 3 EL Sesam, 6 EL Berberitzen oder Rosinen, 2 Eier oder (Leinsamen in Wasser gequollen), 4 EL Rohrohrzucker, 2 EL Nuss\u00f6l. Alle Zutaten vermischen und auf ein Blech streichen.&nbsp; <a href=\"http:\/\/xn--kruterwandern-cfb.at\/?p=2343\" title=\"Read more Kr\u00e4uterwandern  15.\/16. September 2023\">Read more &raquo;<\/a><\/p>\n","protected":false},"author":1,"featured_media":0,"comment_status":"closed","ping_status":"closed","sticky":false,"template":"","format":"standard","meta":{"footnotes":""},"categories":[1,56],"tags":[265,216,116,333,334],"class_list":["post-2343","post","type-post","status-publish","format-standard","hentry","category-allgemein","category-rezept-2","tag-herzbeere","tag-holunder","tag-hopfen","tag-mueslischnitten","tag-nachtschatten"],"yoast_head":"<!-- This site is optimized with the Yoast SEO plugin v24.9 - https:\/\/yoast.com\/wordpress\/plugins\/seo\/ -->\n<title>Kr\u00e4uterwandern 15.\/16. September 2023 - Kr\u00e4uterwandern mit allen Sinnen<\/title>\n<meta name=\"robots\" content=\"index, follow, max-snippet:-1, max-image-preview:large, max-video-preview:-1\" \/>\n<link rel=\"canonical\" href=\"http:\/\/xn--kruterwandern-cfb.at\/?p=2343\" \/>\n<meta property=\"og:locale\" content=\"de_DE\" \/>\n<meta property=\"og:type\" content=\"article\" \/>\n<meta property=\"og:title\" content=\"Kr\u00e4uterwandern 15.\/16. September 2023 - Kr\u00e4uterwandern mit allen Sinnen\" \/>\n<meta property=\"og:description\" content=\"Die Fr\u00fcchte der Wildhecke Rezept M\u00fcslischnitten 6 EL\u00a0 Sonnenblumenkerne, 6 EL K\u00fcrbiskerne, 6 EL N\u00fcsse, 6 EL Haferflocken, 3 EL Brennnesselsamen, 3 EL Sesam, 6 EL Berberitzen oder Rosinen, 2 Eier oder (Leinsamen in Wasser gequollen), 4 EL Rohrohrzucker, 2 EL Nuss\u00f6l. Alle Zutaten vermischen und auf ein Blech streichen.&nbsp; Read more &raquo;\" \/>\n<meta property=\"og:url\" content=\"http:\/\/xn--kruterwandern-cfb.at\/?p=2343\" \/>\n<meta property=\"og:site_name\" content=\"Kr\u00e4uterwandern mit allen Sinnen\" \/>\n<meta property=\"article:published_time\" content=\"2023-09-19T09:58:24+00:00\" \/>\n<meta property=\"og:image\" content=\"http:\/\/xn--kruterwandern-cfb.at\/wp-content\/uploads\/2023\/09\/G7-30f9ca48-b16f-1-300x225.jpg\" \/>\n<meta name=\"author\" content=\"gabi\" \/>\n<meta name=\"twitter:label1\" content=\"Verfasst von\" \/>\n\t<meta name=\"twitter:data1\" content=\"gabi\" \/>\n\t<meta name=\"twitter:label2\" content=\"Gesch\u00e4tzte Lesezeit\" \/>\n\t<meta name=\"twitter:data2\" content=\"6\u00a0Minuten\" \/>\n<script type=\"application\/ld+json\" class=\"yoast-schema-graph\">{\"@context\":\"https:\/\/schema.org\",\"@graph\":[{\"@type\":\"Article\",\"@id\":\"http:\/\/xn--kruterwandern-cfb.at\/?p=2343#article\",\"isPartOf\":{\"@id\":\"http:\/\/xn--kruterwandern-cfb.at\/?p=2343\"},\"author\":{\"name\":\"gabi\",\"@id\":\"http:\/\/xn--kruterwandern-cfb.at\/#\/schema\/person\/149b5780cd8d441bdff00c83a20a8c72\"},\"headline\":\"Kr\u00e4uterwandern 15.\/16. September 2023\",\"datePublished\":\"2023-09-19T09:58:24+00:00\",\"mainEntityOfPage\":{\"@id\":\"http:\/\/xn--kruterwandern-cfb.at\/?p=2343\"},\"wordCount\":155,\"publisher\":{\"@id\":\"http:\/\/xn--kruterwandern-cfb.at\/#\/schema\/person\/149b5780cd8d441bdff00c83a20a8c72\"},\"image\":{\"@id\":\"http:\/\/xn--kruterwandern-cfb.at\/?p=2343#primaryimage\"},\"thumbnailUrl\":\"http:\/\/xn--kruterwandern-cfb.at\/wp-content\/uploads\/2023\/09\/G7-30f9ca48-b16f-1-300x225.jpg\",\"keywords\":[\"Herzbeere\",\"Holunder\",\"Hopfen\",\"M\u00fcslischnitten\",\"Nachtschatten\"],\"articleSection\":{\"1\":\"Rezepte\"},\"inLanguage\":\"de\"},{\"@type\":\"WebPage\",\"@id\":\"http:\/\/xn--kruterwandern-cfb.at\/?p=2343\",\"url\":\"http:\/\/xn--kruterwandern-cfb.at\/?p=2343\",\"name\":\"Kr\u00e4uterwandern 15.\/16. September 2023 - Kr\u00e4uterwandern mit allen Sinnen\",\"isPartOf\":{\"@id\":\"http:\/\/xn--kruterwandern-cfb.at\/#website\"},\"primaryImageOfPage\":{\"@id\":\"http:\/\/xn--kruterwandern-cfb.at\/?p=2343#primaryimage\"},\"image\":{\"@id\":\"http:\/\/xn--kruterwandern-cfb.at\/?p=2343#primaryimage\"},\"thumbnailUrl\":\"http:\/\/xn--kruterwandern-cfb.at\/wp-content\/uploads\/2023\/09\/G7-30f9ca48-b16f-1-300x225.jpg\",\"datePublished\":\"2023-09-19T09:58:24+00:00\",\"breadcrumb\":{\"@id\":\"http:\/\/xn--kruterwandern-cfb.at\/?p=2343#breadcrumb\"},\"inLanguage\":\"de\",\"potentialAction\":[{\"@type\":\"ReadAction\",\"target\":[\"http:\/\/xn--kruterwandern-cfb.at\/?p=2343\"]}]},{\"@type\":\"ImageObject\",\"inLanguage\":\"de\",\"@id\":\"http:\/\/xn--kruterwandern-cfb.at\/?p=2343#primaryimage\",\"url\":\"http:\/\/xn--kruterwandern-cfb.at\/wp-content\/uploads\/2023\/09\/G7-30f9ca48-b16f-1.jpg\",\"contentUrl\":\"http:\/\/xn--kruterwandern-cfb.at\/wp-content\/uploads\/2023\/09\/G7-30f9ca48-b16f-1.jpg\",\"width\":2048,\"height\":1536},{\"@type\":\"BreadcrumbList\",\"@id\":\"http:\/\/xn--kruterwandern-cfb.at\/?p=2343#breadcrumb\",\"itemListElement\":[{\"@type\":\"ListItem\",\"position\":1,\"name\":\"Home\",\"item\":\"http:\/\/xn--kruterwandern-cfb.at\/\"},{\"@type\":\"ListItem\",\"position\":2,\"name\":\"Kr\u00e4uterwandern 15.\/16. September 2023\"}]},{\"@type\":\"WebSite\",\"@id\":\"http:\/\/xn--kruterwandern-cfb.at\/#website\",\"url\":\"http:\/\/xn--kruterwandern-cfb.at\/\",\"name\":\"Kr\u00e4uterwandern mit allen Sinnen\",\"description\":\"Kr\u00e4uterwandern mit Kr\u00e4uterp\u00e4dagogin Gabriele Inzinger in \u00d6sterreich, K\u00e4rnten, Mittelk\u00e4rnten, Umgebung St. Veit an der Glan, Ulrichsberg, Projern\",\"publisher\":{\"@id\":\"http:\/\/xn--kruterwandern-cfb.at\/#\/schema\/person\/149b5780cd8d441bdff00c83a20a8c72\"},\"potentialAction\":[{\"@type\":\"SearchAction\",\"target\":{\"@type\":\"EntryPoint\",\"urlTemplate\":\"http:\/\/xn--kruterwandern-cfb.at\/?s={search_term_string}\"},\"query-input\":{\"@type\":\"PropertyValueSpecification\",\"valueRequired\":true,\"valueName\":\"search_term_string\"}}],\"inLanguage\":\"de\"},{\"@type\":[\"Person\",\"Organization\"],\"@id\":\"http:\/\/xn--kruterwandern-cfb.at\/#\/schema\/person\/149b5780cd8d441bdff00c83a20a8c72\",\"name\":\"gabi\",\"image\":{\"@type\":\"ImageObject\",\"inLanguage\":\"de\",\"@id\":\"http:\/\/xn--kruterwandern-cfb.at\/#\/schema\/person\/image\/\",\"url\":\"https:\/\/secure.gravatar.com\/avatar\/be551bd92966b6ea4e7cef2860bff65165267639bb7040b011e243386b977e7b?s=96&d=mm&r=g\",\"contentUrl\":\"https:\/\/secure.gravatar.com\/avatar\/be551bd92966b6ea4e7cef2860bff65165267639bb7040b011e243386b977e7b?s=96&d=mm&r=g\",\"caption\":\"gabi\"},\"logo\":{\"@id\":\"http:\/\/xn--kruterwandern-cfb.at\/#\/schema\/person\/image\/\"},\"sameAs\":[\"http:\/\/kr\u00e4uterwandern.at\"]}]}<\/script>\n<!-- \/ Yoast SEO plugin. -->","yoast_head_json":{"title":"Kr\u00e4uterwandern 15.\/16. September 2023 - Kr\u00e4uterwandern mit allen Sinnen","robots":{"index":"index","follow":"follow","max-snippet":"max-snippet:-1","max-image-preview":"max-image-preview:large","max-video-preview":"max-video-preview:-1"},"canonical":"http:\/\/xn--kruterwandern-cfb.at\/?p=2343","og_locale":"de_DE","og_type":"article","og_title":"Kr\u00e4uterwandern 15.\/16. September 2023 - Kr\u00e4uterwandern mit allen Sinnen","og_description":"Die Fr\u00fcchte der Wildhecke Rezept M\u00fcslischnitten 6 EL\u00a0 Sonnenblumenkerne, 6 EL K\u00fcrbiskerne, 6 EL N\u00fcsse, 6 EL Haferflocken, 3 EL Brennnesselsamen, 3 EL Sesam, 6 EL Berberitzen oder Rosinen, 2 Eier oder (Leinsamen in Wasser gequollen), 4 EL Rohrohrzucker, 2 EL Nuss\u00f6l. Alle Zutaten vermischen und auf ein Blech streichen.&nbsp; Read more &raquo;","og_url":"http:\/\/xn--kruterwandern-cfb.at\/?p=2343","og_site_name":"Kr\u00e4uterwandern mit allen Sinnen","article_published_time":"2023-09-19T09:58:24+00:00","og_image":[{"url":"http:\/\/xn--kruterwandern-cfb.at\/wp-content\/uploads\/2023\/09\/G7-30f9ca48-b16f-1-300x225.jpg","type":"","width":"","height":""}],"author":"gabi","twitter_misc":{"Verfasst von":"gabi","Gesch\u00e4tzte Lesezeit":"6\u00a0Minuten"},"schema":{"@context":"https:\/\/schema.org","@graph":[{"@type":"Article","@id":"http:\/\/xn--kruterwandern-cfb.at\/?p=2343#article","isPartOf":{"@id":"http:\/\/xn--kruterwandern-cfb.at\/?p=2343"},"author":{"name":"gabi","@id":"http:\/\/xn--kruterwandern-cfb.at\/#\/schema\/person\/149b5780cd8d441bdff00c83a20a8c72"},"headline":"Kr\u00e4uterwandern 15.\/16. September 2023","datePublished":"2023-09-19T09:58:24+00:00","mainEntityOfPage":{"@id":"http:\/\/xn--kruterwandern-cfb.at\/?p=2343"},"wordCount":155,"publisher":{"@id":"http:\/\/xn--kruterwandern-cfb.at\/#\/schema\/person\/149b5780cd8d441bdff00c83a20a8c72"},"image":{"@id":"http:\/\/xn--kruterwandern-cfb.at\/?p=2343#primaryimage"},"thumbnailUrl":"http:\/\/xn--kruterwandern-cfb.at\/wp-content\/uploads\/2023\/09\/G7-30f9ca48-b16f-1-300x225.jpg","keywords":["Herzbeere","Holunder","Hopfen","M\u00fcslischnitten","Nachtschatten"],"articleSection":{"1":"Rezepte"},"inLanguage":"de"},{"@type":"WebPage","@id":"http:\/\/xn--kruterwandern-cfb.at\/?p=2343","url":"http:\/\/xn--kruterwandern-cfb.at\/?p=2343","name":"Kr\u00e4uterwandern 15.\/16. September 2023 - Kr\u00e4uterwandern mit allen Sinnen","isPartOf":{"@id":"http:\/\/xn--kruterwandern-cfb.at\/#website"},"primaryImageOfPage":{"@id":"http:\/\/xn--kruterwandern-cfb.at\/?p=2343#primaryimage"},"image":{"@id":"http:\/\/xn--kruterwandern-cfb.at\/?p=2343#primaryimage"},"thumbnailUrl":"http:\/\/xn--kruterwandern-cfb.at\/wp-content\/uploads\/2023\/09\/G7-30f9ca48-b16f-1-300x225.jpg","datePublished":"2023-09-19T09:58:24+00:00","breadcrumb":{"@id":"http:\/\/xn--kruterwandern-cfb.at\/?p=2343#breadcrumb"},"inLanguage":"de","potentialAction":[{"@type":"ReadAction","target":["http:\/\/xn--kruterwandern-cfb.at\/?p=2343"]}]},{"@type":"ImageObject","inLanguage":"de","@id":"http:\/\/xn--kruterwandern-cfb.at\/?p=2343#primaryimage","url":"http:\/\/xn--kruterwandern-cfb.at\/wp-content\/uploads\/2023\/09\/G7-30f9ca48-b16f-1.jpg","contentUrl":"http:\/\/xn--kruterwandern-cfb.at\/wp-content\/uploads\/2023\/09\/G7-30f9ca48-b16f-1.jpg","width":2048,"height":1536},{"@type":"BreadcrumbList","@id":"http:\/\/xn--kruterwandern-cfb.at\/?p=2343#breadcrumb","itemListElement":[{"@type":"ListItem","position":1,"name":"Home","item":"http:\/\/xn--kruterwandern-cfb.at\/"},{"@type":"ListItem","position":2,"name":"Kr\u00e4uterwandern 15.\/16. September 2023"}]},{"@type":"WebSite","@id":"http:\/\/xn--kruterwandern-cfb.at\/#website","url":"http:\/\/xn--kruterwandern-cfb.at\/","name":"Kr\u00e4uterwandern mit allen Sinnen","description":"Kr\u00e4uterwandern mit Kr\u00e4uterp\u00e4dagogin Gabriele Inzinger in \u00d6sterreich, K\u00e4rnten, Mittelk\u00e4rnten, Umgebung St. Veit an der Glan, Ulrichsberg, Projern","publisher":{"@id":"http:\/\/xn--kruterwandern-cfb.at\/#\/schema\/person\/149b5780cd8d441bdff00c83a20a8c72"},"potentialAction":[{"@type":"SearchAction","target":{"@type":"EntryPoint","urlTemplate":"http:\/\/xn--kruterwandern-cfb.at\/?s={search_term_string}"},"query-input":{"@type":"PropertyValueSpecification","valueRequired":true,"valueName":"search_term_string"}}],"inLanguage":"de"},{"@type":["Person","Organization"],"@id":"http:\/\/xn--kruterwandern-cfb.at\/#\/schema\/person\/149b5780cd8d441bdff00c83a20a8c72","name":"gabi","image":{"@type":"ImageObject","inLanguage":"de","@id":"http:\/\/xn--kruterwandern-cfb.at\/#\/schema\/person\/image\/","url":"https:\/\/secure.gravatar.com\/avatar\/be551bd92966b6ea4e7cef2860bff65165267639bb7040b011e243386b977e7b?s=96&d=mm&r=g","contentUrl":"https:\/\/secure.gravatar.com\/avatar\/be551bd92966b6ea4e7cef2860bff65165267639bb7040b011e243386b977e7b?s=96&d=mm&r=g","caption":"gabi"},"logo":{"@id":"http:\/\/xn--kruterwandern-cfb.at\/#\/schema\/person\/image\/"},"sameAs":["http:\/\/kr\u00e4uterwandern.at"]}]}},"_links":{"self":[{"href":"http:\/\/xn--kruterwandern-cfb.at\/index.php?rest_route=\/wp\/v2\/posts\/2343","targetHints":{"allow":["GET"]}}],"collection":[{"href":"http:\/\/xn--kruterwandern-cfb.at\/index.php?rest_route=\/wp\/v2\/posts"}],"about":[{"href":"http:\/\/xn--kruterwandern-cfb.at\/index.php?rest_route=\/wp\/v2\/types\/post"}],"author":[{"embeddable":true,"href":"http:\/\/xn--kruterwandern-cfb.at\/index.php?rest_route=\/wp\/v2\/users\/1"}],"replies":[{"embeddable":true,"href":"http:\/\/xn--kruterwandern-cfb.at\/index.php?rest_route=%2Fwp%2Fv2%2Fcomments&post=2343"}],"version-history":[{"count":5,"href":"http:\/\/xn--kruterwandern-cfb.at\/index.php?rest_route=\/wp\/v2\/posts\/2343\/revisions"}],"predecessor-version":[{"id":2370,"href":"http:\/\/xn--kruterwandern-cfb.at\/index.php?rest_route=\/wp\/v2\/posts\/2343\/revisions\/2370"}],"wp:attachment":[{"href":"http:\/\/xn--kruterwandern-cfb.at\/index.php?rest_route=%2Fwp%2Fv2%2Fmedia&parent=2343"}],"wp:term":[{"taxonomy":"category","embeddable":true,"href":"http:\/\/xn--kruterwandern-cfb.at\/index.php?rest_route=%2Fwp%2Fv2%2Fcategories&post=2343"},{"taxonomy":"post_tag","embeddable":true,"href":"http:\/\/xn--kruterwandern-cfb.at\/index.php?rest_route=%2Fwp%2Fv2%2Ftags&post=2343"}],"curies":[{"name":"wp","href":"https:\/\/api.w.org\/{rel}","templated":true}]}}