{"id":1899,"date":"2022-05-28T10:52:29","date_gmt":"2022-05-28T10:52:29","guid":{"rendered":"http:\/\/xn--kruterwandern-cfb.at\/?p=1899"},"modified":"2022-05-28T10:52:29","modified_gmt":"2022-05-28T10:52:29","slug":"kraeuterwandern-26-mai-2022","status":"publish","type":"post","link":"http:\/\/xn--kruterwandern-cfb.at\/?p=1899","title":{"rendered":"Kr\u00e4uterwandern 26.Mai 2022"},"content":{"rendered":"<h2>Vom Wiesenrand auf den Teller<\/h2>\n<figure id=\"attachment_1900\" class=\"wp-caption alignnone\" style=\"width: 291px\"><a href=\"http:\/\/xn--kruterwandern-cfb.at\/wp-content\/uploads\/2022\/05\/A-Foto-28.05.22.jpg\"><img loading=\"lazy\" decoding=\"async\" class=\"size-medium wp-image-1900\" src=\"http:\/\/xn--kruterwandern-cfb.at\/wp-content\/uploads\/2022\/05\/A-Foto-28.05.22-291x300.jpg\" alt=\"\" width=\"291\" height=\"300\" srcset=\"http:\/\/xn--kruterwandern-cfb.at\/wp-content\/uploads\/2022\/05\/A-Foto-28.05.22-291x300.jpg 291w, http:\/\/xn--kruterwandern-cfb.at\/wp-content\/uploads\/2022\/05\/A-Foto-28.05.22-993x1024.jpg 993w, http:\/\/xn--kruterwandern-cfb.at\/wp-content\/uploads\/2022\/05\/A-Foto-28.05.22-768x792.jpg 768w, http:\/\/xn--kruterwandern-cfb.at\/wp-content\/uploads\/2022\/05\/A-Foto-28.05.22.jpg 1299w\" sizes=\"auto, (max-width: 291px) 100vw, 291px\" \/><\/a><figcaption class=\"wp-caption-text\">Angelika\/archangelica<\/figcaption><\/figure>\n<figure id=\"attachment_1901\" class=\"wp-caption alignnone\" style=\"width: 300px\"><a href=\"http:\/\/xn--kruterwandern-cfb.at\/wp-content\/uploads\/2022\/05\/B-IMG_0621-scaled.jpg\"><img loading=\"lazy\" decoding=\"async\" class=\"size-medium wp-image-1901\" src=\"http:\/\/xn--kruterwandern-cfb.at\/wp-content\/uploads\/2022\/05\/B-IMG_0621-300x201.jpg\" alt=\"\" width=\"300\" height=\"201\" srcset=\"http:\/\/xn--kruterwandern-cfb.at\/wp-content\/uploads\/2022\/05\/B-IMG_0621-300x201.jpg 300w, http:\/\/xn--kruterwandern-cfb.at\/wp-content\/uploads\/2022\/05\/B-IMG_0621-1024x687.jpg 1024w, http:\/\/xn--kruterwandern-cfb.at\/wp-content\/uploads\/2022\/05\/B-IMG_0621-768x516.jpg 768w, http:\/\/xn--kruterwandern-cfb.at\/wp-content\/uploads\/2022\/05\/B-IMG_0621-1536x1031.jpg 1536w, http:\/\/xn--kruterwandern-cfb.at\/wp-content\/uploads\/2022\/05\/B-IMG_0621-2048x1375.jpg 2048w, http:\/\/xn--kruterwandern-cfb.at\/wp-content\/uploads\/2022\/05\/B-IMG_0621-150x100.jpg 150w\" sizes=\"auto, (max-width: 300px) 100vw, 300px\" \/><\/a><figcaption class=\"wp-caption-text\">Kandierte Engelwurz<\/figcaption><\/figure>\n<figure id=\"attachment_1902\" class=\"wp-caption alignnone\" style=\"width: 300px\"><a href=\"http:\/\/xn--kruterwandern-cfb.at\/wp-content\/uploads\/2022\/05\/C-IMG_0625-scaled.jpg\"><img loading=\"lazy\" decoding=\"async\" class=\"size-medium wp-image-1902\" src=\"http:\/\/xn--kruterwandern-cfb.at\/wp-content\/uploads\/2022\/05\/C-IMG_0625-300x178.jpg\" alt=\"\" width=\"300\" height=\"178\" srcset=\"http:\/\/xn--kruterwandern-cfb.at\/wp-content\/uploads\/2022\/05\/C-IMG_0625-300x178.jpg 300w, http:\/\/xn--kruterwandern-cfb.at\/wp-content\/uploads\/2022\/05\/C-IMG_0625-1024x609.jpg 1024w, http:\/\/xn--kruterwandern-cfb.at\/wp-content\/uploads\/2022\/05\/C-IMG_0625-768x456.jpg 768w, http:\/\/xn--kruterwandern-cfb.at\/wp-content\/uploads\/2022\/05\/C-IMG_0625-1536x913.jpg 1536w, http:\/\/xn--kruterwandern-cfb.at\/wp-content\/uploads\/2022\/05\/C-IMG_0625-2048x1217.jpg 2048w\" sizes=\"auto, (max-width: 300px) 100vw, 300px\" \/><\/a><figcaption class=\"wp-caption-text\">S\u00fcssdolde<\/figcaption><\/figure>\n<p><a href=\"http:\/\/xn--kruterwandern-cfb.at\/wp-content\/uploads\/2022\/05\/D-IMG_0630-scaled.jpg\"><img loading=\"lazy\" decoding=\"async\" class=\"alignnone size-medium wp-image-1903\" src=\"http:\/\/xn--kruterwandern-cfb.at\/wp-content\/uploads\/2022\/05\/D-IMG_0630-300x127.jpg\" alt=\"\" width=\"300\" height=\"127\" srcset=\"http:\/\/xn--kruterwandern-cfb.at\/wp-content\/uploads\/2022\/05\/D-IMG_0630-300x127.jpg 300w, http:\/\/xn--kruterwandern-cfb.at\/wp-content\/uploads\/2022\/05\/D-IMG_0630-1024x435.jpg 1024w, http:\/\/xn--kruterwandern-cfb.at\/wp-content\/uploads\/2022\/05\/D-IMG_0630-768x326.jpg 768w, http:\/\/xn--kruterwandern-cfb.at\/wp-content\/uploads\/2022\/05\/D-IMG_0630-1536x652.jpg 1536w, http:\/\/xn--kruterwandern-cfb.at\/wp-content\/uploads\/2022\/05\/D-IMG_0630-2048x869.jpg 2048w\" sizes=\"auto, (max-width: 300px) 100vw, 300px\" \/><\/a><\/p>\n<p><a href=\"http:\/\/xn--kruterwandern-cfb.at\/wp-content\/uploads\/2022\/05\/E-IMG_0662-scaled.jpg\"><img loading=\"lazy\" decoding=\"async\" class=\"alignnone size-medium wp-image-1904\" src=\"http:\/\/xn--kruterwandern-cfb.at\/wp-content\/uploads\/2022\/05\/E-IMG_0662-300x190.jpg\" alt=\"\" width=\"300\" height=\"190\" srcset=\"http:\/\/xn--kruterwandern-cfb.at\/wp-content\/uploads\/2022\/05\/E-IMG_0662-300x190.jpg 300w, http:\/\/xn--kruterwandern-cfb.at\/wp-content\/uploads\/2022\/05\/E-IMG_0662-1024x650.jpg 1024w, http:\/\/xn--kruterwandern-cfb.at\/wp-content\/uploads\/2022\/05\/E-IMG_0662-768x488.jpg 768w, http:\/\/xn--kruterwandern-cfb.at\/wp-content\/uploads\/2022\/05\/E-IMG_0662-1536x975.jpg 1536w, http:\/\/xn--kruterwandern-cfb.at\/wp-content\/uploads\/2022\/05\/E-IMG_0662-2048x1300.jpg 2048w\" sizes=\"auto, (max-width: 300px) 100vw, 300px\" \/><\/a><\/p>\n<p><a href=\"http:\/\/xn--kruterwandern-cfb.at\/wp-content\/uploads\/2022\/05\/F-IMG_0651-scaled.jpg\"><img loading=\"lazy\" decoding=\"async\" class=\"alignnone size-medium wp-image-1905\" src=\"http:\/\/xn--kruterwandern-cfb.at\/wp-content\/uploads\/2022\/05\/F-IMG_0651-300x194.jpg\" alt=\"\" width=\"300\" height=\"194\" srcset=\"http:\/\/xn--kruterwandern-cfb.at\/wp-content\/uploads\/2022\/05\/F-IMG_0651-300x194.jpg 300w, http:\/\/xn--kruterwandern-cfb.at\/wp-content\/uploads\/2022\/05\/F-IMG_0651-1024x662.jpg 1024w, http:\/\/xn--kruterwandern-cfb.at\/wp-content\/uploads\/2022\/05\/F-IMG_0651-768x497.jpg 768w, http:\/\/xn--kruterwandern-cfb.at\/wp-content\/uploads\/2022\/05\/F-IMG_0651-1536x993.jpg 1536w, http:\/\/xn--kruterwandern-cfb.at\/wp-content\/uploads\/2022\/05\/F-IMG_0651-2048x1324.jpg 2048w\" sizes=\"auto, (max-width: 300px) 100vw, 300px\" \/><\/a><\/p>\n<p><a href=\"http:\/\/xn--kruterwandern-cfb.at\/wp-content\/uploads\/2022\/05\/G-IMG_0661-scaled.jpg\"><img loading=\"lazy\" decoding=\"async\" class=\"alignnone size-medium wp-image-1906\" src=\"http:\/\/xn--kruterwandern-cfb.at\/wp-content\/uploads\/2022\/05\/G-IMG_0661-300x171.jpg\" alt=\"\" width=\"300\" height=\"171\" srcset=\"http:\/\/xn--kruterwandern-cfb.at\/wp-content\/uploads\/2022\/05\/G-IMG_0661-300x171.jpg 300w, http:\/\/xn--kruterwandern-cfb.at\/wp-content\/uploads\/2022\/05\/G-IMG_0661-1024x583.jpg 1024w, http:\/\/xn--kruterwandern-cfb.at\/wp-content\/uploads\/2022\/05\/G-IMG_0661-768x437.jpg 768w, http:\/\/xn--kruterwandern-cfb.at\/wp-content\/uploads\/2022\/05\/G-IMG_0661-1536x874.jpg 1536w, http:\/\/xn--kruterwandern-cfb.at\/wp-content\/uploads\/2022\/05\/G-IMG_0661-2048x1166.jpg 2048w\" sizes=\"auto, (max-width: 300px) 100vw, 300px\" \/><\/a><\/p>\n<figure id=\"attachment_1907\" class=\"wp-caption alignnone\" style=\"width: 300px\"><a href=\"http:\/\/xn--kruterwandern-cfb.at\/wp-content\/uploads\/2022\/05\/H-IMG_0665-scaled.jpg\"><img loading=\"lazy\" decoding=\"async\" class=\"size-medium wp-image-1907\" src=\"http:\/\/xn--kruterwandern-cfb.at\/wp-content\/uploads\/2022\/05\/H-IMG_0665-300x225.jpg\" alt=\"\" width=\"300\" height=\"225\" srcset=\"http:\/\/xn--kruterwandern-cfb.at\/wp-content\/uploads\/2022\/05\/H-IMG_0665-300x225.jpg 300w, http:\/\/xn--kruterwandern-cfb.at\/wp-content\/uploads\/2022\/05\/H-IMG_0665-1024x768.jpg 1024w, http:\/\/xn--kruterwandern-cfb.at\/wp-content\/uploads\/2022\/05\/H-IMG_0665-768x576.jpg 768w, http:\/\/xn--kruterwandern-cfb.at\/wp-content\/uploads\/2022\/05\/H-IMG_0665-1536x1152.jpg 1536w, http:\/\/xn--kruterwandern-cfb.at\/wp-content\/uploads\/2022\/05\/H-IMG_0665-2048x1536.jpg 2048w\" sizes=\"auto, (max-width: 300px) 100vw, 300px\" \/><\/a><figcaption class=\"wp-caption-text\">Frauenmantel<\/figcaption><\/figure>\n<figure id=\"attachment_1908\" class=\"wp-caption alignnone\" style=\"width: 300px\"><a href=\"http:\/\/xn--kruterwandern-cfb.at\/wp-content\/uploads\/2022\/05\/IMG_0667-scaled.jpg\"><img loading=\"lazy\" decoding=\"async\" class=\"size-medium wp-image-1908\" src=\"http:\/\/xn--kruterwandern-cfb.at\/wp-content\/uploads\/2022\/05\/IMG_0667-300x209.jpg\" alt=\"\" width=\"300\" height=\"209\" srcset=\"http:\/\/xn--kruterwandern-cfb.at\/wp-content\/uploads\/2022\/05\/IMG_0667-300x209.jpg 300w, http:\/\/xn--kruterwandern-cfb.at\/wp-content\/uploads\/2022\/05\/IMG_0667-1024x715.jpg 1024w, http:\/\/xn--kruterwandern-cfb.at\/wp-content\/uploads\/2022\/05\/IMG_0667-768x536.jpg 768w, http:\/\/xn--kruterwandern-cfb.at\/wp-content\/uploads\/2022\/05\/IMG_0667-1536x1072.jpg 1536w, http:\/\/xn--kruterwandern-cfb.at\/wp-content\/uploads\/2022\/05\/IMG_0667-2048x1429.jpg 2048w\" sizes=\"auto, (max-width: 300px) 100vw, 300px\" \/><\/a><figcaption class=\"wp-caption-text\">Hollerbl\u00fcte<\/figcaption><\/figure>\n<figure id=\"attachment_1909\" class=\"wp-caption alignnone\" style=\"width: 225px\"><a href=\"http:\/\/xn--kruterwandern-cfb.at\/wp-content\/uploads\/2022\/05\/IMG_0669-scaled.jpg\"><img loading=\"lazy\" decoding=\"async\" class=\"size-medium wp-image-1909\" src=\"http:\/\/xn--kruterwandern-cfb.at\/wp-content\/uploads\/2022\/05\/IMG_0669-225x300.jpg\" alt=\"\" width=\"225\" height=\"300\" srcset=\"http:\/\/xn--kruterwandern-cfb.at\/wp-content\/uploads\/2022\/05\/IMG_0669-225x300.jpg 225w, http:\/\/xn--kruterwandern-cfb.at\/wp-content\/uploads\/2022\/05\/IMG_0669-768x1024.jpg 768w, http:\/\/xn--kruterwandern-cfb.at\/wp-content\/uploads\/2022\/05\/IMG_0669-1152x1536.jpg 1152w, http:\/\/xn--kruterwandern-cfb.at\/wp-content\/uploads\/2022\/05\/IMG_0669-1536x2048.jpg 1536w, http:\/\/xn--kruterwandern-cfb.at\/wp-content\/uploads\/2022\/05\/IMG_0669-scaled.jpg 1920w\" sizes=\"auto, (max-width: 225px) 100vw, 225px\" \/><\/a><figcaption class=\"wp-caption-text\">Waldengelwurz<\/figcaption><\/figure>\n<p><a href=\"http:\/\/xn--kruterwandern-cfb.at\/wp-content\/uploads\/2022\/05\/IMG_0670-scaled.jpg\"><img loading=\"lazy\" decoding=\"async\" class=\"alignnone size-medium wp-image-1910\" src=\"http:\/\/xn--kruterwandern-cfb.at\/wp-content\/uploads\/2022\/05\/IMG_0670-238x300.jpg\" alt=\"\" width=\"238\" height=\"300\" srcset=\"http:\/\/xn--kruterwandern-cfb.at\/wp-content\/uploads\/2022\/05\/IMG_0670-238x300.jpg 238w, http:\/\/xn--kruterwandern-cfb.at\/wp-content\/uploads\/2022\/05\/IMG_0670-812x1024.jpg 812w, http:\/\/xn--kruterwandern-cfb.at\/wp-content\/uploads\/2022\/05\/IMG_0670-768x968.jpg 768w, http:\/\/xn--kruterwandern-cfb.at\/wp-content\/uploads\/2022\/05\/IMG_0670-1218x1536.jpg 1218w, http:\/\/xn--kruterwandern-cfb.at\/wp-content\/uploads\/2022\/05\/IMG_0670-1625x2048.jpg 1625w, http:\/\/xn--kruterwandern-cfb.at\/wp-content\/uploads\/2022\/05\/IMG_0670-scaled.jpg 2031w\" sizes=\"auto, (max-width: 238px) 100vw, 238px\" \/><\/a><\/p>\n<figure id=\"attachment_1911\" class=\"wp-caption alignnone\" style=\"width: 300px\"><a href=\"http:\/\/xn--kruterwandern-cfb.at\/wp-content\/uploads\/2022\/05\/IMG_0671-scaled.jpg\"><img loading=\"lazy\" decoding=\"async\" class=\"size-medium wp-image-1911\" src=\"http:\/\/xn--kruterwandern-cfb.at\/wp-content\/uploads\/2022\/05\/IMG_0671-300x250.jpg\" alt=\"\" width=\"300\" height=\"250\" srcset=\"http:\/\/xn--kruterwandern-cfb.at\/wp-content\/uploads\/2022\/05\/IMG_0671-300x250.jpg 300w, http:\/\/xn--kruterwandern-cfb.at\/wp-content\/uploads\/2022\/05\/IMG_0671-1024x854.jpg 1024w, http:\/\/xn--kruterwandern-cfb.at\/wp-content\/uploads\/2022\/05\/IMG_0671-768x640.jpg 768w, http:\/\/xn--kruterwandern-cfb.at\/wp-content\/uploads\/2022\/05\/IMG_0671-1536x1281.jpg 1536w, http:\/\/xn--kruterwandern-cfb.at\/wp-content\/uploads\/2022\/05\/IMG_0671-2048x1708.jpg 2048w\" sizes=\"auto, (max-width: 300px) 100vw, 300px\" \/><\/a><figcaption class=\"wp-caption-text\">Baldrian<\/figcaption><\/figure>\n<figure id=\"attachment_1912\" class=\"wp-caption alignnone\" style=\"width: 300px\"><a href=\"http:\/\/xn--kruterwandern-cfb.at\/wp-content\/uploads\/2022\/05\/IMG_0673.jpg\"><img loading=\"lazy\" decoding=\"async\" class=\"size-medium wp-image-1912\" src=\"http:\/\/xn--kruterwandern-cfb.at\/wp-content\/uploads\/2022\/05\/IMG_0673-300x196.jpg\" alt=\"\" width=\"300\" height=\"196\" srcset=\"http:\/\/xn--kruterwandern-cfb.at\/wp-content\/uploads\/2022\/05\/IMG_0673-300x196.jpg 300w, http:\/\/xn--kruterwandern-cfb.at\/wp-content\/uploads\/2022\/05\/IMG_0673-1024x669.jpg 1024w, http:\/\/xn--kruterwandern-cfb.at\/wp-content\/uploads\/2022\/05\/IMG_0673-768x502.jpg 768w, http:\/\/xn--kruterwandern-cfb.at\/wp-content\/uploads\/2022\/05\/IMG_0673.jpg 1294w\" sizes=\"auto, (max-width: 300px) 100vw, 300px\" \/><\/a><figcaption class=\"wp-caption-text\">Vogelmiere<\/figcaption><\/figure>\n<p>&nbsp;<\/p>\n<p><a href=\"http:\/\/xn--kruterwandern-cfb.at\/wp-content\/uploads\/2022\/05\/IMG_0679-scaled.jpg\"><img loading=\"lazy\" decoding=\"async\" class=\"alignnone size-medium wp-image-1913\" src=\"http:\/\/xn--kruterwandern-cfb.at\/wp-content\/uploads\/2022\/05\/IMG_0679-300x217.jpg\" alt=\"\" width=\"300\" height=\"217\" srcset=\"http:\/\/xn--kruterwandern-cfb.at\/wp-content\/uploads\/2022\/05\/IMG_0679-300x217.jpg 300w, http:\/\/xn--kruterwandern-cfb.at\/wp-content\/uploads\/2022\/05\/IMG_0679-1024x741.jpg 1024w, http:\/\/xn--kruterwandern-cfb.at\/wp-content\/uploads\/2022\/05\/IMG_0679-768x555.jpg 768w, http:\/\/xn--kruterwandern-cfb.at\/wp-content\/uploads\/2022\/05\/IMG_0679-1536x1111.jpg 1536w, http:\/\/xn--kruterwandern-cfb.at\/wp-content\/uploads\/2022\/05\/IMG_0679-2048x1481.jpg 2048w\" sizes=\"auto, (max-width: 300px) 100vw, 300px\" \/><\/a><\/p>\n<p><a href=\"http:\/\/xn--kruterwandern-cfb.at\/wp-content\/uploads\/2022\/05\/IMG_0684-scaled.jpg\"><img loading=\"lazy\" decoding=\"async\" class=\"alignnone size-medium wp-image-1914\" src=\"http:\/\/xn--kruterwandern-cfb.at\/wp-content\/uploads\/2022\/05\/IMG_0684-300x244.jpg\" alt=\"\" width=\"300\" height=\"244\" srcset=\"http:\/\/xn--kruterwandern-cfb.at\/wp-content\/uploads\/2022\/05\/IMG_0684-300x244.jpg 300w, http:\/\/xn--kruterwandern-cfb.at\/wp-content\/uploads\/2022\/05\/IMG_0684-1024x834.jpg 1024w, http:\/\/xn--kruterwandern-cfb.at\/wp-content\/uploads\/2022\/05\/IMG_0684-768x626.jpg 768w, http:\/\/xn--kruterwandern-cfb.at\/wp-content\/uploads\/2022\/05\/IMG_0684-1536x1251.jpg 1536w, http:\/\/xn--kruterwandern-cfb.at\/wp-content\/uploads\/2022\/05\/IMG_0684-2048x1668.jpg 2048w\" sizes=\"auto, (max-width: 300px) 100vw, 300px\" \/><\/a><\/p>\n<p><a href=\"http:\/\/xn--kruterwandern-cfb.at\/wp-content\/uploads\/2022\/05\/IMG_0691-scaled.jpg\"><img loading=\"lazy\" decoding=\"async\" class=\"alignnone size-medium wp-image-1915\" src=\"http:\/\/xn--kruterwandern-cfb.at\/wp-content\/uploads\/2022\/05\/IMG_0691-300x207.jpg\" alt=\"\" width=\"300\" height=\"207\" srcset=\"http:\/\/xn--kruterwandern-cfb.at\/wp-content\/uploads\/2022\/05\/IMG_0691-300x207.jpg 300w, http:\/\/xn--kruterwandern-cfb.at\/wp-content\/uploads\/2022\/05\/IMG_0691-1024x705.jpg 1024w, http:\/\/xn--kruterwandern-cfb.at\/wp-content\/uploads\/2022\/05\/IMG_0691-768x529.jpg 768w, http:\/\/xn--kruterwandern-cfb.at\/wp-content\/uploads\/2022\/05\/IMG_0691-1536x1058.jpg 1536w, http:\/\/xn--kruterwandern-cfb.at\/wp-content\/uploads\/2022\/05\/IMG_0691-2048x1411.jpg 2048w\" sizes=\"auto, (max-width: 300px) 100vw, 300px\" \/><\/a><\/p>\n<p><a href=\"http:\/\/xn--kruterwandern-cfb.at\/wp-content\/uploads\/2022\/05\/IMG_0694-scaled.jpg\"><img loading=\"lazy\" decoding=\"async\" class=\"alignnone size-medium wp-image-1916\" src=\"http:\/\/xn--kruterwandern-cfb.at\/wp-content\/uploads\/2022\/05\/IMG_0694-255x300.jpg\" alt=\"\" width=\"255\" height=\"300\" srcset=\"http:\/\/xn--kruterwandern-cfb.at\/wp-content\/uploads\/2022\/05\/IMG_0694-255x300.jpg 255w, http:\/\/xn--kruterwandern-cfb.at\/wp-content\/uploads\/2022\/05\/IMG_0694-872x1024.jpg 872w, http:\/\/xn--kruterwandern-cfb.at\/wp-content\/uploads\/2022\/05\/IMG_0694-768x902.jpg 768w, http:\/\/xn--kruterwandern-cfb.at\/wp-content\/uploads\/2022\/05\/IMG_0694-1308x1536.jpg 1308w, http:\/\/xn--kruterwandern-cfb.at\/wp-content\/uploads\/2022\/05\/IMG_0694-1744x2048.jpg 1744w\" sizes=\"auto, (max-width: 255px) 100vw, 255px\" \/><\/a><\/p>\n<p>&nbsp;<\/p>\n<h2>Rezept<\/h2>\n<h3 align=\"left\"><span style=\"color: #000000;\"><span style=\"font-family: Times New Roman, Times New Roman PSMT, serif;\"><span style=\"font-size: medium;\"><b>Wildkr\u00e4utermalfatti<\/b><\/span><\/span><\/span><\/h3>\n<p align=\"left\"><span style=\"color: #000000;\"><span style=\"font-family: Times New Roman, Times New Roman PSMT, serif;\"><span style=\"font-size: medium;\">3 ganze Eier, 25 dag Ricotta, 20 dag Mehl, 8 dag geriebener Parmesan, 1 TL Salz, Pfeffer, Muskat, 30 bis 50 dag<\/span><\/span><\/span><span style=\"color: #000000;\"><span style=\"font-family: Times New Roman, Times New Roman PSMT, serif;\"><span style=\"font-size: medium;\">\u00a0Brennnessel, Giersch, Vogelmiere, Sauerampfer, L\u00f6wenzahnbl\u00e4tter, B\u00e4rlauch, Schnittlauch, Kerbel, Gundelrebe, Spitzwegerich&#8230;.<\/span><\/span><\/span><\/p>\n<p align=\"left\"><strong><span style=\"color: #000000;\"><span style=\"font-family: Times New Roman, Times New Roman PSMT, serif;\"><span style=\"font-size: medium;\">Zubereitung<\/span><\/span><\/span><\/strong><\/p>\n<p align=\"left\"><span style=\"color: #000000;\"><span style=\"font-family: Times New Roman, Times New Roman PSMT, serif;\"><span style=\"font-size: medium;\">Brennnessel planchieren, in Eiswasser abschrecken und kleinschneiden. Sodann mit den anderen frischen Kr\u00e4utern und den restlichen Zutaten vermischen. 10 Minuten rasten lassen.\u00a0 \u00a0Nockerl in gew\u00fcnschter Gr\u00f6\u00dfe\u00a0 formen und in hei\u00dfem Salzwasser ca. 10 Minuten ziehen lassen.<\/span><\/span><\/span><\/p>\n<p align=\"left\"><span style=\"color: #000000;\"><span style=\"font-family: Times New Roman, Times New Roman PSMT, serif;\"><span style=\"font-size: medium;\">Mit Parmesan bestreuen und mit hei\u00dfer Butter \u00fcbergie\u00dfen oder mit einer K\u00e4seso\u00dfe servieren.<\/span><\/span><\/span><\/p>\n<p align=\"left\"><span style=\"color: #000000;\"><span style=\"font-family: Times New Roman, Times New Roman PSMT, serif;\"><span style=\"font-size: medium;\">Malfatti hei\u00dft \u00fcbrigens \u201eschlecht gemacht\u201c, da die Nockerln nicht exakt geformt sein m\u00fcssen.<\/span><\/span><\/span><\/p>\n<div class=\"mceTemp\"><\/div>\n","protected":false},"excerpt":{"rendered":"<p>Vom Wiesenrand auf den Teller &nbsp; &nbsp; Rezept Wildkr\u00e4utermalfatti 3 ganze Eier, 25 dag Ricotta, 20 dag Mehl, 8 dag geriebener Parmesan, 1 TL Salz, Pfeffer, Muskat, 30 bis 50 dag\u00a0Brennnessel, Giersch, Vogelmiere, Sauerampfer, L\u00f6wenzahnbl\u00e4tter, B\u00e4rlauch, Schnittlauch, Kerbel, Gundelrebe, Spitzwegerich&#8230;. Zubereitung Brennnessel planchieren, in Eiswasser abschrecken und kleinschneiden. Sodann mit&nbsp; <a href=\"http:\/\/xn--kruterwandern-cfb.at\/?p=1899\" title=\"Read more Kr\u00e4uterwandern 26.Mai 2022\">Read more &raquo;<\/a><\/p>\n","protected":false},"author":1,"featured_media":0,"comment_status":"closed","ping_status":"closed","sticky":false,"template":"","format":"standard","meta":{"footnotes":""},"categories":[1,56],"tags":[290,145,216,289,291],"class_list":["post-1899","post","type-post","status-publish","format-standard","hentry","category-allgemein","category-rezept-2","tag-btrennnessel","tag-engelwurz","tag-holunder","tag-malfatti","tag-waldengelwurz"],"yoast_head":"<!-- This site is optimized with the Yoast SEO plugin v24.9 - https:\/\/yoast.com\/wordpress\/plugins\/seo\/ -->\n<title>Kr\u00e4uterwandern 26.Mai 2022 - Kr\u00e4uterwandern mit allen Sinnen<\/title>\n<meta name=\"robots\" content=\"index, follow, max-snippet:-1, max-image-preview:large, max-video-preview:-1\" \/>\n<link rel=\"canonical\" href=\"http:\/\/xn--kruterwandern-cfb.at\/?p=1899\" \/>\n<meta property=\"og:locale\" content=\"de_DE\" \/>\n<meta property=\"og:type\" content=\"article\" \/>\n<meta property=\"og:title\" content=\"Kr\u00e4uterwandern 26.Mai 2022 - Kr\u00e4uterwandern mit allen Sinnen\" \/>\n<meta property=\"og:description\" content=\"Vom Wiesenrand auf den Teller &nbsp; &nbsp; Rezept Wildkr\u00e4utermalfatti 3 ganze Eier, 25 dag Ricotta, 20 dag Mehl, 8 dag geriebener Parmesan, 1 TL Salz, Pfeffer, Muskat, 30 bis 50 dag\u00a0Brennnessel, Giersch, Vogelmiere, Sauerampfer, L\u00f6wenzahnbl\u00e4tter, B\u00e4rlauch, Schnittlauch, Kerbel, Gundelrebe, Spitzwegerich&#8230;. Zubereitung Brennnessel planchieren, in Eiswasser abschrecken und kleinschneiden. Sodann mit&nbsp; Read more &raquo;\" \/>\n<meta property=\"og:url\" content=\"http:\/\/xn--kruterwandern-cfb.at\/?p=1899\" \/>\n<meta property=\"og:site_name\" content=\"Kr\u00e4uterwandern mit allen Sinnen\" \/>\n<meta property=\"article:published_time\" content=\"2022-05-28T10:52:29+00:00\" \/>\n<meta property=\"og:image\" content=\"http:\/\/xn--kruterwandern-cfb.at\/wp-content\/uploads\/2022\/05\/A-Foto-28.05.22-291x300.jpg\" \/>\n<meta name=\"author\" content=\"gabi\" \/>\n<meta name=\"twitter:label1\" content=\"Verfasst von\" \/>\n\t<meta name=\"twitter:data1\" content=\"gabi\" \/>\n\t<meta name=\"twitter:label2\" content=\"Gesch\u00e4tzte Lesezeit\" \/>\n\t<meta name=\"twitter:data2\" content=\"1\u00a0Minute\" \/>\n<script type=\"application\/ld+json\" class=\"yoast-schema-graph\">{\"@context\":\"https:\/\/schema.org\",\"@graph\":[{\"@type\":\"Article\",\"@id\":\"http:\/\/xn--kruterwandern-cfb.at\/?p=1899#article\",\"isPartOf\":{\"@id\":\"http:\/\/xn--kruterwandern-cfb.at\/?p=1899\"},\"author\":{\"name\":\"gabi\",\"@id\":\"http:\/\/xn--kruterwandern-cfb.at\/#\/schema\/person\/149b5780cd8d441bdff00c83a20a8c72\"},\"headline\":\"Kr\u00e4uterwandern 26.Mai 2022\",\"datePublished\":\"2022-05-28T10:52:29+00:00\",\"mainEntityOfPage\":{\"@id\":\"http:\/\/xn--kruterwandern-cfb.at\/?p=1899\"},\"wordCount\":180,\"publisher\":{\"@id\":\"http:\/\/xn--kruterwandern-cfb.at\/#\/schema\/person\/149b5780cd8d441bdff00c83a20a8c72\"},\"image\":{\"@id\":\"http:\/\/xn--kruterwandern-cfb.at\/?p=1899#primaryimage\"},\"thumbnailUrl\":\"http:\/\/xn--kruterwandern-cfb.at\/wp-content\/uploads\/2022\/05\/A-Foto-28.05.22-291x300.jpg\",\"keywords\":[\"Btrennnessel\",\"Engelwurz\",\"Holunder\",\"Malfatti\",\"Waldengelwurz\"],\"articleSection\":{\"1\":\"Rezepte\"},\"inLanguage\":\"de\"},{\"@type\":\"WebPage\",\"@id\":\"http:\/\/xn--kruterwandern-cfb.at\/?p=1899\",\"url\":\"http:\/\/xn--kruterwandern-cfb.at\/?p=1899\",\"name\":\"Kr\u00e4uterwandern 26.Mai 2022 - Kr\u00e4uterwandern mit allen Sinnen\",\"isPartOf\":{\"@id\":\"http:\/\/xn--kruterwandern-cfb.at\/#website\"},\"primaryImageOfPage\":{\"@id\":\"http:\/\/xn--kruterwandern-cfb.at\/?p=1899#primaryimage\"},\"image\":{\"@id\":\"http:\/\/xn--kruterwandern-cfb.at\/?p=1899#primaryimage\"},\"thumbnailUrl\":\"http:\/\/xn--kruterwandern-cfb.at\/wp-content\/uploads\/2022\/05\/A-Foto-28.05.22-291x300.jpg\",\"datePublished\":\"2022-05-28T10:52:29+00:00\",\"breadcrumb\":{\"@id\":\"http:\/\/xn--kruterwandern-cfb.at\/?p=1899#breadcrumb\"},\"inLanguage\":\"de\",\"potentialAction\":[{\"@type\":\"ReadAction\",\"target\":[\"http:\/\/xn--kruterwandern-cfb.at\/?p=1899\"]}]},{\"@type\":\"ImageObject\",\"inLanguage\":\"de\",\"@id\":\"http:\/\/xn--kruterwandern-cfb.at\/?p=1899#primaryimage\",\"url\":\"http:\/\/xn--kruterwandern-cfb.at\/wp-content\/uploads\/2022\/05\/A-Foto-28.05.22.jpg\",\"contentUrl\":\"http:\/\/xn--kruterwandern-cfb.at\/wp-content\/uploads\/2022\/05\/A-Foto-28.05.22.jpg\",\"width\":1299,\"height\":1340,\"caption\":\"Angelika\/archangelica\"},{\"@type\":\"BreadcrumbList\",\"@id\":\"http:\/\/xn--kruterwandern-cfb.at\/?p=1899#breadcrumb\",\"itemListElement\":[{\"@type\":\"ListItem\",\"position\":1,\"name\":\"Home\",\"item\":\"http:\/\/xn--kruterwandern-cfb.at\/\"},{\"@type\":\"ListItem\",\"position\":2,\"name\":\"Kr\u00e4uterwandern 26.Mai 2022\"}]},{\"@type\":\"WebSite\",\"@id\":\"http:\/\/xn--kruterwandern-cfb.at\/#website\",\"url\":\"http:\/\/xn--kruterwandern-cfb.at\/\",\"name\":\"Kr\u00e4uterwandern mit allen Sinnen\",\"description\":\"Kr\u00e4uterwandern mit Kr\u00e4uterp\u00e4dagogin Gabriele Inzinger in \u00d6sterreich, K\u00e4rnten, Mittelk\u00e4rnten, Umgebung St. Veit an der Glan, Ulrichsberg, Projern\",\"publisher\":{\"@id\":\"http:\/\/xn--kruterwandern-cfb.at\/#\/schema\/person\/149b5780cd8d441bdff00c83a20a8c72\"},\"potentialAction\":[{\"@type\":\"SearchAction\",\"target\":{\"@type\":\"EntryPoint\",\"urlTemplate\":\"http:\/\/xn--kruterwandern-cfb.at\/?s={search_term_string}\"},\"query-input\":{\"@type\":\"PropertyValueSpecification\",\"valueRequired\":true,\"valueName\":\"search_term_string\"}}],\"inLanguage\":\"de\"},{\"@type\":[\"Person\",\"Organization\"],\"@id\":\"http:\/\/xn--kruterwandern-cfb.at\/#\/schema\/person\/149b5780cd8d441bdff00c83a20a8c72\",\"name\":\"gabi\",\"image\":{\"@type\":\"ImageObject\",\"inLanguage\":\"de\",\"@id\":\"http:\/\/xn--kruterwandern-cfb.at\/#\/schema\/person\/image\/\",\"url\":\"https:\/\/secure.gravatar.com\/avatar\/be551bd92966b6ea4e7cef2860bff65165267639bb7040b011e243386b977e7b?s=96&d=mm&r=g\",\"contentUrl\":\"https:\/\/secure.gravatar.com\/avatar\/be551bd92966b6ea4e7cef2860bff65165267639bb7040b011e243386b977e7b?s=96&d=mm&r=g\",\"caption\":\"gabi\"},\"logo\":{\"@id\":\"http:\/\/xn--kruterwandern-cfb.at\/#\/schema\/person\/image\/\"},\"sameAs\":[\"http:\/\/kr\u00e4uterwandern.at\"]}]}<\/script>\n<!-- \/ Yoast SEO plugin. -->","yoast_head_json":{"title":"Kr\u00e4uterwandern 26.Mai 2022 - Kr\u00e4uterwandern mit allen Sinnen","robots":{"index":"index","follow":"follow","max-snippet":"max-snippet:-1","max-image-preview":"max-image-preview:large","max-video-preview":"max-video-preview:-1"},"canonical":"http:\/\/xn--kruterwandern-cfb.at\/?p=1899","og_locale":"de_DE","og_type":"article","og_title":"Kr\u00e4uterwandern 26.Mai 2022 - Kr\u00e4uterwandern mit allen Sinnen","og_description":"Vom Wiesenrand auf den Teller &nbsp; &nbsp; Rezept Wildkr\u00e4utermalfatti 3 ganze Eier, 25 dag Ricotta, 20 dag Mehl, 8 dag geriebener Parmesan, 1 TL Salz, Pfeffer, Muskat, 30 bis 50 dag\u00a0Brennnessel, Giersch, Vogelmiere, Sauerampfer, L\u00f6wenzahnbl\u00e4tter, B\u00e4rlauch, Schnittlauch, Kerbel, Gundelrebe, Spitzwegerich&#8230;. Zubereitung Brennnessel planchieren, in Eiswasser abschrecken und kleinschneiden. Sodann mit&nbsp; Read more &raquo;","og_url":"http:\/\/xn--kruterwandern-cfb.at\/?p=1899","og_site_name":"Kr\u00e4uterwandern mit allen Sinnen","article_published_time":"2022-05-28T10:52:29+00:00","og_image":[{"url":"http:\/\/xn--kruterwandern-cfb.at\/wp-content\/uploads\/2022\/05\/A-Foto-28.05.22-291x300.jpg","type":"","width":"","height":""}],"author":"gabi","twitter_misc":{"Verfasst von":"gabi","Gesch\u00e4tzte Lesezeit":"1\u00a0Minute"},"schema":{"@context":"https:\/\/schema.org","@graph":[{"@type":"Article","@id":"http:\/\/xn--kruterwandern-cfb.at\/?p=1899#article","isPartOf":{"@id":"http:\/\/xn--kruterwandern-cfb.at\/?p=1899"},"author":{"name":"gabi","@id":"http:\/\/xn--kruterwandern-cfb.at\/#\/schema\/person\/149b5780cd8d441bdff00c83a20a8c72"},"headline":"Kr\u00e4uterwandern 26.Mai 2022","datePublished":"2022-05-28T10:52:29+00:00","mainEntityOfPage":{"@id":"http:\/\/xn--kruterwandern-cfb.at\/?p=1899"},"wordCount":180,"publisher":{"@id":"http:\/\/xn--kruterwandern-cfb.at\/#\/schema\/person\/149b5780cd8d441bdff00c83a20a8c72"},"image":{"@id":"http:\/\/xn--kruterwandern-cfb.at\/?p=1899#primaryimage"},"thumbnailUrl":"http:\/\/xn--kruterwandern-cfb.at\/wp-content\/uploads\/2022\/05\/A-Foto-28.05.22-291x300.jpg","keywords":["Btrennnessel","Engelwurz","Holunder","Malfatti","Waldengelwurz"],"articleSection":{"1":"Rezepte"},"inLanguage":"de"},{"@type":"WebPage","@id":"http:\/\/xn--kruterwandern-cfb.at\/?p=1899","url":"http:\/\/xn--kruterwandern-cfb.at\/?p=1899","name":"Kr\u00e4uterwandern 26.Mai 2022 - Kr\u00e4uterwandern mit allen Sinnen","isPartOf":{"@id":"http:\/\/xn--kruterwandern-cfb.at\/#website"},"primaryImageOfPage":{"@id":"http:\/\/xn--kruterwandern-cfb.at\/?p=1899#primaryimage"},"image":{"@id":"http:\/\/xn--kruterwandern-cfb.at\/?p=1899#primaryimage"},"thumbnailUrl":"http:\/\/xn--kruterwandern-cfb.at\/wp-content\/uploads\/2022\/05\/A-Foto-28.05.22-291x300.jpg","datePublished":"2022-05-28T10:52:29+00:00","breadcrumb":{"@id":"http:\/\/xn--kruterwandern-cfb.at\/?p=1899#breadcrumb"},"inLanguage":"de","potentialAction":[{"@type":"ReadAction","target":["http:\/\/xn--kruterwandern-cfb.at\/?p=1899"]}]},{"@type":"ImageObject","inLanguage":"de","@id":"http:\/\/xn--kruterwandern-cfb.at\/?p=1899#primaryimage","url":"http:\/\/xn--kruterwandern-cfb.at\/wp-content\/uploads\/2022\/05\/A-Foto-28.05.22.jpg","contentUrl":"http:\/\/xn--kruterwandern-cfb.at\/wp-content\/uploads\/2022\/05\/A-Foto-28.05.22.jpg","width":1299,"height":1340,"caption":"Angelika\/archangelica"},{"@type":"BreadcrumbList","@id":"http:\/\/xn--kruterwandern-cfb.at\/?p=1899#breadcrumb","itemListElement":[{"@type":"ListItem","position":1,"name":"Home","item":"http:\/\/xn--kruterwandern-cfb.at\/"},{"@type":"ListItem","position":2,"name":"Kr\u00e4uterwandern 26.Mai 2022"}]},{"@type":"WebSite","@id":"http:\/\/xn--kruterwandern-cfb.at\/#website","url":"http:\/\/xn--kruterwandern-cfb.at\/","name":"Kr\u00e4uterwandern mit allen Sinnen","description":"Kr\u00e4uterwandern mit Kr\u00e4uterp\u00e4dagogin Gabriele Inzinger in \u00d6sterreich, K\u00e4rnten, Mittelk\u00e4rnten, Umgebung St. Veit an der Glan, Ulrichsberg, Projern","publisher":{"@id":"http:\/\/xn--kruterwandern-cfb.at\/#\/schema\/person\/149b5780cd8d441bdff00c83a20a8c72"},"potentialAction":[{"@type":"SearchAction","target":{"@type":"EntryPoint","urlTemplate":"http:\/\/xn--kruterwandern-cfb.at\/?s={search_term_string}"},"query-input":{"@type":"PropertyValueSpecification","valueRequired":true,"valueName":"search_term_string"}}],"inLanguage":"de"},{"@type":["Person","Organization"],"@id":"http:\/\/xn--kruterwandern-cfb.at\/#\/schema\/person\/149b5780cd8d441bdff00c83a20a8c72","name":"gabi","image":{"@type":"ImageObject","inLanguage":"de","@id":"http:\/\/xn--kruterwandern-cfb.at\/#\/schema\/person\/image\/","url":"https:\/\/secure.gravatar.com\/avatar\/be551bd92966b6ea4e7cef2860bff65165267639bb7040b011e243386b977e7b?s=96&d=mm&r=g","contentUrl":"https:\/\/secure.gravatar.com\/avatar\/be551bd92966b6ea4e7cef2860bff65165267639bb7040b011e243386b977e7b?s=96&d=mm&r=g","caption":"gabi"},"logo":{"@id":"http:\/\/xn--kruterwandern-cfb.at\/#\/schema\/person\/image\/"},"sameAs":["http:\/\/kr\u00e4uterwandern.at"]}]}},"_links":{"self":[{"href":"http:\/\/xn--kruterwandern-cfb.at\/index.php?rest_route=\/wp\/v2\/posts\/1899","targetHints":{"allow":["GET"]}}],"collection":[{"href":"http:\/\/xn--kruterwandern-cfb.at\/index.php?rest_route=\/wp\/v2\/posts"}],"about":[{"href":"http:\/\/xn--kruterwandern-cfb.at\/index.php?rest_route=\/wp\/v2\/types\/post"}],"author":[{"embeddable":true,"href":"http:\/\/xn--kruterwandern-cfb.at\/index.php?rest_route=\/wp\/v2\/users\/1"}],"replies":[{"embeddable":true,"href":"http:\/\/xn--kruterwandern-cfb.at\/index.php?rest_route=%2Fwp%2Fv2%2Fcomments&post=1899"}],"version-history":[{"count":5,"href":"http:\/\/xn--kruterwandern-cfb.at\/index.php?rest_route=\/wp\/v2\/posts\/1899\/revisions"}],"predecessor-version":[{"id":1921,"href":"http:\/\/xn--kruterwandern-cfb.at\/index.php?rest_route=\/wp\/v2\/posts\/1899\/revisions\/1921"}],"wp:attachment":[{"href":"http:\/\/xn--kruterwandern-cfb.at\/index.php?rest_route=%2Fwp%2Fv2%2Fmedia&parent=1899"}],"wp:term":[{"taxonomy":"category","embeddable":true,"href":"http:\/\/xn--kruterwandern-cfb.at\/index.php?rest_route=%2Fwp%2Fv2%2Fcategories&post=1899"},{"taxonomy":"post_tag","embeddable":true,"href":"http:\/\/xn--kruterwandern-cfb.at\/index.php?rest_route=%2Fwp%2Fv2%2Ftags&post=1899"}],"curies":[{"name":"wp","href":"https:\/\/api.w.org\/{rel}","templated":true}]}}