{"id":1853,"date":"2022-04-24T13:37:20","date_gmt":"2022-04-24T13:37:20","guid":{"rendered":"http:\/\/xn--kruterwandern-cfb.at\/?p=1853"},"modified":"2022-04-24T13:46:17","modified_gmt":"2022-04-24T13:46:17","slug":"kraeuterwandern-22-23-april-2022","status":"publish","type":"post","link":"http:\/\/xn--kruterwandern-cfb.at\/?p=1853","title":{"rendered":"Kr\u00e4uterwandern 22.\/23.April 2022"},"content":{"rendered":"<h1>&#8222;Die jungen Wilden&#8220;<\/h1>\n<p><a href=\"http:\/\/xn--kruterwandern-cfb.at\/wp-content\/uploads\/2022\/04\/A-IMG_0358.jpg\"><img loading=\"lazy\" decoding=\"async\" class=\"alignnone size-medium wp-image-1855\" src=\"http:\/\/xn--kruterwandern-cfb.at\/wp-content\/uploads\/2022\/04\/A-IMG_0358-300x197.jpg\" alt=\"\" width=\"300\" height=\"197\" srcset=\"http:\/\/xn--kruterwandern-cfb.at\/wp-content\/uploads\/2022\/04\/A-IMG_0358-300x197.jpg 300w, http:\/\/xn--kruterwandern-cfb.at\/wp-content\/uploads\/2022\/04\/A-IMG_0358-1024x673.jpg 1024w, http:\/\/xn--kruterwandern-cfb.at\/wp-content\/uploads\/2022\/04\/A-IMG_0358-768x505.jpg 768w, http:\/\/xn--kruterwandern-cfb.at\/wp-content\/uploads\/2022\/04\/A-IMG_0358-1536x1009.jpg 1536w, http:\/\/xn--kruterwandern-cfb.at\/wp-content\/uploads\/2022\/04\/A-IMG_0358-150x100.jpg 150w, http:\/\/xn--kruterwandern-cfb.at\/wp-content\/uploads\/2022\/04\/A-IMG_0358.jpg 1741w\" sizes=\"auto, (max-width: 300px) 100vw, 300px\" \/><\/a> <a href=\"http:\/\/xn--kruterwandern-cfb.at\/wp-content\/uploads\/2022\/04\/B-IMG_0362b.jpg\"><img loading=\"lazy\" decoding=\"async\" class=\"alignnone size-medium wp-image-1856\" src=\"http:\/\/xn--kruterwandern-cfb.at\/wp-content\/uploads\/2022\/04\/B-IMG_0362b-300x184.jpg\" alt=\"\" width=\"300\" height=\"184\" srcset=\"http:\/\/xn--kruterwandern-cfb.at\/wp-content\/uploads\/2022\/04\/B-IMG_0362b-300x184.jpg 300w, http:\/\/xn--kruterwandern-cfb.at\/wp-content\/uploads\/2022\/04\/B-IMG_0362b-1024x628.jpg 1024w, http:\/\/xn--kruterwandern-cfb.at\/wp-content\/uploads\/2022\/04\/B-IMG_0362b-768x471.jpg 768w, http:\/\/xn--kruterwandern-cfb.at\/wp-content\/uploads\/2022\/04\/B-IMG_0362b.jpg 1341w\" sizes=\"auto, (max-width: 300px) 100vw, 300px\" \/><\/a><\/p>\n<figure id=\"attachment_1857\" class=\"wp-caption alignnone\" style=\"width: 300px\"><a href=\"http:\/\/xn--kruterwandern-cfb.at\/wp-content\/uploads\/2022\/04\/C-IMG_0363.jpg\"><img loading=\"lazy\" decoding=\"async\" class=\"size-medium wp-image-1857\" src=\"http:\/\/xn--kruterwandern-cfb.at\/wp-content\/uploads\/2022\/04\/C-IMG_0363-300x206.jpg\" alt=\"\" width=\"300\" height=\"206\" srcset=\"http:\/\/xn--kruterwandern-cfb.at\/wp-content\/uploads\/2022\/04\/C-IMG_0363-300x206.jpg 300w, http:\/\/xn--kruterwandern-cfb.at\/wp-content\/uploads\/2022\/04\/C-IMG_0363-1024x702.jpg 1024w, http:\/\/xn--kruterwandern-cfb.at\/wp-content\/uploads\/2022\/04\/C-IMG_0363-768x527.jpg 768w, http:\/\/xn--kruterwandern-cfb.at\/wp-content\/uploads\/2022\/04\/C-IMG_0363-1536x1054.jpg 1536w, http:\/\/xn--kruterwandern-cfb.at\/wp-content\/uploads\/2022\/04\/C-IMG_0363.jpg 1694w\" sizes=\"auto, (max-width: 300px) 100vw, 300px\" \/><\/a><figcaption class=\"wp-caption-text\">Traubenkirsche<\/figcaption><\/figure>\n<p><a href=\"http:\/\/xn--kruterwandern-cfb.at\/wp-content\/uploads\/2022\/04\/D-IMG_0366.jpg\"><img loading=\"lazy\" decoding=\"async\" class=\"size-medium wp-image-1858\" src=\"http:\/\/xn--kruterwandern-cfb.at\/wp-content\/uploads\/2022\/04\/D-IMG_0366-300x290.jpg\" alt=\"\" width=\"300\" height=\"290\" srcset=\"http:\/\/xn--kruterwandern-cfb.at\/wp-content\/uploads\/2022\/04\/D-IMG_0366-300x290.jpg 300w, http:\/\/xn--kruterwandern-cfb.at\/wp-content\/uploads\/2022\/04\/D-IMG_0366-1024x990.jpg 1024w, http:\/\/xn--kruterwandern-cfb.at\/wp-content\/uploads\/2022\/04\/D-IMG_0366-768x743.jpg 768w, http:\/\/xn--kruterwandern-cfb.at\/wp-content\/uploads\/2022\/04\/D-IMG_0366.jpg 1431w\" sizes=\"auto, (max-width: 300px) 100vw, 300px\" \/><\/a><\/p>\n<p>Buschwindr\u00f6schen<\/p>\n<p><a href=\"http:\/\/xn--kruterwandern-cfb.at\/wp-content\/uploads\/2022\/04\/E-IMG_0371b.jpg\"><img loading=\"lazy\" decoding=\"async\" class=\"alignnone size-medium wp-image-1859\" src=\"http:\/\/xn--kruterwandern-cfb.at\/wp-content\/uploads\/2022\/04\/E-IMG_0371b-280x300.jpg\" alt=\"\" width=\"280\" height=\"300\" srcset=\"http:\/\/xn--kruterwandern-cfb.at\/wp-content\/uploads\/2022\/04\/E-IMG_0371b-280x300.jpg 280w, http:\/\/xn--kruterwandern-cfb.at\/wp-content\/uploads\/2022\/04\/E-IMG_0371b-957x1024.jpg 957w, http:\/\/xn--kruterwandern-cfb.at\/wp-content\/uploads\/2022\/04\/E-IMG_0371b-768x822.jpg 768w, http:\/\/xn--kruterwandern-cfb.at\/wp-content\/uploads\/2022\/04\/E-IMG_0371b.jpg 1259w\" sizes=\"auto, (max-width: 280px) 100vw, 280px\" \/><\/a> <a href=\"http:\/\/xn--kruterwandern-cfb.at\/wp-content\/uploads\/2022\/04\/F-IMG_0375.jpg\"><img loading=\"lazy\" decoding=\"async\" class=\"alignnone size-medium wp-image-1860\" src=\"http:\/\/xn--kruterwandern-cfb.at\/wp-content\/uploads\/2022\/04\/F-IMG_0375-300x225.jpg\" alt=\"\" width=\"300\" height=\"225\" srcset=\"http:\/\/xn--kruterwandern-cfb.at\/wp-content\/uploads\/2022\/04\/F-IMG_0375-300x225.jpg 300w, http:\/\/xn--kruterwandern-cfb.at\/wp-content\/uploads\/2022\/04\/F-IMG_0375-1024x768.jpg 1024w, http:\/\/xn--kruterwandern-cfb.at\/wp-content\/uploads\/2022\/04\/F-IMG_0375-768x576.jpg 768w, http:\/\/xn--kruterwandern-cfb.at\/wp-content\/uploads\/2022\/04\/F-IMG_0375-1536x1152.jpg 1536w, http:\/\/xn--kruterwandern-cfb.at\/wp-content\/uploads\/2022\/04\/F-IMG_0375.jpg 2016w\" sizes=\"auto, (max-width: 300px) 100vw, 300px\" \/><\/a><\/p>\n<figure id=\"attachment_1861\" class=\"wp-caption alignnone\" style=\"width: 300px\"><a href=\"http:\/\/xn--kruterwandern-cfb.at\/wp-content\/uploads\/2022\/04\/G-IMG_0379.jpg\"><img loading=\"lazy\" decoding=\"async\" class=\"size-medium wp-image-1861\" src=\"http:\/\/xn--kruterwandern-cfb.at\/wp-content\/uploads\/2022\/04\/G-IMG_0379-300x237.jpg\" alt=\"\" width=\"300\" height=\"237\" srcset=\"http:\/\/xn--kruterwandern-cfb.at\/wp-content\/uploads\/2022\/04\/G-IMG_0379-300x237.jpg 300w, http:\/\/xn--kruterwandern-cfb.at\/wp-content\/uploads\/2022\/04\/G-IMG_0379-1024x809.jpg 1024w, http:\/\/xn--kruterwandern-cfb.at\/wp-content\/uploads\/2022\/04\/G-IMG_0379-768x607.jpg 768w, http:\/\/xn--kruterwandern-cfb.at\/wp-content\/uploads\/2022\/04\/G-IMG_0379.jpg 1280w\" sizes=\"auto, (max-width: 300px) 100vw, 300px\" \/><\/a><figcaption class=\"wp-caption-text\">Lupine mit einem &#8222;Diamanten&#8220;<\/figcaption><\/figure>\n<figure id=\"attachment_1862\" class=\"wp-caption alignnone\" style=\"width: 235px\"><a href=\"http:\/\/xn--kruterwandern-cfb.at\/wp-content\/uploads\/2022\/04\/H-IMG_0380b.jpg\"><img loading=\"lazy\" decoding=\"async\" class=\"size-medium wp-image-1862\" src=\"http:\/\/xn--kruterwandern-cfb.at\/wp-content\/uploads\/2022\/04\/H-IMG_0380b-235x300.jpg\" alt=\"\" width=\"235\" height=\"300\" srcset=\"http:\/\/xn--kruterwandern-cfb.at\/wp-content\/uploads\/2022\/04\/H-IMG_0380b-235x300.jpg 235w, http:\/\/xn--kruterwandern-cfb.at\/wp-content\/uploads\/2022\/04\/H-IMG_0380b-801x1024.jpg 801w, http:\/\/xn--kruterwandern-cfb.at\/wp-content\/uploads\/2022\/04\/H-IMG_0380b-768x982.jpg 768w, http:\/\/xn--kruterwandern-cfb.at\/wp-content\/uploads\/2022\/04\/H-IMG_0380b.jpg 1182w\" sizes=\"auto, (max-width: 235px) 100vw, 235px\" \/><\/a><figcaption class=\"wp-caption-text\">Kuckucksklee<\/figcaption><\/figure>\n<figure id=\"attachment_1863\" class=\"wp-caption alignnone\" style=\"width: 300px\"><a href=\"http:\/\/xn--kruterwandern-cfb.at\/wp-content\/uploads\/2022\/04\/I-IMG_0391.jpg\"><img loading=\"lazy\" decoding=\"async\" class=\"size-medium wp-image-1863\" src=\"http:\/\/xn--kruterwandern-cfb.at\/wp-content\/uploads\/2022\/04\/I-IMG_0391-300x225.jpg\" alt=\"\" width=\"300\" height=\"225\" srcset=\"http:\/\/xn--kruterwandern-cfb.at\/wp-content\/uploads\/2022\/04\/I-IMG_0391-300x225.jpg 300w, http:\/\/xn--kruterwandern-cfb.at\/wp-content\/uploads\/2022\/04\/I-IMG_0391-1024x767.jpg 1024w, http:\/\/xn--kruterwandern-cfb.at\/wp-content\/uploads\/2022\/04\/I-IMG_0391-768x575.jpg 768w, http:\/\/xn--kruterwandern-cfb.at\/wp-content\/uploads\/2022\/04\/I-IMG_0391.jpg 1280w\" sizes=\"auto, (max-width: 300px) 100vw, 300px\" \/><\/a><figcaption class=\"wp-caption-text\">Himmelschl\u00fcssel<\/figcaption><\/figure>\n<p><a href=\"http:\/\/xn--kruterwandern-cfb.at\/wp-content\/uploads\/2022\/04\/J-Foto-24.04.22.jpg\"><img loading=\"lazy\" decoding=\"async\" class=\"alignnone size-medium wp-image-1864\" src=\"http:\/\/xn--kruterwandern-cfb.at\/wp-content\/uploads\/2022\/04\/J-Foto-24.04.22-300x171.jpg\" alt=\"\" width=\"300\" height=\"171\" srcset=\"http:\/\/xn--kruterwandern-cfb.at\/wp-content\/uploads\/2022\/04\/J-Foto-24.04.22-300x171.jpg 300w, http:\/\/xn--kruterwandern-cfb.at\/wp-content\/uploads\/2022\/04\/J-Foto-24.04.22-1024x583.jpg 1024w, http:\/\/xn--kruterwandern-cfb.at\/wp-content\/uploads\/2022\/04\/J-Foto-24.04.22-768x438.jpg 768w, http:\/\/xn--kruterwandern-cfb.at\/wp-content\/uploads\/2022\/04\/J-Foto-24.04.22-1536x875.jpg 1536w, http:\/\/xn--kruterwandern-cfb.at\/wp-content\/uploads\/2022\/04\/J-Foto-24.04.22.jpg 1743w\" sizes=\"auto, (max-width: 300px) 100vw, 300px\" \/><\/a> <a href=\"http:\/\/xn--kruterwandern-cfb.at\/wp-content\/uploads\/2022\/04\/K-IMG_0396.jpg\"><img loading=\"lazy\" decoding=\"async\" class=\"alignnone size-medium wp-image-1865\" src=\"http:\/\/xn--kruterwandern-cfb.at\/wp-content\/uploads\/2022\/04\/K-IMG_0396-300x225.jpg\" alt=\"\" width=\"300\" height=\"225\" srcset=\"http:\/\/xn--kruterwandern-cfb.at\/wp-content\/uploads\/2022\/04\/K-IMG_0396-300x225.jpg 300w, http:\/\/xn--kruterwandern-cfb.at\/wp-content\/uploads\/2022\/04\/K-IMG_0396-1024x768.jpg 1024w, http:\/\/xn--kruterwandern-cfb.at\/wp-content\/uploads\/2022\/04\/K-IMG_0396-768x576.jpg 768w, http:\/\/xn--kruterwandern-cfb.at\/wp-content\/uploads\/2022\/04\/K-IMG_0396-1536x1152.jpg 1536w, http:\/\/xn--kruterwandern-cfb.at\/wp-content\/uploads\/2022\/04\/K-IMG_0396.jpg 2016w\" sizes=\"auto, (max-width: 300px) 100vw, 300px\" \/><\/a><\/p>\n<figure id=\"attachment_1866\" class=\"wp-caption alignnone\" style=\"width: 300px\"><a href=\"http:\/\/xn--kruterwandern-cfb.at\/wp-content\/uploads\/2022\/04\/L-IMG_0404.jpg\"><img loading=\"lazy\" decoding=\"async\" class=\"size-medium wp-image-1866\" src=\"http:\/\/xn--kruterwandern-cfb.at\/wp-content\/uploads\/2022\/04\/L-IMG_0404-300x203.jpg\" alt=\"\" width=\"300\" height=\"203\" srcset=\"http:\/\/xn--kruterwandern-cfb.at\/wp-content\/uploads\/2022\/04\/L-IMG_0404-300x203.jpg 300w, http:\/\/xn--kruterwandern-cfb.at\/wp-content\/uploads\/2022\/04\/L-IMG_0404-1024x693.jpg 1024w, http:\/\/xn--kruterwandern-cfb.at\/wp-content\/uploads\/2022\/04\/L-IMG_0404-768x520.jpg 768w, http:\/\/xn--kruterwandern-cfb.at\/wp-content\/uploads\/2022\/04\/L-IMG_0404-1536x1040.jpg 1536w, http:\/\/xn--kruterwandern-cfb.at\/wp-content\/uploads\/2022\/04\/L-IMG_0404.jpg 2015w\" sizes=\"auto, (max-width: 300px) 100vw, 300px\" \/><\/a><figcaption class=\"wp-caption-text\">Kieferbl\u00fcte<\/figcaption><\/figure>\n<figure id=\"attachment_1867\" class=\"wp-caption alignnone\" style=\"width: 300px\"><a href=\"http:\/\/xn--kruterwandern-cfb.at\/wp-content\/uploads\/2022\/04\/M-IMG_0410.jpg\"><img loading=\"lazy\" decoding=\"async\" class=\"size-medium wp-image-1867\" src=\"http:\/\/xn--kruterwandern-cfb.at\/wp-content\/uploads\/2022\/04\/M-IMG_0410-300x198.jpg\" alt=\"\" width=\"300\" height=\"198\" srcset=\"http:\/\/xn--kruterwandern-cfb.at\/wp-content\/uploads\/2022\/04\/M-IMG_0410-300x198.jpg 300w, http:\/\/xn--kruterwandern-cfb.at\/wp-content\/uploads\/2022\/04\/M-IMG_0410-1024x677.jpg 1024w, http:\/\/xn--kruterwandern-cfb.at\/wp-content\/uploads\/2022\/04\/M-IMG_0410-768x508.jpg 768w, http:\/\/xn--kruterwandern-cfb.at\/wp-content\/uploads\/2022\/04\/M-IMG_0410-1536x1015.jpg 1536w, http:\/\/xn--kruterwandern-cfb.at\/wp-content\/uploads\/2022\/04\/M-IMG_0410-150x100.jpg 150w, http:\/\/xn--kruterwandern-cfb.at\/wp-content\/uploads\/2022\/04\/M-IMG_0410.jpg 1834w\" sizes=\"auto, (max-width: 300px) 100vw, 300px\" \/><\/a><figcaption class=\"wp-caption-text\">Rotholler<\/figcaption><\/figure>\n<figure id=\"attachment_1868\" class=\"wp-caption alignnone\" style=\"width: 300px\"><a href=\"http:\/\/xn--kruterwandern-cfb.at\/wp-content\/uploads\/2022\/04\/N-IMG_0413-scaled.jpg\"><img loading=\"lazy\" decoding=\"async\" class=\"size-medium wp-image-1868\" src=\"http:\/\/xn--kruterwandern-cfb.at\/wp-content\/uploads\/2022\/04\/N-IMG_0413-300x225.jpg\" alt=\"\" width=\"300\" height=\"225\" srcset=\"http:\/\/xn--kruterwandern-cfb.at\/wp-content\/uploads\/2022\/04\/N-IMG_0413-300x225.jpg 300w, http:\/\/xn--kruterwandern-cfb.at\/wp-content\/uploads\/2022\/04\/N-IMG_0413-1024x768.jpg 1024w, http:\/\/xn--kruterwandern-cfb.at\/wp-content\/uploads\/2022\/04\/N-IMG_0413-768x576.jpg 768w, http:\/\/xn--kruterwandern-cfb.at\/wp-content\/uploads\/2022\/04\/N-IMG_0413-1536x1152.jpg 1536w, http:\/\/xn--kruterwandern-cfb.at\/wp-content\/uploads\/2022\/04\/N-IMG_0413-2048x1536.jpg 2048w\" sizes=\"auto, (max-width: 300px) 100vw, 300px\" \/><\/a><figcaption class=\"wp-caption-text\">Salomonsiegel<\/figcaption><\/figure>\n<p>&nbsp;<\/p>\n<figure id=\"attachment_1869\" class=\"wp-caption alignnone\" style=\"width: 300px\"><a href=\"http:\/\/xn--kruterwandern-cfb.at\/wp-content\/uploads\/2022\/04\/P-IMG_0406.jpg\"><img loading=\"lazy\" decoding=\"async\" class=\"size-medium wp-image-1869\" src=\"http:\/\/xn--kruterwandern-cfb.at\/wp-content\/uploads\/2022\/04\/P-IMG_0406-300x219.jpg\" alt=\"\" width=\"300\" height=\"219\" srcset=\"http:\/\/xn--kruterwandern-cfb.at\/wp-content\/uploads\/2022\/04\/P-IMG_0406-300x219.jpg 300w, http:\/\/xn--kruterwandern-cfb.at\/wp-content\/uploads\/2022\/04\/P-IMG_0406-1024x747.jpg 1024w, http:\/\/xn--kruterwandern-cfb.at\/wp-content\/uploads\/2022\/04\/P-IMG_0406-768x560.jpg 768w, http:\/\/xn--kruterwandern-cfb.at\/wp-content\/uploads\/2022\/04\/P-IMG_0406-1536x1121.jpg 1536w, http:\/\/xn--kruterwandern-cfb.at\/wp-content\/uploads\/2022\/04\/P-IMG_0406.jpg 1609w\" sizes=\"auto, (max-width: 300px) 100vw, 300px\" \/><\/a><figcaption class=\"wp-caption-text\">L\u00e4rche<\/figcaption><\/figure>\n<p><a href=\"http:\/\/xn--kruterwandern-cfb.at\/wp-content\/uploads\/2019\/05\/DSC04505-2.jpg\"><img loading=\"lazy\" decoding=\"async\" class=\"size-medium wp-image-1116\" src=\"http:\/\/xn--kruterwandern-cfb.at\/wp-content\/uploads\/2019\/05\/DSC04505-2-300x225.jpg\" alt=\"\" width=\"300\" height=\"225\" \/><\/a><\/p>\n<p>&#8211; Knoblauchsrauke<\/p>\n<figure id=\"attachment_1870\" class=\"wp-caption alignnone\" style=\"width: 300px\"><a href=\"http:\/\/xn--kruterwandern-cfb.at\/wp-content\/uploads\/2022\/04\/Q-IMG_0421.jpg\"><img loading=\"lazy\" decoding=\"async\" class=\"size-medium wp-image-1870\" src=\"http:\/\/xn--kruterwandern-cfb.at\/wp-content\/uploads\/2022\/04\/Q-IMG_0421-300x180.jpg\" alt=\"\" width=\"300\" height=\"180\" srcset=\"http:\/\/xn--kruterwandern-cfb.at\/wp-content\/uploads\/2022\/04\/Q-IMG_0421-300x180.jpg 300w, http:\/\/xn--kruterwandern-cfb.at\/wp-content\/uploads\/2022\/04\/Q-IMG_0421-1024x615.jpg 1024w, http:\/\/xn--kruterwandern-cfb.at\/wp-content\/uploads\/2022\/04\/Q-IMG_0421-768x461.jpg 768w, http:\/\/xn--kruterwandern-cfb.at\/wp-content\/uploads\/2022\/04\/Q-IMG_0421-1536x922.jpg 1536w, http:\/\/xn--kruterwandern-cfb.at\/wp-content\/uploads\/2022\/04\/Q-IMG_0421-2048x1229.jpg 2048w\" sizes=\"auto, (max-width: 300px) 100vw, 300px\" \/><\/a><figcaption class=\"wp-caption-text\">Gundelrebe<\/figcaption><\/figure>\n<p><a href=\"http:\/\/xn--kruterwandern-cfb.at\/wp-content\/uploads\/2022\/04\/R-IMG_0428-scaled.jpg\"><img loading=\"lazy\" decoding=\"async\" class=\"alignnone size-medium wp-image-1871\" src=\"http:\/\/xn--kruterwandern-cfb.at\/wp-content\/uploads\/2022\/04\/R-IMG_0428-300x225.jpg\" alt=\"\" width=\"300\" height=\"225\" srcset=\"http:\/\/xn--kruterwandern-cfb.at\/wp-content\/uploads\/2022\/04\/R-IMG_0428-300x225.jpg 300w, http:\/\/xn--kruterwandern-cfb.at\/wp-content\/uploads\/2022\/04\/R-IMG_0428-1024x768.jpg 1024w, http:\/\/xn--kruterwandern-cfb.at\/wp-content\/uploads\/2022\/04\/R-IMG_0428-768x576.jpg 768w, http:\/\/xn--kruterwandern-cfb.at\/wp-content\/uploads\/2022\/04\/R-IMG_0428-1536x1152.jpg 1536w, http:\/\/xn--kruterwandern-cfb.at\/wp-content\/uploads\/2022\/04\/R-IMG_0428-2048x1536.jpg 2048w\" sizes=\"auto, (max-width: 300px) 100vw, 300px\" \/><\/a><\/p>\n<p><a href=\"http:\/\/xn--kruterwandern-cfb.at\/wp-content\/uploads\/2022\/04\/S-IMG_0442-scaled.jpg\"><img loading=\"lazy\" decoding=\"async\" class=\"alignnone size-medium wp-image-1872\" src=\"http:\/\/xn--kruterwandern-cfb.at\/wp-content\/uploads\/2022\/04\/S-IMG_0442-300x225.jpg\" alt=\"\" width=\"300\" height=\"225\" srcset=\"http:\/\/xn--kruterwandern-cfb.at\/wp-content\/uploads\/2022\/04\/S-IMG_0442-300x225.jpg 300w, http:\/\/xn--kruterwandern-cfb.at\/wp-content\/uploads\/2022\/04\/S-IMG_0442-1024x768.jpg 1024w, http:\/\/xn--kruterwandern-cfb.at\/wp-content\/uploads\/2022\/04\/S-IMG_0442-768x576.jpg 768w, http:\/\/xn--kruterwandern-cfb.at\/wp-content\/uploads\/2022\/04\/S-IMG_0442-1536x1152.jpg 1536w, http:\/\/xn--kruterwandern-cfb.at\/wp-content\/uploads\/2022\/04\/S-IMG_0442-2048x1536.jpg 2048w\" sizes=\"auto, (max-width: 300px) 100vw, 300px\" \/><\/a><\/p>\n<p><a href=\"http:\/\/xn--kruterwandern-cfb.at\/wp-content\/uploads\/2022\/04\/T-IMG_0452.jpg\"><img loading=\"lazy\" decoding=\"async\" class=\"alignnone size-medium wp-image-1873\" src=\"http:\/\/xn--kruterwandern-cfb.at\/wp-content\/uploads\/2022\/04\/T-IMG_0452-300x220.jpg\" alt=\"\" width=\"300\" height=\"220\" srcset=\"http:\/\/xn--kruterwandern-cfb.at\/wp-content\/uploads\/2022\/04\/T-IMG_0452-300x220.jpg 300w, http:\/\/xn--kruterwandern-cfb.at\/wp-content\/uploads\/2022\/04\/T-IMG_0452-1024x750.jpg 1024w, http:\/\/xn--kruterwandern-cfb.at\/wp-content\/uploads\/2022\/04\/T-IMG_0452-768x563.jpg 768w, http:\/\/xn--kruterwandern-cfb.at\/wp-content\/uploads\/2022\/04\/T-IMG_0452-1536x1126.jpg 1536w, http:\/\/xn--kruterwandern-cfb.at\/wp-content\/uploads\/2022\/04\/T-IMG_0452.jpg 1905w\" sizes=\"auto, (max-width: 300px) 100vw, 300px\" \/><\/a><\/p>\n<p><a href=\"http:\/\/xn--kruterwandern-cfb.at\/wp-content\/uploads\/2022\/04\/U-IMG_0458.jpg\"><img loading=\"lazy\" decoding=\"async\" class=\"alignnone size-medium wp-image-1874\" src=\"http:\/\/xn--kruterwandern-cfb.at\/wp-content\/uploads\/2022\/04\/U-IMG_0458-300x196.jpg\" alt=\"\" width=\"300\" height=\"196\" srcset=\"http:\/\/xn--kruterwandern-cfb.at\/wp-content\/uploads\/2022\/04\/U-IMG_0458-300x196.jpg 300w, http:\/\/xn--kruterwandern-cfb.at\/wp-content\/uploads\/2022\/04\/U-IMG_0458-1024x671.jpg 1024w, http:\/\/xn--kruterwandern-cfb.at\/wp-content\/uploads\/2022\/04\/U-IMG_0458-768x503.jpg 768w, http:\/\/xn--kruterwandern-cfb.at\/wp-content\/uploads\/2022\/04\/U-IMG_0458.jpg 1362w\" sizes=\"auto, (max-width: 300px) 100vw, 300px\" \/><\/a><\/p>\n<h2 align=\"left\"><span style=\"color: #000000;\"><span style=\"font-family: Arial, sans-serif;\"><span style=\"font-size: large;\"><u><b>Waldkekse<\/b><\/u><\/span><\/span><\/span><\/h2>\n<p align=\"left\"><span style=\"color: #000000;\"><span style=\"font-family: Arial, sans-serif;\"><span style=\"font-size: medium;\">Zutaten: 30 dag feines Dinkelmehl, 17 dag Butter, 15 dag Rohzucker, 2 Eier, \u00bd TL Natron, \u00bd TL Salz, 1 P\u00e4ckchen Vanillezucker, 4 EL frische, feinst gehackte Kiefernnadeln oder Tannennadeln<\/span><\/span><\/span><\/p>\n<p align=\"left\"><span style=\"font-family: Arial, sans-serif;\"><span style=\"font-size: medium;\"><span style=\"color: #000000;\">Zubereitung:<\/span><\/span><\/span><\/p>\n<p><span style=\"font-family: Arial, sans-serif;\"><span style=\"font-size: medium;\">Mehl, Natron und Salz werden in eine Sch\u00fcssel gesiebt und gut vermischt. In einer weiteren R\u00fchrsch\u00fcssel werden nun Butter, Rohrzucker und Vanille f\u00fcr ca. 5 Minuten schaumig geschlagen. Die beiden Eier schl\u00e4gt man nacheinander in die schaumige Masse. Anschlie\u00dfend hebt man drei Essl\u00f6ffel der gehackten Kiefernnadeln und die Mehlmischung unter.<\/span><\/span><\/p>\n<p><span style=\"font-family: Arial, sans-serif;\"><span style=\"font-size: medium;\">Nun sticht man mit einem Teel\u00f6ffel kleine Kugeln aus, die man rund rollt und im Abstand von etwa 6 cm nebeneinander auf ein mit Backpapier ausgelegtes Backblech setzt. Dr\u00fcckt man die Kugeln etwas flach, werden die Kekse breiter und flacher. Auf jedes Keks streut man noch einige gehackte Kiefernnadeln.\u00a0Nun im auf 180 \u00b0C vorgeheizten Backofen f\u00fcr ca. 10 \u2013 12 Min. goldbraun backen.<\/span><\/span><\/p>\n<p align=\"left\"><span style=\"font-family: Arial, sans-serif;\">.<\/span><\/p>\n<p>&nbsp;<\/p>\n","protected":false},"excerpt":{"rendered":"<p>&#8222;Die jungen Wilden&#8220; Buschwindr\u00f6schen &nbsp; &#8211; Knoblauchsrauke Waldkekse Zutaten: 30 dag feines Dinkelmehl, 17 dag Butter, 15 dag Rohzucker, 2 Eier, \u00bd TL Natron, \u00bd TL Salz, 1 P\u00e4ckchen Vanillezucker, 4 EL frische, feinst gehackte Kiefernnadeln oder Tannennadeln Zubereitung: Mehl, Natron und Salz werden in eine Sch\u00fcssel gesiebt und gut&nbsp; <a href=\"http:\/\/xn--kruterwandern-cfb.at\/?p=1853\" title=\"Read more Kr\u00e4uterwandern 22.\/23.April 2022\">Read more &raquo;<\/a><\/p>\n","protected":false},"author":1,"featured_media":0,"comment_status":"closed","ping_status":"closed","sticky":false,"template":"","format":"standard","meta":{"footnotes":""},"categories":[1,56],"tags":[286,284,287,288,283,285,261],"class_list":["post-1853","post","type-post","status-publish","format-standard","hentry","category-allgemein","category-rezept-2","tag-beerentraube","tag-buschwindroeschen","tag-himmelschluessel","tag-kieferbluete","tag-laerche","tag-lupine","tag-rotholler"],"yoast_head":"<!-- This site is optimized with the Yoast SEO plugin v24.9 - https:\/\/yoast.com\/wordpress\/plugins\/seo\/ -->\n<title>Kr\u00e4uterwandern 22.\/23.April 2022 - Kr\u00e4uterwandern mit allen Sinnen<\/title>\n<meta name=\"robots\" content=\"index, follow, max-snippet:-1, max-image-preview:large, max-video-preview:-1\" \/>\n<link rel=\"canonical\" href=\"https:\/\/xn--kruterwandern-cfb.at\/?p=1853\" \/>\n<meta property=\"og:locale\" content=\"de_DE\" \/>\n<meta property=\"og:type\" content=\"article\" \/>\n<meta property=\"og:title\" content=\"Kr\u00e4uterwandern 22.\/23.April 2022 - Kr\u00e4uterwandern mit allen Sinnen\" \/>\n<meta property=\"og:description\" content=\"&#8222;Die jungen Wilden&#8220; Buschwindr\u00f6schen &nbsp; &#8211; Knoblauchsrauke Waldkekse Zutaten: 30 dag feines Dinkelmehl, 17 dag Butter, 15 dag Rohzucker, 2 Eier, \u00bd TL Natron, \u00bd TL Salz, 1 P\u00e4ckchen Vanillezucker, 4 EL frische, feinst gehackte Kiefernnadeln oder Tannennadeln Zubereitung: Mehl, Natron und Salz werden in eine Sch\u00fcssel gesiebt und gut&nbsp; Read more &raquo;\" \/>\n<meta property=\"og:url\" content=\"https:\/\/xn--kruterwandern-cfb.at\/?p=1853\" \/>\n<meta property=\"og:site_name\" content=\"Kr\u00e4uterwandern mit allen Sinnen\" \/>\n<meta property=\"article:published_time\" content=\"2022-04-24T13:37:20+00:00\" \/>\n<meta property=\"article:modified_time\" content=\"2022-04-24T13:46:17+00:00\" \/>\n<meta property=\"og:image\" content=\"http:\/\/xn--kruterwandern-cfb.at\/wp-content\/uploads\/2022\/04\/A-IMG_0358-300x197.jpg\" \/>\n<meta name=\"author\" content=\"gabi\" \/>\n<meta name=\"twitter:label1\" content=\"Verfasst von\" \/>\n\t<meta name=\"twitter:data1\" content=\"gabi\" \/>\n\t<meta name=\"twitter:label2\" content=\"Gesch\u00e4tzte Lesezeit\" \/>\n\t<meta name=\"twitter:data2\" content=\"1\u00a0Minute\" \/>\n<script type=\"application\/ld+json\" class=\"yoast-schema-graph\">{\"@context\":\"https:\/\/schema.org\",\"@graph\":[{\"@type\":\"Article\",\"@id\":\"https:\/\/xn--kruterwandern-cfb.at\/?p=1853#article\",\"isPartOf\":{\"@id\":\"https:\/\/xn--kruterwandern-cfb.at\/?p=1853\"},\"author\":{\"name\":\"gabi\",\"@id\":\"http:\/\/xn--kruterwandern-cfb.at\/#\/schema\/person\/149b5780cd8d441bdff00c83a20a8c72\"},\"headline\":\"Kr\u00e4uterwandern 22.\/23.April 2022\",\"datePublished\":\"2022-04-24T13:37:20+00:00\",\"dateModified\":\"2022-04-24T13:46:17+00:00\",\"mainEntityOfPage\":{\"@id\":\"https:\/\/xn--kruterwandern-cfb.at\/?p=1853\"},\"wordCount\":233,\"publisher\":{\"@id\":\"http:\/\/xn--kruterwandern-cfb.at\/#\/schema\/person\/149b5780cd8d441bdff00c83a20a8c72\"},\"image\":{\"@id\":\"https:\/\/xn--kruterwandern-cfb.at\/?p=1853#primaryimage\"},\"thumbnailUrl\":\"http:\/\/xn--kruterwandern-cfb.at\/wp-content\/uploads\/2022\/04\/A-IMG_0358-300x197.jpg\",\"keywords\":[\"Beerentraube\",\"Buschwindr\u00f6schen\",\"Himmelschl\u00fcssel\",\"Kieferbl\u00fcte\",\"L\u00e4rche\",\"Lupine\",\"Rotholler\"],\"articleSection\":{\"1\":\"Rezepte\"},\"inLanguage\":\"de\"},{\"@type\":\"WebPage\",\"@id\":\"https:\/\/xn--kruterwandern-cfb.at\/?p=1853\",\"url\":\"https:\/\/xn--kruterwandern-cfb.at\/?p=1853\",\"name\":\"Kr\u00e4uterwandern 22.\/23.April 2022 - Kr\u00e4uterwandern mit allen Sinnen\",\"isPartOf\":{\"@id\":\"http:\/\/xn--kruterwandern-cfb.at\/#website\"},\"primaryImageOfPage\":{\"@id\":\"https:\/\/xn--kruterwandern-cfb.at\/?p=1853#primaryimage\"},\"image\":{\"@id\":\"https:\/\/xn--kruterwandern-cfb.at\/?p=1853#primaryimage\"},\"thumbnailUrl\":\"http:\/\/xn--kruterwandern-cfb.at\/wp-content\/uploads\/2022\/04\/A-IMG_0358-300x197.jpg\",\"datePublished\":\"2022-04-24T13:37:20+00:00\",\"dateModified\":\"2022-04-24T13:46:17+00:00\",\"breadcrumb\":{\"@id\":\"https:\/\/xn--kruterwandern-cfb.at\/?p=1853#breadcrumb\"},\"inLanguage\":\"de\",\"potentialAction\":[{\"@type\":\"ReadAction\",\"target\":[\"https:\/\/xn--kruterwandern-cfb.at\/?p=1853\"]}]},{\"@type\":\"ImageObject\",\"inLanguage\":\"de\",\"@id\":\"https:\/\/xn--kruterwandern-cfb.at\/?p=1853#primaryimage\",\"url\":\"http:\/\/xn--kruterwandern-cfb.at\/wp-content\/uploads\/2022\/04\/A-IMG_0358.jpg\",\"contentUrl\":\"http:\/\/xn--kruterwandern-cfb.at\/wp-content\/uploads\/2022\/04\/A-IMG_0358.jpg\",\"width\":1741,\"height\":1144},{\"@type\":\"BreadcrumbList\",\"@id\":\"https:\/\/xn--kruterwandern-cfb.at\/?p=1853#breadcrumb\",\"itemListElement\":[{\"@type\":\"ListItem\",\"position\":1,\"name\":\"Home\",\"item\":\"http:\/\/xn--kruterwandern-cfb.at\/\"},{\"@type\":\"ListItem\",\"position\":2,\"name\":\"Kr\u00e4uterwandern 22.\/23.April 2022\"}]},{\"@type\":\"WebSite\",\"@id\":\"http:\/\/xn--kruterwandern-cfb.at\/#website\",\"url\":\"http:\/\/xn--kruterwandern-cfb.at\/\",\"name\":\"Kr\u00e4uterwandern mit allen Sinnen\",\"description\":\"Kr\u00e4uterwandern mit Kr\u00e4uterp\u00e4dagogin Gabriele Inzinger in \u00d6sterreich, K\u00e4rnten, Mittelk\u00e4rnten, Umgebung St. Veit an der Glan, Ulrichsberg, Projern\",\"publisher\":{\"@id\":\"http:\/\/xn--kruterwandern-cfb.at\/#\/schema\/person\/149b5780cd8d441bdff00c83a20a8c72\"},\"potentialAction\":[{\"@type\":\"SearchAction\",\"target\":{\"@type\":\"EntryPoint\",\"urlTemplate\":\"http:\/\/xn--kruterwandern-cfb.at\/?s={search_term_string}\"},\"query-input\":{\"@type\":\"PropertyValueSpecification\",\"valueRequired\":true,\"valueName\":\"search_term_string\"}}],\"inLanguage\":\"de\"},{\"@type\":[\"Person\",\"Organization\"],\"@id\":\"http:\/\/xn--kruterwandern-cfb.at\/#\/schema\/person\/149b5780cd8d441bdff00c83a20a8c72\",\"name\":\"gabi\",\"image\":{\"@type\":\"ImageObject\",\"inLanguage\":\"de\",\"@id\":\"http:\/\/xn--kruterwandern-cfb.at\/#\/schema\/person\/image\/\",\"url\":\"https:\/\/secure.gravatar.com\/avatar\/be551bd92966b6ea4e7cef2860bff65165267639bb7040b011e243386b977e7b?s=96&d=mm&r=g\",\"contentUrl\":\"https:\/\/secure.gravatar.com\/avatar\/be551bd92966b6ea4e7cef2860bff65165267639bb7040b011e243386b977e7b?s=96&d=mm&r=g\",\"caption\":\"gabi\"},\"logo\":{\"@id\":\"http:\/\/xn--kruterwandern-cfb.at\/#\/schema\/person\/image\/\"},\"sameAs\":[\"http:\/\/kr\u00e4uterwandern.at\"]}]}<\/script>\n<!-- \/ Yoast SEO plugin. -->","yoast_head_json":{"title":"Kr\u00e4uterwandern 22.\/23.April 2022 - Kr\u00e4uterwandern mit allen Sinnen","robots":{"index":"index","follow":"follow","max-snippet":"max-snippet:-1","max-image-preview":"max-image-preview:large","max-video-preview":"max-video-preview:-1"},"canonical":"https:\/\/xn--kruterwandern-cfb.at\/?p=1853","og_locale":"de_DE","og_type":"article","og_title":"Kr\u00e4uterwandern 22.\/23.April 2022 - Kr\u00e4uterwandern mit allen Sinnen","og_description":"&#8222;Die jungen Wilden&#8220; Buschwindr\u00f6schen &nbsp; &#8211; Knoblauchsrauke Waldkekse Zutaten: 30 dag feines Dinkelmehl, 17 dag Butter, 15 dag Rohzucker, 2 Eier, \u00bd TL Natron, \u00bd TL Salz, 1 P\u00e4ckchen Vanillezucker, 4 EL frische, feinst gehackte Kiefernnadeln oder Tannennadeln Zubereitung: Mehl, Natron und Salz werden in eine Sch\u00fcssel gesiebt und gut&nbsp; Read more &raquo;","og_url":"https:\/\/xn--kruterwandern-cfb.at\/?p=1853","og_site_name":"Kr\u00e4uterwandern mit allen Sinnen","article_published_time":"2022-04-24T13:37:20+00:00","article_modified_time":"2022-04-24T13:46:17+00:00","og_image":[{"url":"http:\/\/xn--kruterwandern-cfb.at\/wp-content\/uploads\/2022\/04\/A-IMG_0358-300x197.jpg","type":"","width":"","height":""}],"author":"gabi","twitter_misc":{"Verfasst von":"gabi","Gesch\u00e4tzte Lesezeit":"1\u00a0Minute"},"schema":{"@context":"https:\/\/schema.org","@graph":[{"@type":"Article","@id":"https:\/\/xn--kruterwandern-cfb.at\/?p=1853#article","isPartOf":{"@id":"https:\/\/xn--kruterwandern-cfb.at\/?p=1853"},"author":{"name":"gabi","@id":"http:\/\/xn--kruterwandern-cfb.at\/#\/schema\/person\/149b5780cd8d441bdff00c83a20a8c72"},"headline":"Kr\u00e4uterwandern 22.\/23.April 2022","datePublished":"2022-04-24T13:37:20+00:00","dateModified":"2022-04-24T13:46:17+00:00","mainEntityOfPage":{"@id":"https:\/\/xn--kruterwandern-cfb.at\/?p=1853"},"wordCount":233,"publisher":{"@id":"http:\/\/xn--kruterwandern-cfb.at\/#\/schema\/person\/149b5780cd8d441bdff00c83a20a8c72"},"image":{"@id":"https:\/\/xn--kruterwandern-cfb.at\/?p=1853#primaryimage"},"thumbnailUrl":"http:\/\/xn--kruterwandern-cfb.at\/wp-content\/uploads\/2022\/04\/A-IMG_0358-300x197.jpg","keywords":["Beerentraube","Buschwindr\u00f6schen","Himmelschl\u00fcssel","Kieferbl\u00fcte","L\u00e4rche","Lupine","Rotholler"],"articleSection":{"1":"Rezepte"},"inLanguage":"de"},{"@type":"WebPage","@id":"https:\/\/xn--kruterwandern-cfb.at\/?p=1853","url":"https:\/\/xn--kruterwandern-cfb.at\/?p=1853","name":"Kr\u00e4uterwandern 22.\/23.April 2022 - Kr\u00e4uterwandern mit allen Sinnen","isPartOf":{"@id":"http:\/\/xn--kruterwandern-cfb.at\/#website"},"primaryImageOfPage":{"@id":"https:\/\/xn--kruterwandern-cfb.at\/?p=1853#primaryimage"},"image":{"@id":"https:\/\/xn--kruterwandern-cfb.at\/?p=1853#primaryimage"},"thumbnailUrl":"http:\/\/xn--kruterwandern-cfb.at\/wp-content\/uploads\/2022\/04\/A-IMG_0358-300x197.jpg","datePublished":"2022-04-24T13:37:20+00:00","dateModified":"2022-04-24T13:46:17+00:00","breadcrumb":{"@id":"https:\/\/xn--kruterwandern-cfb.at\/?p=1853#breadcrumb"},"inLanguage":"de","potentialAction":[{"@type":"ReadAction","target":["https:\/\/xn--kruterwandern-cfb.at\/?p=1853"]}]},{"@type":"ImageObject","inLanguage":"de","@id":"https:\/\/xn--kruterwandern-cfb.at\/?p=1853#primaryimage","url":"http:\/\/xn--kruterwandern-cfb.at\/wp-content\/uploads\/2022\/04\/A-IMG_0358.jpg","contentUrl":"http:\/\/xn--kruterwandern-cfb.at\/wp-content\/uploads\/2022\/04\/A-IMG_0358.jpg","width":1741,"height":1144},{"@type":"BreadcrumbList","@id":"https:\/\/xn--kruterwandern-cfb.at\/?p=1853#breadcrumb","itemListElement":[{"@type":"ListItem","position":1,"name":"Home","item":"http:\/\/xn--kruterwandern-cfb.at\/"},{"@type":"ListItem","position":2,"name":"Kr\u00e4uterwandern 22.\/23.April 2022"}]},{"@type":"WebSite","@id":"http:\/\/xn--kruterwandern-cfb.at\/#website","url":"http:\/\/xn--kruterwandern-cfb.at\/","name":"Kr\u00e4uterwandern mit allen Sinnen","description":"Kr\u00e4uterwandern mit Kr\u00e4uterp\u00e4dagogin Gabriele Inzinger in \u00d6sterreich, K\u00e4rnten, Mittelk\u00e4rnten, Umgebung St. Veit an der Glan, Ulrichsberg, Projern","publisher":{"@id":"http:\/\/xn--kruterwandern-cfb.at\/#\/schema\/person\/149b5780cd8d441bdff00c83a20a8c72"},"potentialAction":[{"@type":"SearchAction","target":{"@type":"EntryPoint","urlTemplate":"http:\/\/xn--kruterwandern-cfb.at\/?s={search_term_string}"},"query-input":{"@type":"PropertyValueSpecification","valueRequired":true,"valueName":"search_term_string"}}],"inLanguage":"de"},{"@type":["Person","Organization"],"@id":"http:\/\/xn--kruterwandern-cfb.at\/#\/schema\/person\/149b5780cd8d441bdff00c83a20a8c72","name":"gabi","image":{"@type":"ImageObject","inLanguage":"de","@id":"http:\/\/xn--kruterwandern-cfb.at\/#\/schema\/person\/image\/","url":"https:\/\/secure.gravatar.com\/avatar\/be551bd92966b6ea4e7cef2860bff65165267639bb7040b011e243386b977e7b?s=96&d=mm&r=g","contentUrl":"https:\/\/secure.gravatar.com\/avatar\/be551bd92966b6ea4e7cef2860bff65165267639bb7040b011e243386b977e7b?s=96&d=mm&r=g","caption":"gabi"},"logo":{"@id":"http:\/\/xn--kruterwandern-cfb.at\/#\/schema\/person\/image\/"},"sameAs":["http:\/\/kr\u00e4uterwandern.at"]}]}},"_links":{"self":[{"href":"http:\/\/xn--kruterwandern-cfb.at\/index.php?rest_route=\/wp\/v2\/posts\/1853","targetHints":{"allow":["GET"]}}],"collection":[{"href":"http:\/\/xn--kruterwandern-cfb.at\/index.php?rest_route=\/wp\/v2\/posts"}],"about":[{"href":"http:\/\/xn--kruterwandern-cfb.at\/index.php?rest_route=\/wp\/v2\/types\/post"}],"author":[{"embeddable":true,"href":"http:\/\/xn--kruterwandern-cfb.at\/index.php?rest_route=\/wp\/v2\/users\/1"}],"replies":[{"embeddable":true,"href":"http:\/\/xn--kruterwandern-cfb.at\/index.php?rest_route=%2Fwp%2Fv2%2Fcomments&post=1853"}],"version-history":[{"count":9,"href":"http:\/\/xn--kruterwandern-cfb.at\/index.php?rest_route=\/wp\/v2\/posts\/1853\/revisions"}],"predecessor-version":[{"id":1884,"href":"http:\/\/xn--kruterwandern-cfb.at\/index.php?rest_route=\/wp\/v2\/posts\/1853\/revisions\/1884"}],"wp:attachment":[{"href":"http:\/\/xn--kruterwandern-cfb.at\/index.php?rest_route=%2Fwp%2Fv2%2Fmedia&parent=1853"}],"wp:term":[{"taxonomy":"category","embeddable":true,"href":"http:\/\/xn--kruterwandern-cfb.at\/index.php?rest_route=%2Fwp%2Fv2%2Fcategories&post=1853"},{"taxonomy":"post_tag","embeddable":true,"href":"http:\/\/xn--kruterwandern-cfb.at\/index.php?rest_route=%2Fwp%2Fv2%2Ftags&post=1853"}],"curies":[{"name":"wp","href":"https:\/\/api.w.org\/{rel}","templated":true}]}}