{"id":1805,"date":"2022-03-27T11:49:02","date_gmt":"2022-03-27T11:49:02","guid":{"rendered":"http:\/\/xn--kruterwandern-cfb.at\/?p=1805"},"modified":"2022-03-27T11:49:06","modified_gmt":"2022-03-27T11:49:06","slug":"kraeuterwandern-25-26-maerz-2022","status":"publish","type":"post","link":"http:\/\/xn--kruterwandern-cfb.at\/?p=1805","title":{"rendered":"Kr\u00e4uterwandern 25.\/26.M\u00e4rz 2022"},"content":{"rendered":"<p><strong>&#8222;Was uns jetzt gut tut&#8220;<\/strong><\/p>\n<p><a href=\"http:\/\/xn--kruterwandern-cfb.at\/wp-content\/uploads\/2022\/03\/A-Foto-26.03.22-scaled.jpg\"><img loading=\"lazy\" decoding=\"async\" class=\"alignnone size-medium wp-image-1807\" src=\"http:\/\/xn--kruterwandern-cfb.at\/wp-content\/uploads\/2022\/03\/A-Foto-26.03.22-225x300.jpg\" alt=\"\" width=\"225\" height=\"300\" srcset=\"http:\/\/xn--kruterwandern-cfb.at\/wp-content\/uploads\/2022\/03\/A-Foto-26.03.22-225x300.jpg 225w, http:\/\/xn--kruterwandern-cfb.at\/wp-content\/uploads\/2022\/03\/A-Foto-26.03.22-768x1024.jpg 768w, http:\/\/xn--kruterwandern-cfb.at\/wp-content\/uploads\/2022\/03\/A-Foto-26.03.22-1152x1536.jpg 1152w, http:\/\/xn--kruterwandern-cfb.at\/wp-content\/uploads\/2022\/03\/A-Foto-26.03.22-1536x2048.jpg 1536w, http:\/\/xn--kruterwandern-cfb.at\/wp-content\/uploads\/2022\/03\/A-Foto-26.03.22-scaled.jpg 1920w\" sizes=\"auto, (max-width: 225px) 100vw, 225px\" \/><\/a> <a href=\"http:\/\/xn--kruterwandern-cfb.at\/wp-content\/uploads\/2022\/03\/B-Foto-26.03.22-scaled.jpg\"><img loading=\"lazy\" decoding=\"async\" class=\"alignnone size-medium wp-image-1808\" src=\"http:\/\/xn--kruterwandern-cfb.at\/wp-content\/uploads\/2022\/03\/B-Foto-26.03.22-300x225.jpg\" alt=\"\" width=\"300\" height=\"225\" srcset=\"http:\/\/xn--kruterwandern-cfb.at\/wp-content\/uploads\/2022\/03\/B-Foto-26.03.22-300x225.jpg 300w, http:\/\/xn--kruterwandern-cfb.at\/wp-content\/uploads\/2022\/03\/B-Foto-26.03.22-1024x768.jpg 1024w, http:\/\/xn--kruterwandern-cfb.at\/wp-content\/uploads\/2022\/03\/B-Foto-26.03.22-768x576.jpg 768w, http:\/\/xn--kruterwandern-cfb.at\/wp-content\/uploads\/2022\/03\/B-Foto-26.03.22-1536x1152.jpg 1536w, http:\/\/xn--kruterwandern-cfb.at\/wp-content\/uploads\/2022\/03\/B-Foto-26.03.22-2048x1536.jpg 2048w\" sizes=\"auto, (max-width: 300px) 100vw, 300px\" \/><\/a><\/p>\n<figure id=\"attachment_1809\" class=\"wp-caption alignnone\" style=\"width: 300px\"><a href=\"http:\/\/xn--kruterwandern-cfb.at\/wp-content\/uploads\/2022\/03\/C_IMG_0139-scaled.jpg\"><img loading=\"lazy\" decoding=\"async\" class=\"size-medium wp-image-1809\" src=\"http:\/\/xn--kruterwandern-cfb.at\/wp-content\/uploads\/2022\/03\/C_IMG_0139-300x196.jpg\" alt=\"\" width=\"300\" height=\"196\" srcset=\"http:\/\/xn--kruterwandern-cfb.at\/wp-content\/uploads\/2022\/03\/C_IMG_0139-300x196.jpg 300w, http:\/\/xn--kruterwandern-cfb.at\/wp-content\/uploads\/2022\/03\/C_IMG_0139-1024x669.jpg 1024w, http:\/\/xn--kruterwandern-cfb.at\/wp-content\/uploads\/2022\/03\/C_IMG_0139-768x502.jpg 768w, http:\/\/xn--kruterwandern-cfb.at\/wp-content\/uploads\/2022\/03\/C_IMG_0139-1536x1003.jpg 1536w, http:\/\/xn--kruterwandern-cfb.at\/wp-content\/uploads\/2022\/03\/C_IMG_0139-2048x1338.jpg 2048w\" sizes=\"auto, (max-width: 300px) 100vw, 300px\" \/><\/a><figcaption class=\"wp-caption-text\">G\u00e4nsebl\u00fcmchen<\/figcaption><\/figure>\n<figure id=\"attachment_1810\" class=\"wp-caption alignnone\" style=\"width: 225px\"><a href=\"http:\/\/xn--kruterwandern-cfb.at\/wp-content\/uploads\/2022\/03\/D-Foto-27.03.22-scaled.jpg\"><img loading=\"lazy\" decoding=\"async\" class=\"size-medium wp-image-1810\" src=\"http:\/\/xn--kruterwandern-cfb.at\/wp-content\/uploads\/2022\/03\/D-Foto-27.03.22-225x300.jpg\" alt=\"\" width=\"225\" height=\"300\" srcset=\"http:\/\/xn--kruterwandern-cfb.at\/wp-content\/uploads\/2022\/03\/D-Foto-27.03.22-225x300.jpg 225w, http:\/\/xn--kruterwandern-cfb.at\/wp-content\/uploads\/2022\/03\/D-Foto-27.03.22-768x1024.jpg 768w, http:\/\/xn--kruterwandern-cfb.at\/wp-content\/uploads\/2022\/03\/D-Foto-27.03.22-1152x1536.jpg 1152w, http:\/\/xn--kruterwandern-cfb.at\/wp-content\/uploads\/2022\/03\/D-Foto-27.03.22-1536x2048.jpg 1536w, http:\/\/xn--kruterwandern-cfb.at\/wp-content\/uploads\/2022\/03\/D-Foto-27.03.22-scaled.jpg 1920w\" sizes=\"auto, (max-width: 225px) 100vw, 225px\" \/><\/a><figcaption class=\"wp-caption-text\">Duftveilchen<a href=\"http:\/\/xn--kruterwandern-cfb.at\/wp-content\/uploads\/2022\/03\/E-IMG_0143-scaled.jpg\"><img loading=\"lazy\" decoding=\"async\" class=\"alignnone size-medium wp-image-1811\" src=\"http:\/\/xn--kruterwandern-cfb.at\/wp-content\/uploads\/2022\/03\/E-IMG_0143-300x213.jpg\" alt=\"\" width=\"300\" height=\"213\" srcset=\"http:\/\/xn--kruterwandern-cfb.at\/wp-content\/uploads\/2022\/03\/E-IMG_0143-300x213.jpg 300w, http:\/\/xn--kruterwandern-cfb.at\/wp-content\/uploads\/2022\/03\/E-IMG_0143-1024x726.jpg 1024w, http:\/\/xn--kruterwandern-cfb.at\/wp-content\/uploads\/2022\/03\/E-IMG_0143-768x545.jpg 768w, http:\/\/xn--kruterwandern-cfb.at\/wp-content\/uploads\/2022\/03\/E-IMG_0143-1536x1089.jpg 1536w, http:\/\/xn--kruterwandern-cfb.at\/wp-content\/uploads\/2022\/03\/E-IMG_0143-2048x1452.jpg 2048w\" sizes=\"auto, (max-width: 300px) 100vw, 300px\" \/><\/a> <a href=\"http:\/\/xn--kruterwandern-cfb.at\/wp-content\/uploads\/2022\/03\/F-IMG_0133-scaled.jpg\"><img loading=\"lazy\" decoding=\"async\" class=\"alignnone size-medium wp-image-1812\" src=\"http:\/\/xn--kruterwandern-cfb.at\/wp-content\/uploads\/2022\/03\/F-IMG_0133-300x255.jpg\" alt=\"\" width=\"300\" height=\"255\" srcset=\"http:\/\/xn--kruterwandern-cfb.at\/wp-content\/uploads\/2022\/03\/F-IMG_0133-300x255.jpg 300w, http:\/\/xn--kruterwandern-cfb.at\/wp-content\/uploads\/2022\/03\/F-IMG_0133-1024x870.jpg 1024w, http:\/\/xn--kruterwandern-cfb.at\/wp-content\/uploads\/2022\/03\/F-IMG_0133-768x652.jpg 768w, http:\/\/xn--kruterwandern-cfb.at\/wp-content\/uploads\/2022\/03\/F-IMG_0133-1536x1304.jpg 1536w, http:\/\/xn--kruterwandern-cfb.at\/wp-content\/uploads\/2022\/03\/F-IMG_0133-2048x1739.jpg 2048w\" sizes=\"auto, (max-width: 300px) 100vw, 300px\" \/><\/a><\/figcaption><\/figure>\n<figure id=\"attachment_1813\" class=\"wp-caption alignnone\" style=\"width: 225px\"><a href=\"http:\/\/xn--kruterwandern-cfb.at\/wp-content\/uploads\/2022\/03\/G-Foto-26.03.22-scaled.jpg\"><img loading=\"lazy\" decoding=\"async\" class=\"size-medium wp-image-1813\" src=\"http:\/\/xn--kruterwandern-cfb.at\/wp-content\/uploads\/2022\/03\/G-Foto-26.03.22-225x300.jpg\" alt=\"\" width=\"225\" height=\"300\" srcset=\"http:\/\/xn--kruterwandern-cfb.at\/wp-content\/uploads\/2022\/03\/G-Foto-26.03.22-225x300.jpg 225w, http:\/\/xn--kruterwandern-cfb.at\/wp-content\/uploads\/2022\/03\/G-Foto-26.03.22-768x1024.jpg 768w, http:\/\/xn--kruterwandern-cfb.at\/wp-content\/uploads\/2022\/03\/G-Foto-26.03.22-1152x1536.jpg 1152w, http:\/\/xn--kruterwandern-cfb.at\/wp-content\/uploads\/2022\/03\/G-Foto-26.03.22-1536x2048.jpg 1536w, http:\/\/xn--kruterwandern-cfb.at\/wp-content\/uploads\/2022\/03\/G-Foto-26.03.22-scaled.jpg 1920w\" sizes=\"auto, (max-width: 225px) 100vw, 225px\" \/><\/a><figcaption class=\"wp-caption-text\">Propolis auf der Balsampappel<\/figcaption><\/figure>\n<figure id=\"attachment_1814\" class=\"wp-caption alignnone\" style=\"width: 300px\"><a href=\"http:\/\/xn--kruterwandern-cfb.at\/wp-content\/uploads\/2022\/03\/H-IMG_0154-scaled.jpg\"><img loading=\"lazy\" decoding=\"async\" class=\"size-medium wp-image-1814\" src=\"http:\/\/xn--kruterwandern-cfb.at\/wp-content\/uploads\/2022\/03\/H-IMG_0154-300x172.jpg\" alt=\"\" width=\"300\" height=\"172\" srcset=\"http:\/\/xn--kruterwandern-cfb.at\/wp-content\/uploads\/2022\/03\/H-IMG_0154-300x172.jpg 300w, http:\/\/xn--kruterwandern-cfb.at\/wp-content\/uploads\/2022\/03\/H-IMG_0154-1024x588.jpg 1024w, http:\/\/xn--kruterwandern-cfb.at\/wp-content\/uploads\/2022\/03\/H-IMG_0154-768x441.jpg 768w, http:\/\/xn--kruterwandern-cfb.at\/wp-content\/uploads\/2022\/03\/H-IMG_0154-1536x883.jpg 1536w, http:\/\/xn--kruterwandern-cfb.at\/wp-content\/uploads\/2022\/03\/H-IMG_0154-2048x1177.jpg 2048w\" sizes=\"auto, (max-width: 300px) 100vw, 300px\" \/><\/a><figcaption class=\"wp-caption-text\">Scharbockskraut<\/figcaption><\/figure>\n<figure id=\"attachment_1815\" class=\"wp-caption alignnone\" style=\"width: 300px\"><a href=\"http:\/\/xn--kruterwandern-cfb.at\/wp-content\/uploads\/2022\/03\/I-IMG_0156-scaled.jpg\"><img loading=\"lazy\" decoding=\"async\" class=\"size-medium wp-image-1815\" src=\"http:\/\/xn--kruterwandern-cfb.at\/wp-content\/uploads\/2022\/03\/I-IMG_0156-300x281.jpg\" alt=\"\" width=\"300\" height=\"281\" srcset=\"http:\/\/xn--kruterwandern-cfb.at\/wp-content\/uploads\/2022\/03\/I-IMG_0156-300x281.jpg 300w, http:\/\/xn--kruterwandern-cfb.at\/wp-content\/uploads\/2022\/03\/I-IMG_0156-1024x959.jpg 1024w, http:\/\/xn--kruterwandern-cfb.at\/wp-content\/uploads\/2022\/03\/I-IMG_0156-768x719.jpg 768w, http:\/\/xn--kruterwandern-cfb.at\/wp-content\/uploads\/2022\/03\/I-IMG_0156-1536x1439.jpg 1536w, http:\/\/xn--kruterwandern-cfb.at\/wp-content\/uploads\/2022\/03\/I-IMG_0156-2048x1918.jpg 2048w\" sizes=\"auto, (max-width: 300px) 100vw, 300px\" \/><\/a><figcaption class=\"wp-caption-text\">&#8222;Himmelsweizen&#8220;<\/figcaption><\/figure>\n<p><a href=\"http:\/\/xn--kruterwandern-cfb.at\/wp-content\/uploads\/2022\/03\/IMG_0178-scaled.jpg\"><img loading=\"lazy\" decoding=\"async\" class=\"alignnone size-medium wp-image-1816\" src=\"http:\/\/xn--kruterwandern-cfb.at\/wp-content\/uploads\/2022\/03\/IMG_0178-300x168.jpg\" alt=\"\" width=\"300\" height=\"168\" srcset=\"http:\/\/xn--kruterwandern-cfb.at\/wp-content\/uploads\/2022\/03\/IMG_0178-300x168.jpg 300w, http:\/\/xn--kruterwandern-cfb.at\/wp-content\/uploads\/2022\/03\/IMG_0178-1024x575.jpg 1024w, http:\/\/xn--kruterwandern-cfb.at\/wp-content\/uploads\/2022\/03\/IMG_0178-768x431.jpg 768w, http:\/\/xn--kruterwandern-cfb.at\/wp-content\/uploads\/2022\/03\/IMG_0178-1536x862.jpg 1536w, http:\/\/xn--kruterwandern-cfb.at\/wp-content\/uploads\/2022\/03\/IMG_0178-2048x1150.jpg 2048w\" sizes=\"auto, (max-width: 300px) 100vw, 300px\" \/><\/a><\/p>\n<figure id=\"attachment_1817\" class=\"wp-caption alignnone\" style=\"width: 300px\"><a href=\"http:\/\/xn--kruterwandern-cfb.at\/wp-content\/uploads\/2022\/03\/J-IMG_0157-scaled.jpg\"><img loading=\"lazy\" decoding=\"async\" class=\"size-medium wp-image-1817\" src=\"http:\/\/xn--kruterwandern-cfb.at\/wp-content\/uploads\/2022\/03\/J-IMG_0157-300x202.jpg\" alt=\"\" width=\"300\" height=\"202\" srcset=\"http:\/\/xn--kruterwandern-cfb.at\/wp-content\/uploads\/2022\/03\/J-IMG_0157-300x202.jpg 300w, http:\/\/xn--kruterwandern-cfb.at\/wp-content\/uploads\/2022\/03\/J-IMG_0157-1024x690.jpg 1024w, http:\/\/xn--kruterwandern-cfb.at\/wp-content\/uploads\/2022\/03\/J-IMG_0157-768x517.jpg 768w, http:\/\/xn--kruterwandern-cfb.at\/wp-content\/uploads\/2022\/03\/J-IMG_0157-1536x1035.jpg 1536w, http:\/\/xn--kruterwandern-cfb.at\/wp-content\/uploads\/2022\/03\/J-IMG_0157-2048x1380.jpg 2048w, http:\/\/xn--kruterwandern-cfb.at\/wp-content\/uploads\/2022\/03\/J-IMG_0157-150x100.jpg 150w\" sizes=\"auto, (max-width: 300px) 100vw, 300px\" \/><\/a><figcaption class=\"wp-caption-text\">Fliederknospe<\/figcaption><\/figure>\n<p><a href=\"http:\/\/xn--kruterwandern-cfb.at\/wp-content\/uploads\/2022\/03\/K-IMG_0160-scaled.jpg\"><img loading=\"lazy\" decoding=\"async\" class=\"alignnone size-medium wp-image-1818\" src=\"http:\/\/xn--kruterwandern-cfb.at\/wp-content\/uploads\/2022\/03\/K-IMG_0160-300x187.jpg\" alt=\"\" width=\"300\" height=\"187\" srcset=\"http:\/\/xn--kruterwandern-cfb.at\/wp-content\/uploads\/2022\/03\/K-IMG_0160-300x187.jpg 300w, http:\/\/xn--kruterwandern-cfb.at\/wp-content\/uploads\/2022\/03\/K-IMG_0160-1024x638.jpg 1024w, http:\/\/xn--kruterwandern-cfb.at\/wp-content\/uploads\/2022\/03\/K-IMG_0160-768x479.jpg 768w, http:\/\/xn--kruterwandern-cfb.at\/wp-content\/uploads\/2022\/03\/K-IMG_0160-1536x957.jpg 1536w, http:\/\/xn--kruterwandern-cfb.at\/wp-content\/uploads\/2022\/03\/K-IMG_0160-2048x1276.jpg 2048w\" sizes=\"auto, (max-width: 300px) 100vw, 300px\" \/><\/a><\/p>\n<figure id=\"attachment_1819\" class=\"wp-caption alignnone\" style=\"width: 247px\"><a href=\"http:\/\/xn--kruterwandern-cfb.at\/wp-content\/uploads\/2022\/03\/L-IMG_0158-scaled.jpg\"><img loading=\"lazy\" decoding=\"async\" class=\"size-medium wp-image-1819\" src=\"http:\/\/xn--kruterwandern-cfb.at\/wp-content\/uploads\/2022\/03\/L-IMG_0158-247x300.jpg\" alt=\"\" width=\"247\" height=\"300\" srcset=\"http:\/\/xn--kruterwandern-cfb.at\/wp-content\/uploads\/2022\/03\/L-IMG_0158-247x300.jpg 247w, http:\/\/xn--kruterwandern-cfb.at\/wp-content\/uploads\/2022\/03\/L-IMG_0158-842x1024.jpg 842w, http:\/\/xn--kruterwandern-cfb.at\/wp-content\/uploads\/2022\/03\/L-IMG_0158-768x934.jpg 768w, http:\/\/xn--kruterwandern-cfb.at\/wp-content\/uploads\/2022\/03\/L-IMG_0158-1262x1536.jpg 1262w, http:\/\/xn--kruterwandern-cfb.at\/wp-content\/uploads\/2022\/03\/L-IMG_0158-1683x2048.jpg 1683w\" sizes=\"auto, (max-width: 247px) 100vw, 247px\" \/><\/a><figcaption class=\"wp-caption-text\">Huflattich<\/figcaption><\/figure>\n<figure id=\"attachment_1820\" class=\"wp-caption alignnone\" style=\"width: 300px\"><a href=\"http:\/\/xn--kruterwandern-cfb.at\/wp-content\/uploads\/2022\/03\/M-IMG_0184.jpg\"><img loading=\"lazy\" decoding=\"async\" class=\"size-medium wp-image-1820\" src=\"http:\/\/xn--kruterwandern-cfb.at\/wp-content\/uploads\/2022\/03\/M-IMG_0184-300x206.jpg\" alt=\"\" width=\"300\" height=\"206\" srcset=\"http:\/\/xn--kruterwandern-cfb.at\/wp-content\/uploads\/2022\/03\/M-IMG_0184-300x206.jpg 300w, http:\/\/xn--kruterwandern-cfb.at\/wp-content\/uploads\/2022\/03\/M-IMG_0184-768x527.jpg 768w, http:\/\/xn--kruterwandern-cfb.at\/wp-content\/uploads\/2022\/03\/M-IMG_0184.jpg 910w\" sizes=\"auto, (max-width: 300px) 100vw, 300px\" \/><\/a><figcaption class=\"wp-caption-text\">Weibliche Haselbl\u00fcte<\/figcaption><\/figure>\n<figure id=\"attachment_1821\" class=\"wp-caption alignnone\" style=\"width: 208px\"><a href=\"http:\/\/xn--kruterwandern-cfb.at\/wp-content\/uploads\/2022\/03\/N-IMG_0163-scaled.jpg\"><img loading=\"lazy\" decoding=\"async\" class=\"size-medium wp-image-1821\" src=\"http:\/\/xn--kruterwandern-cfb.at\/wp-content\/uploads\/2022\/03\/N-IMG_0163-208x300.jpg\" alt=\"\" width=\"208\" height=\"300\" srcset=\"http:\/\/xn--kruterwandern-cfb.at\/wp-content\/uploads\/2022\/03\/N-IMG_0163-208x300.jpg 208w, http:\/\/xn--kruterwandern-cfb.at\/wp-content\/uploads\/2022\/03\/N-IMG_0163-710x1024.jpg 710w, http:\/\/xn--kruterwandern-cfb.at\/wp-content\/uploads\/2022\/03\/N-IMG_0163-768x1108.jpg 768w, http:\/\/xn--kruterwandern-cfb.at\/wp-content\/uploads\/2022\/03\/N-IMG_0163-1065x1536.jpg 1065w, http:\/\/xn--kruterwandern-cfb.at\/wp-content\/uploads\/2022\/03\/N-IMG_0163-1419x2048.jpg 1419w, http:\/\/xn--kruterwandern-cfb.at\/wp-content\/uploads\/2022\/03\/N-IMG_0163-scaled.jpg 1774w\" sizes=\"auto, (max-width: 208px) 100vw, 208px\" \/><\/a><figcaption class=\"wp-caption-text\">M\u00e4nnliches Haselk\u00e4tzchen<\/figcaption><\/figure>\n<figure id=\"attachment_1822\" class=\"wp-caption alignnone\" style=\"width: 300px\"><a href=\"http:\/\/xn--kruterwandern-cfb.at\/wp-content\/uploads\/2022\/03\/O-IMG_0172.jpg\"><img loading=\"lazy\" decoding=\"async\" class=\"size-medium wp-image-1822\" src=\"http:\/\/xn--kruterwandern-cfb.at\/wp-content\/uploads\/2022\/03\/O-IMG_0172-300x210.jpg\" alt=\"\" width=\"300\" height=\"210\" srcset=\"http:\/\/xn--kruterwandern-cfb.at\/wp-content\/uploads\/2022\/03\/O-IMG_0172-300x210.jpg 300w, http:\/\/xn--kruterwandern-cfb.at\/wp-content\/uploads\/2022\/03\/O-IMG_0172-1024x717.jpg 1024w, http:\/\/xn--kruterwandern-cfb.at\/wp-content\/uploads\/2022\/03\/O-IMG_0172-768x538.jpg 768w, http:\/\/xn--kruterwandern-cfb.at\/wp-content\/uploads\/2022\/03\/O-IMG_0172.jpg 1215w\" sizes=\"auto, (max-width: 300px) 100vw, 300px\" \/><\/a><figcaption class=\"wp-caption-text\">Blattnarbe der Walnuss<\/figcaption><\/figure>\n<figure id=\"attachment_1823\" class=\"wp-caption alignnone\" style=\"width: 300px\"><a href=\"http:\/\/xn--kruterwandern-cfb.at\/wp-content\/uploads\/2022\/03\/P-IMG_0175.jpg\"><img loading=\"lazy\" decoding=\"async\" class=\"size-medium wp-image-1823\" src=\"http:\/\/xn--kruterwandern-cfb.at\/wp-content\/uploads\/2022\/03\/P-IMG_0175-300x241.jpg\" alt=\"\" width=\"300\" height=\"241\" srcset=\"http:\/\/xn--kruterwandern-cfb.at\/wp-content\/uploads\/2022\/03\/P-IMG_0175-300x241.jpg 300w, http:\/\/xn--kruterwandern-cfb.at\/wp-content\/uploads\/2022\/03\/P-IMG_0175-1024x824.jpg 1024w, http:\/\/xn--kruterwandern-cfb.at\/wp-content\/uploads\/2022\/03\/P-IMG_0175-768x618.jpg 768w, http:\/\/xn--kruterwandern-cfb.at\/wp-content\/uploads\/2022\/03\/P-IMG_0175-1536x1235.jpg 1536w, http:\/\/xn--kruterwandern-cfb.at\/wp-content\/uploads\/2022\/03\/P-IMG_0175-2048x1647.jpg 2048w\" sizes=\"auto, (max-width: 300px) 100vw, 300px\" \/><\/a><figcaption class=\"wp-caption-text\">Knospe des Wolligen Schneeballs<\/figcaption><\/figure>\n<figure id=\"attachment_1824\" class=\"wp-caption alignnone\" style=\"width: 300px\"><a href=\"http:\/\/xn--kruterwandern-cfb.at\/wp-content\/uploads\/2022\/03\/Q-IMG_0171-scaled.jpg\"><img loading=\"lazy\" decoding=\"async\" class=\"size-medium wp-image-1824\" src=\"http:\/\/xn--kruterwandern-cfb.at\/wp-content\/uploads\/2022\/03\/Q-IMG_0171-300x190.jpg\" alt=\"\" width=\"300\" height=\"190\" srcset=\"http:\/\/xn--kruterwandern-cfb.at\/wp-content\/uploads\/2022\/03\/Q-IMG_0171-300x190.jpg 300w, http:\/\/xn--kruterwandern-cfb.at\/wp-content\/uploads\/2022\/03\/Q-IMG_0171-1024x648.jpg 1024w, http:\/\/xn--kruterwandern-cfb.at\/wp-content\/uploads\/2022\/03\/Q-IMG_0171-768x486.jpg 768w, http:\/\/xn--kruterwandern-cfb.at\/wp-content\/uploads\/2022\/03\/Q-IMG_0171-1536x972.jpg 1536w, http:\/\/xn--kruterwandern-cfb.at\/wp-content\/uploads\/2022\/03\/Q-IMG_0171-2048x1297.jpg 2048w\" sizes=\"auto, (max-width: 300px) 100vw, 300px\" \/><\/a><figcaption class=\"wp-caption-text\">Eschenknospe<\/figcaption><\/figure>\n<figure id=\"attachment_1825\" class=\"wp-caption alignnone\" style=\"width: 300px\"><a href=\"http:\/\/xn--kruterwandern-cfb.at\/wp-content\/uploads\/2022\/03\/R-IMG_0187.jpg\"><img loading=\"lazy\" decoding=\"async\" class=\"size-medium wp-image-1825\" src=\"http:\/\/xn--kruterwandern-cfb.at\/wp-content\/uploads\/2022\/03\/R-IMG_0187-300x282.jpg\" alt=\"\" width=\"300\" height=\"282\" srcset=\"http:\/\/xn--kruterwandern-cfb.at\/wp-content\/uploads\/2022\/03\/R-IMG_0187-300x282.jpg 300w, http:\/\/xn--kruterwandern-cfb.at\/wp-content\/uploads\/2022\/03\/R-IMG_0187-1024x964.jpg 1024w, http:\/\/xn--kruterwandern-cfb.at\/wp-content\/uploads\/2022\/03\/R-IMG_0187-768x723.jpg 768w, http:\/\/xn--kruterwandern-cfb.at\/wp-content\/uploads\/2022\/03\/R-IMG_0187-1536x1446.jpg 1536w, http:\/\/xn--kruterwandern-cfb.at\/wp-content\/uploads\/2022\/03\/R-IMG_0187-2048x1927.jpg 2048w\" sizes=\"auto, (max-width: 300px) 100vw, 300px\" \/><\/a><figcaption class=\"wp-caption-text\">Leberbl\u00fcmchen<\/figcaption><\/figure>\n<p><a href=\"http:\/\/xn--kruterwandern-cfb.at\/wp-content\/uploads\/2022\/03\/S-IMG_0189-scaled.jpg\"><img loading=\"lazy\" decoding=\"async\" class=\"alignnone size-medium wp-image-1826\" src=\"http:\/\/xn--kruterwandern-cfb.at\/wp-content\/uploads\/2022\/03\/S-IMG_0189-300x219.jpg\" alt=\"\" width=\"300\" height=\"219\" srcset=\"http:\/\/xn--kruterwandern-cfb.at\/wp-content\/uploads\/2022\/03\/S-IMG_0189-300x219.jpg 300w, http:\/\/xn--kruterwandern-cfb.at\/wp-content\/uploads\/2022\/03\/S-IMG_0189-1024x748.jpg 1024w, http:\/\/xn--kruterwandern-cfb.at\/wp-content\/uploads\/2022\/03\/S-IMG_0189-768x561.jpg 768w, http:\/\/xn--kruterwandern-cfb.at\/wp-content\/uploads\/2022\/03\/S-IMG_0189-1536x1121.jpg 1536w, http:\/\/xn--kruterwandern-cfb.at\/wp-content\/uploads\/2022\/03\/S-IMG_0189-2048x1495.jpg 2048w\" sizes=\"auto, (max-width: 300px) 100vw, 300px\" \/><\/a> <a href=\"http:\/\/xn--kruterwandern-cfb.at\/wp-content\/uploads\/2022\/03\/T-IMG_0194-scaled.jpg\"><img loading=\"lazy\" decoding=\"async\" class=\"alignnone size-medium wp-image-1827\" src=\"http:\/\/xn--kruterwandern-cfb.at\/wp-content\/uploads\/2022\/03\/T-IMG_0194-300x219.jpg\" alt=\"\" width=\"300\" height=\"219\" srcset=\"http:\/\/xn--kruterwandern-cfb.at\/wp-content\/uploads\/2022\/03\/T-IMG_0194-300x219.jpg 300w, http:\/\/xn--kruterwandern-cfb.at\/wp-content\/uploads\/2022\/03\/T-IMG_0194-1024x746.jpg 1024w, http:\/\/xn--kruterwandern-cfb.at\/wp-content\/uploads\/2022\/03\/T-IMG_0194-768x560.jpg 768w, http:\/\/xn--kruterwandern-cfb.at\/wp-content\/uploads\/2022\/03\/T-IMG_0194-1536x1120.jpg 1536w, http:\/\/xn--kruterwandern-cfb.at\/wp-content\/uploads\/2022\/03\/T-IMG_0194-2048x1493.jpg 2048w\" sizes=\"auto, (max-width: 300px) 100vw, 300px\" \/><\/a> <a href=\"http:\/\/xn--kruterwandern-cfb.at\/wp-content\/uploads\/2022\/03\/U-IMG_0197-scaled.jpg\"><img loading=\"lazy\" decoding=\"async\" class=\"alignnone size-medium wp-image-1828\" src=\"http:\/\/xn--kruterwandern-cfb.at\/wp-content\/uploads\/2022\/03\/U-IMG_0197-300x239.jpg\" alt=\"\" width=\"300\" height=\"239\" srcset=\"http:\/\/xn--kruterwandern-cfb.at\/wp-content\/uploads\/2022\/03\/U-IMG_0197-300x239.jpg 300w, http:\/\/xn--kruterwandern-cfb.at\/wp-content\/uploads\/2022\/03\/U-IMG_0197-1024x815.jpg 1024w, http:\/\/xn--kruterwandern-cfb.at\/wp-content\/uploads\/2022\/03\/U-IMG_0197-768x611.jpg 768w, http:\/\/xn--kruterwandern-cfb.at\/wp-content\/uploads\/2022\/03\/U-IMG_0197-1536x1222.jpg 1536w, http:\/\/xn--kruterwandern-cfb.at\/wp-content\/uploads\/2022\/03\/U-IMG_0197-2048x1630.jpg 2048w\" sizes=\"auto, (max-width: 300px) 100vw, 300px\" \/><\/a><\/p>\n<h1>Rezept<\/h1>\n<h3>Haselwuzelmehl-Kekse:<\/h3>\n<p>11 dag Butter werden mit 14 dag Gelbzucker und 2 ganzen Eiern schaumig ger\u00fchrt. 12 dag Dinkelmehl, 7 dag Buchweizenmehl, 2 dag Haselwuzelmehl, 1 TL Weinsteinpulver, 10 dag gehackte N\u00fcsse und 10 dag gehackte Schokolade untermischen. Kurz anziehen lassen. Mit feuchten H\u00e4nden Walnussgro\u00dfe Kugeln formen und aufs Blech setzen. Mit den Fingern etwas flachdr\u00fccken und bei 170\u00b0 ca. 12 &#8211; 15 Minuten backen.<\/p>\n<h3>Gemmo-Mazerat nach Kornelia Stern:<\/h3>\n<p>1 g\u00a0 mit einem Keramikmesser kleingeschnittene Knospen deiner Wahl mit 10 ml pflanzlichem Glycerin 85 % und 10 ml Alkohol 70 % \u00fcbergie\u00dfen. Mindestens 3 Wochen ausziehen lassen. T\u00e4glich 1x im Uhrzeigersinn sch\u00fctteln. Danach abfiltern und mit 90 ml Glycerin 86 % und 90 ml Alkohol 70 % erneut verd\u00fcnnen. In Spr\u00fchfl\u00e4schchen f\u00fcllen und bei Bedarf bis zu 3x tg. 3 Spr\u00fchst\u00f6\u00dfe unter die Zunge spr\u00fchen.<\/p>\n<p>&nbsp;<\/p>\n<p>&nbsp;<\/p>\n<p>&nbsp;<\/p>\n<p>&nbsp;<\/p>\n<p>&nbsp;<\/p>\n<p>&nbsp;<\/p>\n<p>&nbsp;<\/p>\n<p>&nbsp;<\/p>\n","protected":false},"excerpt":{"rendered":"<p>&#8222;Was uns jetzt gut tut&#8220; Rezept Haselwuzelmehl-Kekse: 11 dag Butter werden mit 14 dag Gelbzucker und 2 ganzen Eiern schaumig ger\u00fchrt. 12 dag Dinkelmehl, 7 dag Buchweizenmehl, 2 dag Haselwuzelmehl, 1 TL Weinsteinpulver, 10 dag gehackte N\u00fcsse und 10 dag gehackte Schokolade untermischen. Kurz anziehen lassen. Mit feuchten H\u00e4nden Walnussgro\u00dfe&nbsp; <a href=\"http:\/\/xn--kruterwandern-cfb.at\/?p=1805\" title=\"Read more Kr\u00e4uterwandern 25.\/26.M\u00e4rz 2022\">Read more &raquo;<\/a><\/p>\n","protected":false},"author":1,"featured_media":0,"comment_status":"closed","ping_status":"closed","sticky":false,"template":"","format":"standard","meta":{"footnotes":""},"categories":[1,56],"tags":[281,278,280,277,92,279,282],"class_list":["post-1805","post","type-post","status-publish","format-standard","hentry","category-allgemein","category-rezept-2","tag-alkohol","tag-gemmo","tag-glycerin","tag-haselwuzel","tag-huflattich","tag-knospen","tag-weide"],"yoast_head":"<!-- This site is optimized with the Yoast SEO plugin v24.9 - https:\/\/yoast.com\/wordpress\/plugins\/seo\/ -->\n<title>Kr\u00e4uterwandern 25.\/26.M\u00e4rz 2022 - Kr\u00e4uterwandern mit allen Sinnen<\/title>\n<meta name=\"robots\" content=\"index, follow, max-snippet:-1, max-image-preview:large, max-video-preview:-1\" \/>\n<link rel=\"canonical\" href=\"http:\/\/xn--kruterwandern-cfb.at\/?p=1805\" \/>\n<meta property=\"og:locale\" content=\"de_DE\" \/>\n<meta property=\"og:type\" content=\"article\" \/>\n<meta property=\"og:title\" content=\"Kr\u00e4uterwandern 25.\/26.M\u00e4rz 2022 - Kr\u00e4uterwandern mit allen Sinnen\" \/>\n<meta property=\"og:description\" content=\"&#8222;Was uns jetzt gut tut&#8220; Rezept Haselwuzelmehl-Kekse: 11 dag Butter werden mit 14 dag Gelbzucker und 2 ganzen Eiern schaumig ger\u00fchrt. 12 dag Dinkelmehl, 7 dag Buchweizenmehl, 2 dag Haselwuzelmehl, 1 TL Weinsteinpulver, 10 dag gehackte N\u00fcsse und 10 dag gehackte Schokolade untermischen. Kurz anziehen lassen. Mit feuchten H\u00e4nden Walnussgro\u00dfe&nbsp; Read more &raquo;\" \/>\n<meta property=\"og:url\" content=\"http:\/\/xn--kruterwandern-cfb.at\/?p=1805\" \/>\n<meta property=\"og:site_name\" content=\"Kr\u00e4uterwandern mit allen Sinnen\" \/>\n<meta property=\"article:published_time\" content=\"2022-03-27T11:49:02+00:00\" \/>\n<meta property=\"article:modified_time\" content=\"2022-03-27T11:49:06+00:00\" \/>\n<meta property=\"og:image\" content=\"http:\/\/xn--kruterwandern-cfb.at\/wp-content\/uploads\/2022\/03\/A-Foto-26.03.22-225x300.jpg\" \/>\n<meta name=\"author\" content=\"gabi\" \/>\n<meta name=\"twitter:label1\" content=\"Verfasst von\" \/>\n\t<meta name=\"twitter:data1\" content=\"gabi\" \/>\n\t<meta name=\"twitter:label2\" content=\"Gesch\u00e4tzte Lesezeit\" \/>\n\t<meta name=\"twitter:data2\" content=\"1\u00a0Minute\" \/>\n<script type=\"application\/ld+json\" class=\"yoast-schema-graph\">{\"@context\":\"https:\/\/schema.org\",\"@graph\":[{\"@type\":\"Article\",\"@id\":\"http:\/\/xn--kruterwandern-cfb.at\/?p=1805#article\",\"isPartOf\":{\"@id\":\"http:\/\/xn--kruterwandern-cfb.at\/?p=1805\"},\"author\":{\"name\":\"gabi\",\"@id\":\"http:\/\/xn--kruterwandern-cfb.at\/#\/schema\/person\/149b5780cd8d441bdff00c83a20a8c72\"},\"headline\":\"Kr\u00e4uterwandern 25.\/26.M\u00e4rz 2022\",\"datePublished\":\"2022-03-27T11:49:02+00:00\",\"dateModified\":\"2022-03-27T11:49:06+00:00\",\"mainEntityOfPage\":{\"@id\":\"http:\/\/xn--kruterwandern-cfb.at\/?p=1805\"},\"wordCount\":260,\"publisher\":{\"@id\":\"http:\/\/xn--kruterwandern-cfb.at\/#\/schema\/person\/149b5780cd8d441bdff00c83a20a8c72\"},\"image\":{\"@id\":\"http:\/\/xn--kruterwandern-cfb.at\/?p=1805#primaryimage\"},\"thumbnailUrl\":\"http:\/\/xn--kruterwandern-cfb.at\/wp-content\/uploads\/2022\/03\/A-Foto-26.03.22-225x300.jpg\",\"keywords\":[\"Alkohol\",\"Gemmo\",\"Glycerin\",\"Haselwuzel\",\"Huflattich\",\"Knospen\",\"Weide\"],\"articleSection\":{\"1\":\"Rezepte\"},\"inLanguage\":\"de\"},{\"@type\":\"WebPage\",\"@id\":\"http:\/\/xn--kruterwandern-cfb.at\/?p=1805\",\"url\":\"http:\/\/xn--kruterwandern-cfb.at\/?p=1805\",\"name\":\"Kr\u00e4uterwandern 25.\/26.M\u00e4rz 2022 - Kr\u00e4uterwandern mit allen Sinnen\",\"isPartOf\":{\"@id\":\"http:\/\/xn--kruterwandern-cfb.at\/#website\"},\"primaryImageOfPage\":{\"@id\":\"http:\/\/xn--kruterwandern-cfb.at\/?p=1805#primaryimage\"},\"image\":{\"@id\":\"http:\/\/xn--kruterwandern-cfb.at\/?p=1805#primaryimage\"},\"thumbnailUrl\":\"http:\/\/xn--kruterwandern-cfb.at\/wp-content\/uploads\/2022\/03\/A-Foto-26.03.22-225x300.jpg\",\"datePublished\":\"2022-03-27T11:49:02+00:00\",\"dateModified\":\"2022-03-27T11:49:06+00:00\",\"breadcrumb\":{\"@id\":\"http:\/\/xn--kruterwandern-cfb.at\/?p=1805#breadcrumb\"},\"inLanguage\":\"de\",\"potentialAction\":[{\"@type\":\"ReadAction\",\"target\":[\"http:\/\/xn--kruterwandern-cfb.at\/?p=1805\"]}]},{\"@type\":\"ImageObject\",\"inLanguage\":\"de\",\"@id\":\"http:\/\/xn--kruterwandern-cfb.at\/?p=1805#primaryimage\",\"url\":\"http:\/\/xn--kruterwandern-cfb.at\/wp-content\/uploads\/2022\/03\/A-Foto-26.03.22-scaled.jpg\",\"contentUrl\":\"http:\/\/xn--kruterwandern-cfb.at\/wp-content\/uploads\/2022\/03\/A-Foto-26.03.22-scaled.jpg\",\"width\":1920,\"height\":2560},{\"@type\":\"BreadcrumbList\",\"@id\":\"http:\/\/xn--kruterwandern-cfb.at\/?p=1805#breadcrumb\",\"itemListElement\":[{\"@type\":\"ListItem\",\"position\":1,\"name\":\"Home\",\"item\":\"http:\/\/xn--kruterwandern-cfb.at\/\"},{\"@type\":\"ListItem\",\"position\":2,\"name\":\"Kr\u00e4uterwandern 25.\/26.M\u00e4rz 2022\"}]},{\"@type\":\"WebSite\",\"@id\":\"http:\/\/xn--kruterwandern-cfb.at\/#website\",\"url\":\"http:\/\/xn--kruterwandern-cfb.at\/\",\"name\":\"Kr\u00e4uterwandern mit allen Sinnen\",\"description\":\"Kr\u00e4uterwandern mit Kr\u00e4uterp\u00e4dagogin Gabriele Inzinger in \u00d6sterreich, K\u00e4rnten, Mittelk\u00e4rnten, Umgebung St. Veit an der Glan, Ulrichsberg, Projern\",\"publisher\":{\"@id\":\"http:\/\/xn--kruterwandern-cfb.at\/#\/schema\/person\/149b5780cd8d441bdff00c83a20a8c72\"},\"potentialAction\":[{\"@type\":\"SearchAction\",\"target\":{\"@type\":\"EntryPoint\",\"urlTemplate\":\"http:\/\/xn--kruterwandern-cfb.at\/?s={search_term_string}\"},\"query-input\":{\"@type\":\"PropertyValueSpecification\",\"valueRequired\":true,\"valueName\":\"search_term_string\"}}],\"inLanguage\":\"de\"},{\"@type\":[\"Person\",\"Organization\"],\"@id\":\"http:\/\/xn--kruterwandern-cfb.at\/#\/schema\/person\/149b5780cd8d441bdff00c83a20a8c72\",\"name\":\"gabi\",\"image\":{\"@type\":\"ImageObject\",\"inLanguage\":\"de\",\"@id\":\"http:\/\/xn--kruterwandern-cfb.at\/#\/schema\/person\/image\/\",\"url\":\"https:\/\/secure.gravatar.com\/avatar\/be551bd92966b6ea4e7cef2860bff65165267639bb7040b011e243386b977e7b?s=96&d=mm&r=g\",\"contentUrl\":\"https:\/\/secure.gravatar.com\/avatar\/be551bd92966b6ea4e7cef2860bff65165267639bb7040b011e243386b977e7b?s=96&d=mm&r=g\",\"caption\":\"gabi\"},\"logo\":{\"@id\":\"http:\/\/xn--kruterwandern-cfb.at\/#\/schema\/person\/image\/\"},\"sameAs\":[\"http:\/\/kr\u00e4uterwandern.at\"]}]}<\/script>\n<!-- \/ Yoast SEO plugin. -->","yoast_head_json":{"title":"Kr\u00e4uterwandern 25.\/26.M\u00e4rz 2022 - Kr\u00e4uterwandern mit allen Sinnen","robots":{"index":"index","follow":"follow","max-snippet":"max-snippet:-1","max-image-preview":"max-image-preview:large","max-video-preview":"max-video-preview:-1"},"canonical":"http:\/\/xn--kruterwandern-cfb.at\/?p=1805","og_locale":"de_DE","og_type":"article","og_title":"Kr\u00e4uterwandern 25.\/26.M\u00e4rz 2022 - Kr\u00e4uterwandern mit allen Sinnen","og_description":"&#8222;Was uns jetzt gut tut&#8220; Rezept Haselwuzelmehl-Kekse: 11 dag Butter werden mit 14 dag Gelbzucker und 2 ganzen Eiern schaumig ger\u00fchrt. 12 dag Dinkelmehl, 7 dag Buchweizenmehl, 2 dag Haselwuzelmehl, 1 TL Weinsteinpulver, 10 dag gehackte N\u00fcsse und 10 dag gehackte Schokolade untermischen. Kurz anziehen lassen. Mit feuchten H\u00e4nden Walnussgro\u00dfe&nbsp; Read more &raquo;","og_url":"http:\/\/xn--kruterwandern-cfb.at\/?p=1805","og_site_name":"Kr\u00e4uterwandern mit allen Sinnen","article_published_time":"2022-03-27T11:49:02+00:00","article_modified_time":"2022-03-27T11:49:06+00:00","og_image":[{"url":"http:\/\/xn--kruterwandern-cfb.at\/wp-content\/uploads\/2022\/03\/A-Foto-26.03.22-225x300.jpg","type":"","width":"","height":""}],"author":"gabi","twitter_misc":{"Verfasst von":"gabi","Gesch\u00e4tzte Lesezeit":"1\u00a0Minute"},"schema":{"@context":"https:\/\/schema.org","@graph":[{"@type":"Article","@id":"http:\/\/xn--kruterwandern-cfb.at\/?p=1805#article","isPartOf":{"@id":"http:\/\/xn--kruterwandern-cfb.at\/?p=1805"},"author":{"name":"gabi","@id":"http:\/\/xn--kruterwandern-cfb.at\/#\/schema\/person\/149b5780cd8d441bdff00c83a20a8c72"},"headline":"Kr\u00e4uterwandern 25.\/26.M\u00e4rz 2022","datePublished":"2022-03-27T11:49:02+00:00","dateModified":"2022-03-27T11:49:06+00:00","mainEntityOfPage":{"@id":"http:\/\/xn--kruterwandern-cfb.at\/?p=1805"},"wordCount":260,"publisher":{"@id":"http:\/\/xn--kruterwandern-cfb.at\/#\/schema\/person\/149b5780cd8d441bdff00c83a20a8c72"},"image":{"@id":"http:\/\/xn--kruterwandern-cfb.at\/?p=1805#primaryimage"},"thumbnailUrl":"http:\/\/xn--kruterwandern-cfb.at\/wp-content\/uploads\/2022\/03\/A-Foto-26.03.22-225x300.jpg","keywords":["Alkohol","Gemmo","Glycerin","Haselwuzel","Huflattich","Knospen","Weide"],"articleSection":{"1":"Rezepte"},"inLanguage":"de"},{"@type":"WebPage","@id":"http:\/\/xn--kruterwandern-cfb.at\/?p=1805","url":"http:\/\/xn--kruterwandern-cfb.at\/?p=1805","name":"Kr\u00e4uterwandern 25.\/26.M\u00e4rz 2022 - Kr\u00e4uterwandern mit allen Sinnen","isPartOf":{"@id":"http:\/\/xn--kruterwandern-cfb.at\/#website"},"primaryImageOfPage":{"@id":"http:\/\/xn--kruterwandern-cfb.at\/?p=1805#primaryimage"},"image":{"@id":"http:\/\/xn--kruterwandern-cfb.at\/?p=1805#primaryimage"},"thumbnailUrl":"http:\/\/xn--kruterwandern-cfb.at\/wp-content\/uploads\/2022\/03\/A-Foto-26.03.22-225x300.jpg","datePublished":"2022-03-27T11:49:02+00:00","dateModified":"2022-03-27T11:49:06+00:00","breadcrumb":{"@id":"http:\/\/xn--kruterwandern-cfb.at\/?p=1805#breadcrumb"},"inLanguage":"de","potentialAction":[{"@type":"ReadAction","target":["http:\/\/xn--kruterwandern-cfb.at\/?p=1805"]}]},{"@type":"ImageObject","inLanguage":"de","@id":"http:\/\/xn--kruterwandern-cfb.at\/?p=1805#primaryimage","url":"http:\/\/xn--kruterwandern-cfb.at\/wp-content\/uploads\/2022\/03\/A-Foto-26.03.22-scaled.jpg","contentUrl":"http:\/\/xn--kruterwandern-cfb.at\/wp-content\/uploads\/2022\/03\/A-Foto-26.03.22-scaled.jpg","width":1920,"height":2560},{"@type":"BreadcrumbList","@id":"http:\/\/xn--kruterwandern-cfb.at\/?p=1805#breadcrumb","itemListElement":[{"@type":"ListItem","position":1,"name":"Home","item":"http:\/\/xn--kruterwandern-cfb.at\/"},{"@type":"ListItem","position":2,"name":"Kr\u00e4uterwandern 25.\/26.M\u00e4rz 2022"}]},{"@type":"WebSite","@id":"http:\/\/xn--kruterwandern-cfb.at\/#website","url":"http:\/\/xn--kruterwandern-cfb.at\/","name":"Kr\u00e4uterwandern mit allen Sinnen","description":"Kr\u00e4uterwandern mit Kr\u00e4uterp\u00e4dagogin Gabriele Inzinger in \u00d6sterreich, K\u00e4rnten, Mittelk\u00e4rnten, Umgebung St. Veit an der Glan, Ulrichsberg, Projern","publisher":{"@id":"http:\/\/xn--kruterwandern-cfb.at\/#\/schema\/person\/149b5780cd8d441bdff00c83a20a8c72"},"potentialAction":[{"@type":"SearchAction","target":{"@type":"EntryPoint","urlTemplate":"http:\/\/xn--kruterwandern-cfb.at\/?s={search_term_string}"},"query-input":{"@type":"PropertyValueSpecification","valueRequired":true,"valueName":"search_term_string"}}],"inLanguage":"de"},{"@type":["Person","Organization"],"@id":"http:\/\/xn--kruterwandern-cfb.at\/#\/schema\/person\/149b5780cd8d441bdff00c83a20a8c72","name":"gabi","image":{"@type":"ImageObject","inLanguage":"de","@id":"http:\/\/xn--kruterwandern-cfb.at\/#\/schema\/person\/image\/","url":"https:\/\/secure.gravatar.com\/avatar\/be551bd92966b6ea4e7cef2860bff65165267639bb7040b011e243386b977e7b?s=96&d=mm&r=g","contentUrl":"https:\/\/secure.gravatar.com\/avatar\/be551bd92966b6ea4e7cef2860bff65165267639bb7040b011e243386b977e7b?s=96&d=mm&r=g","caption":"gabi"},"logo":{"@id":"http:\/\/xn--kruterwandern-cfb.at\/#\/schema\/person\/image\/"},"sameAs":["http:\/\/kr\u00e4uterwandern.at"]}]}},"_links":{"self":[{"href":"http:\/\/xn--kruterwandern-cfb.at\/index.php?rest_route=\/wp\/v2\/posts\/1805","targetHints":{"allow":["GET"]}}],"collection":[{"href":"http:\/\/xn--kruterwandern-cfb.at\/index.php?rest_route=\/wp\/v2\/posts"}],"about":[{"href":"http:\/\/xn--kruterwandern-cfb.at\/index.php?rest_route=\/wp\/v2\/types\/post"}],"author":[{"embeddable":true,"href":"http:\/\/xn--kruterwandern-cfb.at\/index.php?rest_route=\/wp\/v2\/users\/1"}],"replies":[{"embeddable":true,"href":"http:\/\/xn--kruterwandern-cfb.at\/index.php?rest_route=%2Fwp%2Fv2%2Fcomments&post=1805"}],"version-history":[{"count":7,"href":"http:\/\/xn--kruterwandern-cfb.at\/index.php?rest_route=\/wp\/v2\/posts\/1805\/revisions"}],"predecessor-version":[{"id":1834,"href":"http:\/\/xn--kruterwandern-cfb.at\/index.php?rest_route=\/wp\/v2\/posts\/1805\/revisions\/1834"}],"wp:attachment":[{"href":"http:\/\/xn--kruterwandern-cfb.at\/index.php?rest_route=%2Fwp%2Fv2%2Fmedia&parent=1805"}],"wp:term":[{"taxonomy":"category","embeddable":true,"href":"http:\/\/xn--kruterwandern-cfb.at\/index.php?rest_route=%2Fwp%2Fv2%2Fcategories&post=1805"},{"taxonomy":"post_tag","embeddable":true,"href":"http:\/\/xn--kruterwandern-cfb.at\/index.php?rest_route=%2Fwp%2Fv2%2Ftags&post=1805"}],"curies":[{"name":"wp","href":"https:\/\/api.w.org\/{rel}","templated":true}]}}