{"id":1781,"date":"2025-12-12T10:00:02","date_gmt":"2025-12-12T10:00:02","guid":{"rendered":"http:\/\/xn--kruterwandern-cfb.at\/?p=1781"},"modified":"2025-12-24T11:59:14","modified_gmt":"2025-12-24T11:59:14","slug":"weihnachtswuensche-2025","status":"publish","type":"post","link":"http:\/\/xn--kruterwandern-cfb.at\/?p=1781","title":{"rendered":"Weihnachtsw\u00fcnsche 2025"},"content":{"rendered":"<p><strong>Liebe Kr\u00e4uterfreunde,<\/strong><\/p>\n<p>f\u00fcr die bevorstehenden Feiertage w\u00fcnsche ich euch und euren Lieben ein frohes, besinnliches Weihnachtsfest, erholsame Tage voller Ruhe und Kraft sowie Gesundheit, Freude und Zuversicht f\u00fcr das Jahr 2026. Freue mich auf sch\u00f6ne Stunden im n\u00e4chsten Jahr mit euch beim &#8222;Kr\u00e4utern&#8220;<\/p>\n<p style=\"text-align: center;\"><a href=\"http:\/\/xn--kruterwandern-cfb.at\/wp-content\/uploads\/2021\/12\/IMG_4701-scaled.jpg\"><img loading=\"lazy\" decoding=\"async\" class=\"aligncenter size-medium wp-image-1782\" src=\"http:\/\/xn--kruterwandern-cfb.at\/wp-content\/uploads\/2021\/12\/IMG_4701-300x200.jpg\" alt=\"\" width=\"300\" height=\"200\" srcset=\"http:\/\/xn--kruterwandern-cfb.at\/wp-content\/uploads\/2021\/12\/IMG_4701-300x200.jpg 300w, http:\/\/xn--kruterwandern-cfb.at\/wp-content\/uploads\/2021\/12\/IMG_4701-1024x681.jpg 1024w, http:\/\/xn--kruterwandern-cfb.at\/wp-content\/uploads\/2021\/12\/IMG_4701-768x511.jpg 768w, http:\/\/xn--kruterwandern-cfb.at\/wp-content\/uploads\/2021\/12\/IMG_4701-1536x1022.jpg 1536w, http:\/\/xn--kruterwandern-cfb.at\/wp-content\/uploads\/2021\/12\/IMG_4701-2048x1362.jpg 2048w, http:\/\/xn--kruterwandern-cfb.at\/wp-content\/uploads\/2021\/12\/IMG_4701-150x100.jpg 150w\" sizes=\"auto, (max-width: 300px) 100vw, 300px\" \/><\/a><\/p>\n<p><a href=\"http:\/\/xn--kruterwandern-cfb.at\/wp-content\/uploads\/2025\/12\/10c51d37-e30c-40ac-b810-d42509731285.jpg\"><img loading=\"lazy\" decoding=\"async\" class=\"aligncenter size-medium wp-image-3225\" src=\"http:\/\/xn--kruterwandern-cfb.at\/wp-content\/uploads\/2025\/12\/10c51d37-e30c-40ac-b810-d42509731285-182x300.jpg\" alt=\"\" width=\"182\" height=\"300\" srcset=\"http:\/\/xn--kruterwandern-cfb.at\/wp-content\/uploads\/2025\/12\/10c51d37-e30c-40ac-b810-d42509731285-182x300.jpg 182w, http:\/\/xn--kruterwandern-cfb.at\/wp-content\/uploads\/2025\/12\/10c51d37-e30c-40ac-b810-d42509731285-622x1024.jpg 622w, http:\/\/xn--kruterwandern-cfb.at\/wp-content\/uploads\/2025\/12\/10c51d37-e30c-40ac-b810-d42509731285-768x1263.jpg 768w, http:\/\/xn--kruterwandern-cfb.at\/wp-content\/uploads\/2025\/12\/10c51d37-e30c-40ac-b810-d42509731285-934x1536.jpg 934w, http:\/\/xn--kruterwandern-cfb.at\/wp-content\/uploads\/2025\/12\/10c51d37-e30c-40ac-b810-d42509731285.jpg 1240w\" sizes=\"auto, (max-width: 182px) 100vw, 182px\" \/><\/a><\/p>\n<p>&nbsp;<\/p>\n<p>In lieber Verbundenheit Gabriele<\/p>\n<p>&nbsp;<\/p>\n","protected":false},"excerpt":{"rendered":"<p>Liebe Kr\u00e4uterfreunde, f\u00fcr die bevorstehenden Feiertage w\u00fcnsche ich euch und euren Lieben ein frohes, besinnliches Weihnachtsfest, erholsame Tage voller Ruhe und Kraft sowie Gesundheit, Freude und Zuversicht f\u00fcr das Jahr 2026. Freue mich auf sch\u00f6ne Stunden im n\u00e4chsten Jahr mit euch beim &#8222;Kr\u00e4utern&#8220; &nbsp; In lieber Verbundenheit Gabriele &nbsp;<\/p>\n","protected":false},"author":1,"featured_media":0,"comment_status":"closed","ping_status":"closed","sticky":false,"template":"","format":"standard","meta":{"footnotes":""},"categories":[1],"tags":[341,365,370,369,368,367,8,36,15,307,366],"class_list":["post-1781","post","type-post","status-publish","format-standard","hentry","category-allgemein","tag-341","tag-365","tag-bereichernd","tag-herausfordernd","tag-kraeuterfreunde","tag-kraeutern","tag-krauterwandern","tag-krauterwanderung","tag-projern","tag-weihnachtswuensche","tag-weinnachtswuensche"],"yoast_head":"<!-- This site is optimized with the Yoast SEO plugin v24.9 - https:\/\/yoast.com\/wordpress\/plugins\/seo\/ -->\n<title>Weihnachtsw\u00fcnsche 2025 - Kr\u00e4uterwandern mit allen Sinnen<\/title>\n<meta name=\"description\" content=\"Kr\u00e4uterwandern 2025, Projern\" \/>\n<meta name=\"robots\" content=\"index, follow, max-snippet:-1, max-image-preview:large, max-video-preview:-1\" \/>\n<link rel=\"canonical\" href=\"http:\/\/xn--kruterwandern-cfb.at\/?p=1781\" \/>\n<meta property=\"og:locale\" content=\"de_DE\" \/>\n<meta property=\"og:type\" content=\"article\" \/>\n<meta property=\"og:title\" content=\"Weihnachtsw\u00fcnsche 2025 - Kr\u00e4uterwandern mit allen Sinnen\" \/>\n<meta property=\"og:description\" content=\"Kr\u00e4uterwandern 2025, Projern\" \/>\n<meta property=\"og:url\" content=\"http:\/\/xn--kruterwandern-cfb.at\/?p=1781\" \/>\n<meta property=\"og:site_name\" content=\"Kr\u00e4uterwandern mit allen Sinnen\" \/>\n<meta property=\"article:published_time\" content=\"2025-12-12T10:00:02+00:00\" \/>\n<meta property=\"article:modified_time\" content=\"2025-12-24T11:59:14+00:00\" \/>\n<meta property=\"og:image\" content=\"http:\/\/xn--kruterwandern-cfb.at\/wp-content\/uploads\/2021\/12\/IMG_4701-300x200.jpg\" \/>\n<meta name=\"author\" content=\"gabi\" \/>\n<meta name=\"twitter:label1\" content=\"Verfasst von\" \/>\n\t<meta name=\"twitter:data1\" content=\"gabi\" \/>\n\t<meta name=\"twitter:label2\" content=\"Gesch\u00e4tzte Lesezeit\" \/>\n\t<meta name=\"twitter:data2\" content=\"1\u00a0Minute\" \/>\n<script type=\"application\/ld+json\" class=\"yoast-schema-graph\">{\"@context\":\"https:\/\/schema.org\",\"@graph\":[{\"@type\":\"Article\",\"@id\":\"http:\/\/xn--kruterwandern-cfb.at\/?p=1781#article\",\"isPartOf\":{\"@id\":\"http:\/\/xn--kruterwandern-cfb.at\/?p=1781\"},\"author\":{\"name\":\"gabi\",\"@id\":\"http:\/\/xn--kruterwandern-cfb.at\/#\/schema\/person\/149b5780cd8d441bdff00c83a20a8c72\"},\"headline\":\"Weihnachtsw\u00fcnsche 2025\",\"datePublished\":\"2025-12-12T10:00:02+00:00\",\"dateModified\":\"2025-12-24T11:59:14+00:00\",\"mainEntityOfPage\":{\"@id\":\"http:\/\/xn--kruterwandern-cfb.at\/?p=1781\"},\"wordCount\":57,\"publisher\":{\"@id\":\"http:\/\/xn--kruterwandern-cfb.at\/#\/schema\/person\/149b5780cd8d441bdff00c83a20a8c72\"},\"image\":{\"@id\":\"http:\/\/xn--kruterwandern-cfb.at\/?p=1781#primaryimage\"},\"thumbnailUrl\":\"http:\/\/xn--kruterwandern-cfb.at\/wp-content\/uploads\/2021\/12\/IMG_4701-300x200.jpg\",\"keywords\":[\"2024\",\"2025\",\"bereichernd\",\"herausfordernd\",\"Kr\u00e4uterfreunde\",\"Kr\u00e4utern\",\"kr\u00e4uterwandern\",\"Kr\u00e4uterwanderung\",\"projern\",\"Weihnachtsw\u00fcnsche\",\"Weinnachtsw\u00fcnsche\"],\"inLanguage\":\"de\"},{\"@type\":\"WebPage\",\"@id\":\"http:\/\/xn--kruterwandern-cfb.at\/?p=1781\",\"url\":\"http:\/\/xn--kruterwandern-cfb.at\/?p=1781\",\"name\":\"Weihnachtsw\u00fcnsche 2025 - Kr\u00e4uterwandern mit allen Sinnen\",\"isPartOf\":{\"@id\":\"http:\/\/xn--kruterwandern-cfb.at\/#website\"},\"primaryImageOfPage\":{\"@id\":\"http:\/\/xn--kruterwandern-cfb.at\/?p=1781#primaryimage\"},\"image\":{\"@id\":\"http:\/\/xn--kruterwandern-cfb.at\/?p=1781#primaryimage\"},\"thumbnailUrl\":\"http:\/\/xn--kruterwandern-cfb.at\/wp-content\/uploads\/2021\/12\/IMG_4701-300x200.jpg\",\"datePublished\":\"2025-12-12T10:00:02+00:00\",\"dateModified\":\"2025-12-24T11:59:14+00:00\",\"description\":\"Kr\u00e4uterwandern 2025, Projern\",\"breadcrumb\":{\"@id\":\"http:\/\/xn--kruterwandern-cfb.at\/?p=1781#breadcrumb\"},\"inLanguage\":\"de\",\"potentialAction\":[{\"@type\":\"ReadAction\",\"target\":[\"http:\/\/xn--kruterwandern-cfb.at\/?p=1781\"]}]},{\"@type\":\"ImageObject\",\"inLanguage\":\"de\",\"@id\":\"http:\/\/xn--kruterwandern-cfb.at\/?p=1781#primaryimage\",\"url\":\"http:\/\/xn--kruterwandern-cfb.at\/wp-content\/uploads\/2021\/12\/IMG_4701-scaled.jpg\",\"contentUrl\":\"http:\/\/xn--kruterwandern-cfb.at\/wp-content\/uploads\/2021\/12\/IMG_4701-scaled.jpg\",\"width\":2560,\"height\":1703},{\"@type\":\"BreadcrumbList\",\"@id\":\"http:\/\/xn--kruterwandern-cfb.at\/?p=1781#breadcrumb\",\"itemListElement\":[{\"@type\":\"ListItem\",\"position\":1,\"name\":\"Home\",\"item\":\"http:\/\/xn--kruterwandern-cfb.at\/\"},{\"@type\":\"ListItem\",\"position\":2,\"name\":\"Weihnachtsw\u00fcnsche 2025\"}]},{\"@type\":\"WebSite\",\"@id\":\"http:\/\/xn--kruterwandern-cfb.at\/#website\",\"url\":\"http:\/\/xn--kruterwandern-cfb.at\/\",\"name\":\"Kr\u00e4uterwandern mit allen Sinnen\",\"description\":\"Kr\u00e4uterwandern mit Kr\u00e4uterp\u00e4dagogin Gabriele Inzinger in \u00d6sterreich, K\u00e4rnten, Mittelk\u00e4rnten, Umgebung St. Veit an der Glan, Ulrichsberg, Projern\",\"publisher\":{\"@id\":\"http:\/\/xn--kruterwandern-cfb.at\/#\/schema\/person\/149b5780cd8d441bdff00c83a20a8c72\"},\"potentialAction\":[{\"@type\":\"SearchAction\",\"target\":{\"@type\":\"EntryPoint\",\"urlTemplate\":\"http:\/\/xn--kruterwandern-cfb.at\/?s={search_term_string}\"},\"query-input\":{\"@type\":\"PropertyValueSpecification\",\"valueRequired\":true,\"valueName\":\"search_term_string\"}}],\"inLanguage\":\"de\"},{\"@type\":[\"Person\",\"Organization\"],\"@id\":\"http:\/\/xn--kruterwandern-cfb.at\/#\/schema\/person\/149b5780cd8d441bdff00c83a20a8c72\",\"name\":\"gabi\",\"image\":{\"@type\":\"ImageObject\",\"inLanguage\":\"de\",\"@id\":\"http:\/\/xn--kruterwandern-cfb.at\/#\/schema\/person\/image\/\",\"url\":\"https:\/\/secure.gravatar.com\/avatar\/be551bd92966b6ea4e7cef2860bff65165267639bb7040b011e243386b977e7b?s=96&d=mm&r=g\",\"contentUrl\":\"https:\/\/secure.gravatar.com\/avatar\/be551bd92966b6ea4e7cef2860bff65165267639bb7040b011e243386b977e7b?s=96&d=mm&r=g\",\"caption\":\"gabi\"},\"logo\":{\"@id\":\"http:\/\/xn--kruterwandern-cfb.at\/#\/schema\/person\/image\/\"},\"sameAs\":[\"http:\/\/kr\u00e4uterwandern.at\"]}]}<\/script>\n<!-- \/ Yoast SEO plugin. -->","yoast_head_json":{"title":"Weihnachtsw\u00fcnsche 2025 - Kr\u00e4uterwandern mit allen Sinnen","description":"Kr\u00e4uterwandern 2025, Projern","robots":{"index":"index","follow":"follow","max-snippet":"max-snippet:-1","max-image-preview":"max-image-preview:large","max-video-preview":"max-video-preview:-1"},"canonical":"http:\/\/xn--kruterwandern-cfb.at\/?p=1781","og_locale":"de_DE","og_type":"article","og_title":"Weihnachtsw\u00fcnsche 2025 - Kr\u00e4uterwandern mit allen Sinnen","og_description":"Kr\u00e4uterwandern 2025, Projern","og_url":"http:\/\/xn--kruterwandern-cfb.at\/?p=1781","og_site_name":"Kr\u00e4uterwandern mit allen Sinnen","article_published_time":"2025-12-12T10:00:02+00:00","article_modified_time":"2025-12-24T11:59:14+00:00","og_image":[{"url":"http:\/\/xn--kruterwandern-cfb.at\/wp-content\/uploads\/2021\/12\/IMG_4701-300x200.jpg","type":"","width":"","height":""}],"author":"gabi","twitter_misc":{"Verfasst von":"gabi","Gesch\u00e4tzte Lesezeit":"1\u00a0Minute"},"schema":{"@context":"https:\/\/schema.org","@graph":[{"@type":"Article","@id":"http:\/\/xn--kruterwandern-cfb.at\/?p=1781#article","isPartOf":{"@id":"http:\/\/xn--kruterwandern-cfb.at\/?p=1781"},"author":{"name":"gabi","@id":"http:\/\/xn--kruterwandern-cfb.at\/#\/schema\/person\/149b5780cd8d441bdff00c83a20a8c72"},"headline":"Weihnachtsw\u00fcnsche 2025","datePublished":"2025-12-12T10:00:02+00:00","dateModified":"2025-12-24T11:59:14+00:00","mainEntityOfPage":{"@id":"http:\/\/xn--kruterwandern-cfb.at\/?p=1781"},"wordCount":57,"publisher":{"@id":"http:\/\/xn--kruterwandern-cfb.at\/#\/schema\/person\/149b5780cd8d441bdff00c83a20a8c72"},"image":{"@id":"http:\/\/xn--kruterwandern-cfb.at\/?p=1781#primaryimage"},"thumbnailUrl":"http:\/\/xn--kruterwandern-cfb.at\/wp-content\/uploads\/2021\/12\/IMG_4701-300x200.jpg","keywords":["2024","2025","bereichernd","herausfordernd","Kr\u00e4uterfreunde","Kr\u00e4utern","kr\u00e4uterwandern","Kr\u00e4uterwanderung","projern","Weihnachtsw\u00fcnsche","Weinnachtsw\u00fcnsche"],"inLanguage":"de"},{"@type":"WebPage","@id":"http:\/\/xn--kruterwandern-cfb.at\/?p=1781","url":"http:\/\/xn--kruterwandern-cfb.at\/?p=1781","name":"Weihnachtsw\u00fcnsche 2025 - Kr\u00e4uterwandern mit allen Sinnen","isPartOf":{"@id":"http:\/\/xn--kruterwandern-cfb.at\/#website"},"primaryImageOfPage":{"@id":"http:\/\/xn--kruterwandern-cfb.at\/?p=1781#primaryimage"},"image":{"@id":"http:\/\/xn--kruterwandern-cfb.at\/?p=1781#primaryimage"},"thumbnailUrl":"http:\/\/xn--kruterwandern-cfb.at\/wp-content\/uploads\/2021\/12\/IMG_4701-300x200.jpg","datePublished":"2025-12-12T10:00:02+00:00","dateModified":"2025-12-24T11:59:14+00:00","description":"Kr\u00e4uterwandern 2025, Projern","breadcrumb":{"@id":"http:\/\/xn--kruterwandern-cfb.at\/?p=1781#breadcrumb"},"inLanguage":"de","potentialAction":[{"@type":"ReadAction","target":["http:\/\/xn--kruterwandern-cfb.at\/?p=1781"]}]},{"@type":"ImageObject","inLanguage":"de","@id":"http:\/\/xn--kruterwandern-cfb.at\/?p=1781#primaryimage","url":"http:\/\/xn--kruterwandern-cfb.at\/wp-content\/uploads\/2021\/12\/IMG_4701-scaled.jpg","contentUrl":"http:\/\/xn--kruterwandern-cfb.at\/wp-content\/uploads\/2021\/12\/IMG_4701-scaled.jpg","width":2560,"height":1703},{"@type":"BreadcrumbList","@id":"http:\/\/xn--kruterwandern-cfb.at\/?p=1781#breadcrumb","itemListElement":[{"@type":"ListItem","position":1,"name":"Home","item":"http:\/\/xn--kruterwandern-cfb.at\/"},{"@type":"ListItem","position":2,"name":"Weihnachtsw\u00fcnsche 2025"}]},{"@type":"WebSite","@id":"http:\/\/xn--kruterwandern-cfb.at\/#website","url":"http:\/\/xn--kruterwandern-cfb.at\/","name":"Kr\u00e4uterwandern mit allen Sinnen","description":"Kr\u00e4uterwandern mit Kr\u00e4uterp\u00e4dagogin Gabriele Inzinger in \u00d6sterreich, K\u00e4rnten, Mittelk\u00e4rnten, Umgebung St. Veit an der Glan, Ulrichsberg, Projern","publisher":{"@id":"http:\/\/xn--kruterwandern-cfb.at\/#\/schema\/person\/149b5780cd8d441bdff00c83a20a8c72"},"potentialAction":[{"@type":"SearchAction","target":{"@type":"EntryPoint","urlTemplate":"http:\/\/xn--kruterwandern-cfb.at\/?s={search_term_string}"},"query-input":{"@type":"PropertyValueSpecification","valueRequired":true,"valueName":"search_term_string"}}],"inLanguage":"de"},{"@type":["Person","Organization"],"@id":"http:\/\/xn--kruterwandern-cfb.at\/#\/schema\/person\/149b5780cd8d441bdff00c83a20a8c72","name":"gabi","image":{"@type":"ImageObject","inLanguage":"de","@id":"http:\/\/xn--kruterwandern-cfb.at\/#\/schema\/person\/image\/","url":"https:\/\/secure.gravatar.com\/avatar\/be551bd92966b6ea4e7cef2860bff65165267639bb7040b011e243386b977e7b?s=96&d=mm&r=g","contentUrl":"https:\/\/secure.gravatar.com\/avatar\/be551bd92966b6ea4e7cef2860bff65165267639bb7040b011e243386b977e7b?s=96&d=mm&r=g","caption":"gabi"},"logo":{"@id":"http:\/\/xn--kruterwandern-cfb.at\/#\/schema\/person\/image\/"},"sameAs":["http:\/\/kr\u00e4uterwandern.at"]}]}},"_links":{"self":[{"href":"http:\/\/xn--kruterwandern-cfb.at\/index.php?rest_route=\/wp\/v2\/posts\/1781","targetHints":{"allow":["GET"]}}],"collection":[{"href":"http:\/\/xn--kruterwandern-cfb.at\/index.php?rest_route=\/wp\/v2\/posts"}],"about":[{"href":"http:\/\/xn--kruterwandern-cfb.at\/index.php?rest_route=\/wp\/v2\/types\/post"}],"author":[{"embeddable":true,"href":"http:\/\/xn--kruterwandern-cfb.at\/index.php?rest_route=\/wp\/v2\/users\/1"}],"replies":[{"embeddable":true,"href":"http:\/\/xn--kruterwandern-cfb.at\/index.php?rest_route=%2Fwp%2Fv2%2Fcomments&post=1781"}],"version-history":[{"count":11,"href":"http:\/\/xn--kruterwandern-cfb.at\/index.php?rest_route=\/wp\/v2\/posts\/1781\/revisions"}],"predecessor-version":[{"id":3228,"href":"http:\/\/xn--kruterwandern-cfb.at\/index.php?rest_route=\/wp\/v2\/posts\/1781\/revisions\/3228"}],"wp:attachment":[{"href":"http:\/\/xn--kruterwandern-cfb.at\/index.php?rest_route=%2Fwp%2Fv2%2Fmedia&parent=1781"}],"wp:term":[{"taxonomy":"category","embeddable":true,"href":"http:\/\/xn--kruterwandern-cfb.at\/index.php?rest_route=%2Fwp%2Fv2%2Fcategories&post=1781"},{"taxonomy":"post_tag","embeddable":true,"href":"http:\/\/xn--kruterwandern-cfb.at\/index.php?rest_route=%2Fwp%2Fv2%2Ftags&post=1781"}],"curies":[{"name":"wp","href":"https:\/\/api.w.org\/{rel}","templated":true}]}}